{"id":28489,"date":"2024-04-17T12:14:20","date_gmt":"2024-04-17T10:14:20","guid":{"rendered":"http:\/\/www.psib-psoe.org\/mallorca\/?p=28489"},"modified":"2024-10-14T11:40:34","modified_gmt":"2024-10-14T09:40:34","slug":"prohens-abraca-el-franquisme-de-vox-i-evita-sancionar-lapologia-del-cop-destat-de-1936","status":"publish","type":"post","link":"https:\/\/www.psib-psoe.org\/mallorca\/prohens-abraca-el-franquisme-de-vox-i-evita-sancionar-lapologia-del-cop-destat-de-1936\/","title":{"rendered":"Prohens abra\u00e7a el franquisme de VOX i evita sancionar l&#8217;apologia del cop d&#8217;Estat de 1936"},"content":{"rendered":"<div class=\"wpb-content-wrapper\">[vc_row][vc_column][vc_single_image image=&#8221;28136&#8243; img_size=&#8221;full&#8221; alignment=&#8221;center&#8221;][\/vc_column][\/vc_row][vc_row][vc_column][vc_column_text]<em><u>Segons les informacions period\u00edstiques, el Govern exonera el portaveu de VOX al Consell, David Gil, de la comissi\u00f3 de qualsevol falta o delicte per haver fet apologia del franquisme durant una de les seves intervencions al ple del Consell de Mallorca. La conselleria de Presid\u00e8ncia del Govern de Prohens desestima les demandes presentades pel Grup Socialista al Consell i per l&#8217;Associaci\u00f3 Mem\u00f2ria de Mallorca<\/u><\/em>[\/vc_column_text][\/vc_column][\/vc_row][vc_row][vc_column][vc_column_text]La deriva neofranquista de Prohens i Galm\u00e9s es fa m\u00e9s evident que mai, despr\u00e9s que s&#8217;hagi sabut, a trav\u00e9s de les informacions publicades, que el Govern ha decidit arxivar les den\u00fancies presentades pel PSIB i Mem\u00f2ria de Mallorca contra el portaveu de VOX al Consell, David Gil, per apologia del cop d&#8217;Estat franquista del 1936, i contra el president del Consell, per haver-ho perm\u00e8s en el decurs d&#8217;un ple de la instituci\u00f3 del passat mes de febrer.<\/p>\n<p>L&#8217;arxiu de la causa es produeix pocs dies despr\u00e9s que la mateixa majoria d&#8217;ultradreta PPVOX hagi iniciat els tr\u00e0mits per derogar la Llei de Mem\u00f2ria Democr\u00e0tica de les Illes Balears, aprovada per consens l&#8217;any 2018, i que precisament era la que facultava al Govern a actuar davant de den\u00fancies per casos d&#8217;enaltiment del franquisme. Gil, va defensar la legitimitat de la &#8220;Cruzada de Liberaci\u00f3n Nacional&#8221; durant una intervenci\u00f3 al ple, davant l&#8217;estupor dels presents i la permissivitat del president del Consell, responsable de la direcci\u00f3 del debat.<\/p>\n<p>Sempre segons fonts period\u00edstiques, el Govern arxiva la causa per que no considera prou lesives les afirmacions vessades en seu p\u00fablic, tot i que les lamenta. Evitar la persecuci\u00f3 de delictes d&#8217;odi i enaltiment de genocides suposa retornar a la cultura del c\u00e0stig i la humiliaci\u00f3, i retrocedir en el cam\u00ed de la recuperaci\u00f3 de la dignitat dels centenars de milers de persones que foren represaliades i assasinades en el decurs d&#8217;un cop d&#8217;Estat que ara VOX abandera amb la conniv\u00e8ncia del PP.<\/p>\n<p>Evitant l&#8217;aplicaci\u00f3 de les normes davant de successos com aquests, es demostra fins a quin punt el PP ha assimilat els postulats antidemocr\u00e0tics i obertament colpistes de VOX, afavorint actuacions contr\u00e0ries a la conviv\u00e8ncia, simplement per la conveni\u00e8ncia pol\u00edtica de Prohens, per salvaguardar el pacte PPVOX que sostenen Govern i Consell de Mallorca.<\/p>\n<p>El Grup Socialista al Consell deplora aquesta actitud del PP, que posa per davant l&#8217;inter\u00e8s personal de Prohens de mantenir-se al despatx de Consolat de Mar a qualsevol preu, per damunt de fer complir les normes que anteriorment la seva formaci\u00f3 va ser capa\u00e7 de pactar, com \u00e9s el cas de la Llei de Mem\u00f2ria Democr\u00e0tica.<\/p>\n<p>El comprom\u00eds dels Socialistes de Mallorca estar\u00e0 sempre amb la reparaci\u00f3, la dignitat i la just\u00edcia de les persones i les fam\u00edlies v\u00edctimes del franquisme, que altre cop tornen a ser re-victimitzades amb actituds del PP com aquesta, i reitera la voluntat de denunciar i perseguir qualsevol vulneraci\u00f3 fins a la \u00faltima inst\u00e0ncia per evitar que els responsables en quedin impunes.[\/vc_column_text][\/vc_column][\/vc_row]\n<\/div>","protected":false},"excerpt":{"rendered":"<p>[vc_row][vc_column][vc_single_image image=&#8221;28136&#8243; img_size=&#8221;full&#8221; alignment=&#8221;center&#8221;][\/vc_column][\/vc_row][vc_row][vc_column][vc_column_text]Segons les informacions period\u00edstiques, el Govern exonera el portaveu de VOX al Consell, David Gil, de la comissi\u00f3 de qualsevol falta o delicte per haver fet apologia del franquisme durant una de les seves intervencions al ple del Consell de Mallorca. La conselleria de Presid\u00e8ncia del Govern de Prohens desestima les demandes&hellip;<\/p>\n","protected":false},"author":6,"featured_media":28136,"comment_status":"closed","ping_status":"open","sticky":false,"template":"","format":"standard","meta":{"footnotes":""},"categories":[89,92],"tags":[84],"class_list":["post-28489","post","type-post","status-publish","format-standard","has-post-thumbnail","hentry","category-consell-de-mallorca","category-portada","tag-psib-psoe"],"_links":{"self":[{"href":"https:\/\/www.psib-psoe.org\/mallorca\/wp-json\/wp\/v2\/posts\/28489"}],"collection":[{"href":"https:\/\/www.psib-psoe.org\/mallorca\/wp-json\/wp\/v2\/posts"}],"about":[{"href":"https:\/\/www.psib-psoe.org\/mallorca\/wp-json\/wp\/v2\/types\/post"}],"author":[{"embeddable":true,"href":"https:\/\/www.psib-psoe.org\/mallorca\/wp-json\/wp\/v2\/users\/6"}],"replies":[{"embeddable":true,"href":"https:\/\/www.psib-psoe.org\/mallorca\/wp-json\/wp\/v2\/comments?post=28489"}],"version-history":[{"count":0,"href":"https:\/\/www.psib-psoe.org\/mallorca\/wp-json\/wp\/v2\/posts\/28489\/revisions"}],"wp:featuredmedia":[{"embeddable":true,"href":"https:\/\/www.psib-psoe.org\/mallorca\/wp-json\/wp\/v2\/media\/28136"}],"wp:attachment":[{"href":"https:\/\/www.psib-psoe.org\/mallorca\/wp-json\/wp\/v2\/media?parent=28489"}],"wp:term":[{"taxonomy":"category","embeddable":true,"href":"https:\/\/www.psib-psoe.org\/mallorca\/wp-json\/wp\/v2\/categories?post=28489"},{"taxonomy":"post_tag","embeddable":true,"href":"https:\/\/www.psib-psoe.org\/mallorca\/wp-json\/wp\/v2\/tags?post=28489"}],"curies":[{"name":"wp","href":"https:\/\/api.w.org\/{rel}","templated":true}]}}