{"id":28500,"date":"2024-04-18T14:27:20","date_gmt":"2024-04-18T12:27:20","guid":{"rendered":"http:\/\/www.psib-psoe.org\/mallorca\/?p=28500"},"modified":"2024-10-14T11:40:34","modified_gmt":"2024-10-14T09:40:34","slug":"els-socialistes-exigeixen-lobertura-immediata-al-public-de-la-torre-picada-de-soller","status":"publish","type":"post","link":"https:\/\/www.psib-psoe.org\/mallorca\/els-socialistes-exigeixen-lobertura-immediata-al-public-de-la-torre-picada-de-soller\/","title":{"rendered":"Els Socialistes exigeixen l&#8217;obertura immediata al p\u00fablic de la Torre Picada de S\u00f3ller"},"content":{"rendered":"<div class=\"wpb-content-wrapper\">[vc_row][vc_column][vc_single_image image=&#8221;28501&#8243; img_size=&#8221;full&#8221; alignment=&#8221;center&#8221;][\/vc_column][\/vc_row][vc_row][vc_column][vc_column_text]<em><u>Aquesta torre de guaita del Port de S\u00f3ller forma part del patrimoni p\u00fablic del Consell de Mallorca des de 2022, Ajuntament PP-Seny i Consell de Mallorca PPVOX no signen \u00a0el conveni de col\u00b7laboraci\u00f3 ni donen una data concreta d&#8217;obertura. La Torre Picada no es pot visitar i els Socialistes de S\u00f3ller temen que no sigui accessible per les pr\u00f2ximes festes de primavera i pel Fir\u00f3.<\/u><\/em>[\/vc_column_text][\/vc_column][\/vc_row][vc_row][vc_column][vc_column_text]En 10 mesos de legislatura l&#8217;equip de govern PPVOX del Consell, i el pacte PP-Seny a S\u00f3ller han estat incapa\u00e7os de trobar una f\u00f3rmula de col\u00b7laboraci\u00f3 per poder obrir la Torre Picada de S\u00f3ller als sollerics i a tots els ciutadans. Aix\u00ed ho han denunciat aquet mat\u00ed la portaveu socialista al Consell, Catalina Cladera i el portaveu del PSIB i regidor de S\u00f3ller, Jaume Mateu. La situaci\u00f3 \u00e9s de par\u00e0lisi per que les que dues institucions implicades no han estat capaces d&#8217;arribar a un acord de col\u00b7laboraci\u00f3 per repartir-se les feines derivades de l&#8217;obertura al p\u00fablic d&#8217;aquest important monument patrimonial i simb\u00f2lic del Port de S\u00f3ller.<\/p>\n<p>&#8220;No pot ser que un any i mig despr\u00e9s de que el Consell compr\u00e9s la Torre Picada encara estigui tancada, sense \u00fas p\u00fablic ni pla de manteniment&#8221;, s&#8217;ha queixat Cladera, que ha responsabilitat directament el departament de Cultura i al president de Consell de que l&#8217;acc\u00e9s a la Torre estigui vetat als ciutadans, per una manca de voluntat i per incapacitat de gesti\u00f3&#8221;. Es tracta d&#8217;un patrimoni p\u00fablic que el Consell va comprar l&#8217;any 2022, despr\u00e9s que des de S\u00f3ller es fes una gran reivindicaci\u00f3 per recuperar aquest monument tant simb\u00f2lic per a S\u00f3ller i els sollerics&#8221;, ha recordat la portaveu socialista al Consell. &#8220;La torre hauria d&#8217;estar disponible per a la seva visita almenys un dia a la setmana&#8221;.<\/p>\n<p>El regidor socialista a la localitat, Jaume Mateu, s&#8217;ha mostrat molt preocupat per la situaci\u00f3 d&#8217;ostracisme que pateix la torre, i ha instat a Consell i Ajuntament a qu\u00e8 puguin signar el conveni de col\u00b7laboraci\u00f3 en qu\u00e8 es reparteixin les tasques que ha d&#8217;assumir cada administraci\u00f3 per facilitar l&#8217;obertura. &#8220;La Torre Picada \u00e9s un lloc emblem\u00e0tic dels sollerics per a les pr\u00f2ximes festes de Primavera i pel Fir\u00f3 i ens temem que enguany no s&#8217;hi pugui accedir&#8221; per la manca d&#8217;implicaci\u00f3 de les administracions.<\/p>\n<p>A dia d&#8217;avui no existeix cap document que reguli les tasques que ha de fer Consell de Mallorca i Ajuntament de S\u00f3ller per a garantir l&#8217;obertura de la Torre. Des de l&#8217;Ajuntament, que en principi hauria d&#8217;assumir el personal necessari per a obrir la torre i guiar les visites, es va fer una proposta inicial d&#8217;obertura de dues hores cada mes. Una proposici\u00f3 que va ser titllada de rid\u00edcula pels socialistes. Posteriorment les excuses addu\u00efdes per evitar obrir la Torre Picada eren de caire de seguretat dels visitants. Aix\u00ed mateix tamb\u00e9 es troben a faltar feines d&#8217;arranjament de l&#8217;acc\u00e9s i l&#8217;entorn forestal de la torre, que tampoc han estat assumides ni per part del Consell ni de l&#8217;Ajuntament.<\/p>\n<p>Per m\u00e9s fer, el Consell de Mallorca va aprovar el passat mes de desembre una moci\u00f3 presentada pel Grup Socialista en qu\u00e8 s&#8217;instava a les administracions implicades a establir un acord per a l&#8217;obertura de la torre en un termini de 15 dies, que s&#8217;ha acabat incomplint.<\/p>\n<!--[if lt IE 9]><script>document.createElement('audio');<\/script><![endif]-->\n<audio class=\"wp-audio-shortcode\" id=\"audio-28500-1\" preload=\"none\" style=\"width: 100%;\" controls=\"controls\"><source type=\"audio\/mpeg\" src=\"http:\/\/www.psib-psoe.org\/mallorca\/wp-content\/uploads\/\u00c0udio-Torre-PIcada-Cladera.mp3?_=1\" \/><a href=\"http:\/\/www.psib-psoe.org\/mallorca\/wp-content\/uploads\/\u00c0udio-Torre-PIcada-Cladera.mp3\">http:\/\/www.psib-psoe.org\/mallorca\/wp-content\/uploads\/\u00c0udio-Torre-PIcada-Cladera.mp3<\/a><\/audio>\n<audio class=\"wp-audio-shortcode\" id=\"audio-28500-2\" preload=\"none\" style=\"width: 100%;\" controls=\"controls\"><source type=\"audio\/mpeg\" src=\"http:\/\/www.psib-psoe.org\/mallorca\/wp-content\/uploads\/\u00c0udio-Torre-PIcada-Mateu.mp3?_=2\" \/><a href=\"http:\/\/www.psib-psoe.org\/mallorca\/wp-content\/uploads\/\u00c0udio-Torre-PIcada-Mateu.mp3\">http:\/\/www.psib-psoe.org\/mallorca\/wp-content\/uploads\/\u00c0udio-Torre-PIcada-Mateu.mp3<\/a><\/audio>\n[\/vc_column_text][\/vc_column][\/vc_row]\n<\/div>","protected":false},"excerpt":{"rendered":"<p>[vc_row][vc_column][vc_single_image image=&#8221;28501&#8243; img_size=&#8221;full&#8221; alignment=&#8221;center&#8221;][\/vc_column][\/vc_row][vc_row][vc_column][vc_column_text]Aquesta torre de guaita del Port de S\u00f3ller forma part del patrimoni p\u00fablic del Consell de Mallorca des de 2022, Ajuntament PP-Seny i Consell de Mallorca PPVOX no signen \u00a0el conveni de col\u00b7laboraci\u00f3 ni donen una data concreta d&#8217;obertura. La Torre Picada no es pot visitar i els Socialistes de S\u00f3ller temen&hellip;<\/p>\n","protected":false},"author":3,"featured_media":28501,"comment_status":"closed","ping_status":"open","sticky":false,"template":"","format":"standard","meta":{"footnotes":""},"categories":[89,2,1,90,92],"tags":[95,105,186,84],"class_list":["post-28500","post","type-post","status-publish","format-standard","has-post-thumbnail","hentry","category-consell-de-mallorca","category-federacio-de-mallorca","category-federacio-de-mallorca-portada","category-municipis","category-portada","tag-agrupacio-socialista-de-soller","tag-catalina-cladera","tag-jaume-mateu","tag-psib-psoe"],"_links":{"self":[{"href":"https:\/\/www.psib-psoe.org\/mallorca\/wp-json\/wp\/v2\/posts\/28500"}],"collection":[{"href":"https:\/\/www.psib-psoe.org\/mallorca\/wp-json\/wp\/v2\/posts"}],"about":[{"href":"https:\/\/www.psib-psoe.org\/mallorca\/wp-json\/wp\/v2\/types\/post"}],"author":[{"embeddable":true,"href":"https:\/\/www.psib-psoe.org\/mallorca\/wp-json\/wp\/v2\/users\/3"}],"replies":[{"embeddable":true,"href":"https:\/\/www.psib-psoe.org\/mallorca\/wp-json\/wp\/v2\/comments?post=28500"}],"version-history":[{"count":0,"href":"https:\/\/www.psib-psoe.org\/mallorca\/wp-json\/wp\/v2\/posts\/28500\/revisions"}],"wp:featuredmedia":[{"embeddable":true,"href":"https:\/\/www.psib-psoe.org\/mallorca\/wp-json\/wp\/v2\/media\/28501"}],"wp:attachment":[{"href":"https:\/\/www.psib-psoe.org\/mallorca\/wp-json\/wp\/v2\/media?parent=28500"}],"wp:term":[{"taxonomy":"category","embeddable":true,"href":"https:\/\/www.psib-psoe.org\/mallorca\/wp-json\/wp\/v2\/categories?post=28500"},{"taxonomy":"post_tag","embeddable":true,"href":"https:\/\/www.psib-psoe.org\/mallorca\/wp-json\/wp\/v2\/tags?post=28500"}],"curies":[{"name":"wp","href":"https:\/\/api.w.org\/{rel}","templated":true}]}}