{"id":28521,"date":"2024-04-20T13:21:29","date_gmt":"2024-04-20T11:21:29","guid":{"rendered":"http:\/\/www.psib-psoe.org\/mallorca\/?p=28521"},"modified":"2024-10-14T11:40:34","modified_gmt":"2024-10-14T09:40:34","slug":"els-socialistes-demanen-la-compareixenca-urgent-del-president-del-consell-i-del-conseller-de-turisme-per-donar-explicacions-sobre-el-cas-de-lagroturisme-de-lalt-carrec-del-pp","status":"publish","type":"post","link":"https:\/\/www.psib-psoe.org\/mallorca\/els-socialistes-demanen-la-compareixenca-urgent-del-president-del-consell-i-del-conseller-de-turisme-per-donar-explicacions-sobre-el-cas-de-lagroturisme-de-lalt-carrec-del-pp\/","title":{"rendered":"Els Socialistes demanen la compareixen\u00e7a urgent del president del Consell i del conseller de Turisme per donar explicacions sobre el cas de l&#8217;agroturisme de l&#8217;alt c\u00e0rrec del PP."},"content":{"rendered":"<div class=\"wpb-content-wrapper\">[vc_row][vc_column][vc_single_image image=&#8221;27941&#8243; img_size=&#8221;full&#8221; alignment=&#8221;center&#8221;][\/vc_column][\/vc_row][vc_row][vc_column][\/vc_column][\/vc_row][vc_row][vc_column][vc_column_text]<em><u>La portaveu del Grup Socialista, Catalina Cladera, exigeix que &#8220;els m\u00e0xims responsables del turisme de Mallorca donin les explicacions oportunes&#8221; en relaci\u00f3 a la tramitaci\u00f3 oficial de les autoritzacions, els permisos i el registre de l&#8217;activitat de l&#8217;agroturisme Sa Vinya, de la localitat d&#8217;Andratx, que segons les informacions publicades est\u00e0 relacionat amb l&#8217;actual alt c\u00e0rrec del Govern, Jaume Porsell, qui antigament fou batle de la localitat i tinent de batle entre 2022 i 2023. \u00a0<\/u><\/em>[\/vc_column_text][\/vc_column][\/vc_row][vc_row][vc_column][vc_column_text]El Grup Socialista ha registrat aquest dissabte una petici\u00f3 de compareixen\u00e7a urgent per que Lloren\u00e7 Galm\u00e9s i Jos\u00e9 Marcial Rodr\u00edguez compareguin per explicar la participaci\u00f3 i el coneixement del Consell de Mallorca en l&#8217;expedient administratiu referent a les autoritzacions, els permisos, el registre i qualsevol altre circumst\u00e0ncia en relaci\u00f3 a l&#8217;expedient oficial de l&#8217;agroturisme denominat com a Sa Vinya d&#8217;Andratx.<\/p>\n<p>Cladera creu necessari que, ateses les informacions que es van coneixent, els m\u00e0xims responsables del turisme a Mallorca puguin aclarir totes les circumst\u00e0ncies al voltant del cas. &#8220;Seria grav\u00edssim que el Consell de Mallorca no hagu\u00e9s complert amb el seu mandat legal, i hagu\u00e9s fet ulls clucs a una suposada il\u00b7legalitat administrativa&#8221; en un expedient que ha impulsat el&#8221; militant del PP, Jaume Porsell.<\/p>\n<p>Cladera exigeix m\u00e0xima transpar\u00e8ncia i honestedat en aquest cas, per que &#8220;el Consell de Mallorca no pot tornar a ser un lloc que admeti el clientelisme i la corrupci\u00f3 en funci\u00f3 de les sigles de qui s&#8217;hi adre\u00e7a&#8221;. En les declaracions p\u00fabliques de Porsell ha afirmat comptar amb la Declaraci\u00f3 Responsable d&#8217;inici d&#8217;Activitat (DRIAT) per el seu agroturisme. Una Declaraci\u00f3 que expedeix el Consell de Mallorca a petici\u00f3 dels interessats. Per\u00f2 la declaraci\u00f3 responsable exigeix lliurar tota una s\u00e8rie de documentaci\u00f3 administrativa respecte el projecte d&#8217;activitat, i estar al corrent del compliment de la legalitat. Igualment, per a l&#8217;obtenci\u00f3 de les places tur\u00edstiques necess\u00e0ries per a exercir l&#8217;activitat a trav\u00e9s del CBAT, \u00e9s preceptiu que l&#8217;establiment a on s&#8217;ha de dur a terme l&#8217;activitat compti amb un final d&#8217;obra concedit, i sembla que per informacions publicades, aquest no era el cas de l&#8217;agroturisme del sr. Porsell. &#8220;Volem que els responsables del Consell ens aportin tota aquesta informaci\u00f3, i tamb\u00e9 que ens expliquin quin ha estat el paper de la inspecci\u00f3 tur\u00edstica en tot aquest expedient&#8221;, ha dit Cladera.<\/p>\n<p>El DRIAT \u00e9s una declaraci\u00f3 responsable, i com a tal, pressuposa que el demandant compleix amb els requisits que aporta. Per\u00f2 cas que no sigui aix\u00ed, el Consell de Mallorca ha de revocar els permisos d&#8217;activitat. I per aix\u00f2 s\u00f3n necessaris els serveis d&#8217;inspecci\u00f3, que han de confirmar la validesa d&#8217;all\u00f2 declarat en el DRIAT.<\/p>\n<p>Crida l&#8217;atenci\u00f3 el fet que l&#8217;establiment admet\u00e9s reserves a trav\u00e9s de la plataforma Booking.com, i que el mateix Porsell hagi declarat als mitjans que no sabia com havia estat. Una simple revisi\u00f3 de les condicions de registre d&#8217;un establiment tur\u00edstic a aquesta plataforma confirmen que la inscripci\u00f3 es fa a petici\u00f3 del responsable de l&#8217;establiment. &#8220;La comercialitzaci\u00f3 de l&#8217;agroturisme Sa Vinya a trav\u00e9s de Booking.com va ser una iniciativa dels responsables de l&#8217;establiment i \u00e9s rid\u00edcul que ara Porsell afirmi que no en tenia coneixement&#8221;. La comercialitzaci\u00f3 d&#8217;un establiment d&#8217;agroturisme comporta la inspecci\u00f3 del mateix per part dels serveis del Consel de Mallorca.<\/p>\n<p>El Consell de Mallorca \u00e9s, des de 2022, l&#8217;ens competent en mat\u00e8ria d&#8217;ordenaci\u00f3 tur\u00edstica i gestiona el Consorci Bossa Allotjaments Tur\u00edstics des de l&#8217;abril del mateix any.<\/p>\n[\/vc_column_text][\/vc_column][\/vc_row]\n<\/div>","protected":false},"excerpt":{"rendered":"<p>[vc_row][vc_column][vc_single_image image=&#8221;27941&#8243; img_size=&#8221;full&#8221; alignment=&#8221;center&#8221;][\/vc_column][\/vc_row][vc_row][vc_column][\/vc_column][\/vc_row][vc_row][vc_column][vc_column_text]La portaveu del Grup Socialista, Catalina Cladera, exigeix que &#8220;els m\u00e0xims responsables del turisme de Mallorca donin les explicacions oportunes&#8221; en relaci\u00f3 a la tramitaci\u00f3 oficial de les autoritzacions, els permisos i el registre de l&#8217;activitat de l&#8217;agroturisme Sa Vinya, de la localitat d&#8217;Andratx, que segons les informacions publicades est\u00e0 relacionat amb&hellip;<\/p>\n","protected":false},"author":3,"featured_media":27941,"comment_status":"closed","ping_status":"open","sticky":false,"template":"","format":"standard","meta":{"footnotes":""},"categories":[89,2,90,92],"tags":[343,105,160,84],"class_list":["post-28521","post","type-post","status-publish","format-standard","has-post-thumbnail","hentry","category-consell-de-mallorca","category-federacio-de-mallorca","category-municipis","category-portada","tag-andreu-serra","tag-catalina-cladera","tag-mallorca","tag-psib-psoe"],"_links":{"self":[{"href":"https:\/\/www.psib-psoe.org\/mallorca\/wp-json\/wp\/v2\/posts\/28521"}],"collection":[{"href":"https:\/\/www.psib-psoe.org\/mallorca\/wp-json\/wp\/v2\/posts"}],"about":[{"href":"https:\/\/www.psib-psoe.org\/mallorca\/wp-json\/wp\/v2\/types\/post"}],"author":[{"embeddable":true,"href":"https:\/\/www.psib-psoe.org\/mallorca\/wp-json\/wp\/v2\/users\/3"}],"replies":[{"embeddable":true,"href":"https:\/\/www.psib-psoe.org\/mallorca\/wp-json\/wp\/v2\/comments?post=28521"}],"version-history":[{"count":0,"href":"https:\/\/www.psib-psoe.org\/mallorca\/wp-json\/wp\/v2\/posts\/28521\/revisions"}],"wp:featuredmedia":[{"embeddable":true,"href":"https:\/\/www.psib-psoe.org\/mallorca\/wp-json\/wp\/v2\/media\/27941"}],"wp:attachment":[{"href":"https:\/\/www.psib-psoe.org\/mallorca\/wp-json\/wp\/v2\/media?parent=28521"}],"wp:term":[{"taxonomy":"category","embeddable":true,"href":"https:\/\/www.psib-psoe.org\/mallorca\/wp-json\/wp\/v2\/categories?post=28521"},{"taxonomy":"post_tag","embeddable":true,"href":"https:\/\/www.psib-psoe.org\/mallorca\/wp-json\/wp\/v2\/tags?post=28521"}],"curies":[{"name":"wp","href":"https:\/\/api.w.org\/{rel}","templated":true}]}}