{"id":28523,"date":"2024-04-22T19:36:51","date_gmt":"2024-04-22T17:36:51","guid":{"rendered":"http:\/\/www.psib-psoe.org\/mallorca\/?p=28523"},"modified":"2024-10-14T11:40:33","modified_gmt":"2024-10-14T09:40:33","slug":"lexecutiva-dels-socialistes-de-mallorca-reclama-que-no-es-derogui-la-llei-de-memoria-democratica-de-balears","status":"publish","type":"post","link":"https:\/\/www.psib-psoe.org\/mallorca\/lexecutiva-dels-socialistes-de-mallorca-reclama-que-no-es-derogui-la-llei-de-memoria-democratica-de-balears\/","title":{"rendered":"L&#8217;Executiva dels Socialistes de Mallorca reclama que no es derogui la Llei de Mem\u00f2ria Democr\u00e0tica de Balears."},"content":{"rendered":"<div class=\"wpb-content-wrapper\">[vc_row][vc_column][vc_single_image image=&#8221;28524&#8243; img_size=&#8221;full&#8221; alignment=&#8221;center&#8221;][\/vc_column][\/vc_row][vc_row][vc_column][\/vc_column][\/vc_row][vc_row][vc_column][vc_column_text]<em><u>L&#8217;\u00f2rgan directiu de la Federaci\u00f3 Socialista de Mallorca aprova una resoluci\u00f3 que insta al Govern a no derogar aquesta norma aprovada per consens en 2018. La Secret\u00e0ria general de la FSM, Catalina Cladera palesa el retroc\u00e9s en mat\u00e8ria de restabliment de la Mem\u00f2ria Democr\u00e0tica a Mallorca propiciat per la depend\u00e8ncia de VOX per mantenir el Govern i el Consell de Mallorca i ha afirmat que el partit est\u00e0 estudiant el recurs a la decisi\u00f3 del Govern d&#8217;arxivar la den\u00fancia dels Socialistes per apologia del franquisme.<\/u><\/em><em><u>\u00a0<\/u><\/em><\/p>\n<p><em><u>Cladera tamb\u00e9 ha lamentat que PPVOX hagin sentenciat la Oficina Anticorrupci\u00f3 de les Illes Balears, que impedir\u00e0 que aquest organisme pugui investigar sobre el suposat cas de funcionament il\u00b7legal de l&#8217;agroturisme d&#8217;Andratx promogut per Jaume Porsell, ex batle de la localitat del PP, i actualment director general de transpar\u00e8ncia del govern de Marga Prohens. \u00a0<\/u><\/em>[\/vc_column_text][\/vc_column][\/vc_row][vc_row][vc_column][vc_column_text]La Comissi\u00f3 Executiva de la FSM ha aprovat una resoluci\u00f3 que palesa el retroc\u00e9s que viu Mallorca en mat\u00e8ria de recuperaci\u00f3 de la Mem\u00f2ria Democr\u00e0tica, sota els governs de PPVOX. &#8220;Els socialistes de Mallorca\u00a0 ens rearmem amb els valors que suposen la dignitat de les v\u00edctimes i la Mem\u00f2ria Democr\u00e0tica&#8221;, ha dit Cladera que ha presentat una resoluci\u00f3 per instar Govern i Parlament a no derogar la Llei 2\/2018 de Mem\u00f2ria Democr\u00e0tica de les Illes Balears; a rebutjar les manifestacions de VOX per apologia del cop d\u2019Estat del 36, i la permissivitat de Galm\u00e9s en el mateix ple del Consell de Mallorca; i a la condemna dels fets del cop d\u2019estat del 1936.<\/p>\n<p>Cladera ha lamentat que el Govern hagi arxivat la den\u00fancia que varen plantejar els Socialistes de Mallorca contra el portaveu adjunt de VOX al Consell per fer apologia del franquisme en el mateix ple de la instituci\u00f3, al president de la instituci\u00f3 per no haver-ho impedit. &#8220;Estem valorant les opcions de presentar recurs contra la decisi\u00f3 del Govern&#8221;, ha dit Cladera. en un proc\u00e9s que no obstant segueix ara el seu curs a Madrid, per la suposada vulneraci\u00f3 de la normativa estatal en mat\u00e8ria de Mem\u00f2ria Democr\u00e0tica en qu\u00e8 hauria incorregut Galm\u00e9s en no haver impedit l&#8217;enaltiment del cop d&#8217;estat del 1936 que va proferir el portaveu de VOX.<\/p>\n<p>Cladera tamb\u00e9 ha volgut destacar la involuci\u00f3 dels governs de PPVOX en temes de transpar\u00e8ncia i bon govern, amb el darrer exemple en la implicaci\u00f3 de la batlia d&#8217;Andratx i del Consell de Mallorca en el cas del funcionament il\u00b7legal de l&#8217;agroturisme Sa Vinya, relacionat directament amb Jaume Porsell, militant del PP, ex batle de la localitat i actual alt c\u00e0rrec del Govern Prohens.<\/p>\n<p>Cladera ha demanat la compareixen\u00e7a urgent de Galm\u00e9s i del conseller Jos\u00e9 Marcial Rodr\u00edguez per explicar en quines condicions s&#8217;ha tramitat l&#8217;expedient que ha facultat l&#8217;inici d&#8217;activitat de l&#8217;activitat tur\u00edstica de l&#8217;establiment sense comptar amb els permisos necessaris. &#8220;Tenen l&#8217;oportunitat d&#8217;explicar-se clarament en aquest tema, per saber com es va atorgar la Declaraci\u00f3 Responsable d&#8217;Inici d&#8217;Activitat Tur\u00edstica, o com es van fer la compra de les 14 places de l&#8217;agroturisme al Consorci Bossa Allotjament Tur\u00edstic que gestiona el Consell de Mallorca&#8221;. La SG de la FSM ha lamentat que PPVOX hagin col\u00b7laborat en el tancament de la Oficina Anticorrupci\u00f3 de les Illes Balears, que &#8220;seria competent per tramitar casos com aquest&#8221;.<\/p>\n<!--[if lt IE 9]><script>document.createElement('audio');<\/script><![endif]-->\n<audio class=\"wp-audio-shortcode\" id=\"audio-28523-1\" preload=\"none\" style=\"width: 100%;\" controls=\"controls\"><source type=\"audio\/mpeg\" src=\"http:\/\/www.psib-psoe.org\/mallorca\/wp-content\/uploads\/220424_CATALINA_CLADERA_EXECUTIVA-FSM.mp3?_=1\" \/><a href=\"http:\/\/www.psib-psoe.org\/mallorca\/wp-content\/uploads\/220424_CATALINA_CLADERA_EXECUTIVA-FSM.mp3\">http:\/\/www.psib-psoe.org\/mallorca\/wp-content\/uploads\/220424_CATALINA_CLADERA_EXECUTIVA-FSM.mp3<\/a><\/audio>\n[\/vc_column_text][\/vc_column][\/vc_row]\n<\/div>","protected":false},"excerpt":{"rendered":"<p>[vc_row][vc_column][vc_single_image image=&#8221;28524&#8243; img_size=&#8221;full&#8221; alignment=&#8221;center&#8221;][\/vc_column][\/vc_row][vc_row][vc_column][\/vc_column][\/vc_row][vc_row][vc_column][vc_column_text]L&#8217;\u00f2rgan directiu de la Federaci\u00f3 Socialista de Mallorca aprova una resoluci\u00f3 que insta al Govern a no derogar aquesta norma aprovada per consens en 2018. La Secret\u00e0ria general de la FSM, Catalina Cladera palesa el retroc\u00e9s en mat\u00e8ria de restabliment de la Mem\u00f2ria Democr\u00e0tica a Mallorca propiciat per la depend\u00e8ncia de VOX&hellip;<\/p>\n","protected":false},"author":3,"featured_media":28524,"comment_status":"closed","ping_status":"open","sticky":false,"template":"","format":"standard","meta":{"footnotes":""},"categories":[89,2,1,90,92],"tags":[227,105,372,226,160,100,236,84],"class_list":["post-28523","post","type-post","status-publish","format-standard","has-post-thumbnail","hentry","category-consell-de-mallorca","category-federacio-de-mallorca","category-federacio-de-mallorca-portada","category-municipis","category-portada","tag-antonia-sastre","tag-catalina-cladera","tag-comissio-executiva","tag-javier-de-juan","tag-mallorca","tag-miquel-cabot","tag-patricia-gomez","tag-psib-psoe"],"_links":{"self":[{"href":"https:\/\/www.psib-psoe.org\/mallorca\/wp-json\/wp\/v2\/posts\/28523"}],"collection":[{"href":"https:\/\/www.psib-psoe.org\/mallorca\/wp-json\/wp\/v2\/posts"}],"about":[{"href":"https:\/\/www.psib-psoe.org\/mallorca\/wp-json\/wp\/v2\/types\/post"}],"author":[{"embeddable":true,"href":"https:\/\/www.psib-psoe.org\/mallorca\/wp-json\/wp\/v2\/users\/3"}],"replies":[{"embeddable":true,"href":"https:\/\/www.psib-psoe.org\/mallorca\/wp-json\/wp\/v2\/comments?post=28523"}],"version-history":[{"count":0,"href":"https:\/\/www.psib-psoe.org\/mallorca\/wp-json\/wp\/v2\/posts\/28523\/revisions"}],"wp:featuredmedia":[{"embeddable":true,"href":"https:\/\/www.psib-psoe.org\/mallorca\/wp-json\/wp\/v2\/media\/28524"}],"wp:attachment":[{"href":"https:\/\/www.psib-psoe.org\/mallorca\/wp-json\/wp\/v2\/media?parent=28523"}],"wp:term":[{"taxonomy":"category","embeddable":true,"href":"https:\/\/www.psib-psoe.org\/mallorca\/wp-json\/wp\/v2\/categories?post=28523"},{"taxonomy":"post_tag","embeddable":true,"href":"https:\/\/www.psib-psoe.org\/mallorca\/wp-json\/wp\/v2\/tags?post=28523"}],"curies":[{"name":"wp","href":"https:\/\/api.w.org\/{rel}","templated":true}]}}