{"id":28546,"date":"2024-04-26T12:59:40","date_gmt":"2024-04-26T10:59:40","guid":{"rendered":"http:\/\/www.psib-psoe.org\/mallorca\/?p=28546"},"modified":"2024-10-14T11:40:33","modified_gmt":"2024-10-14T09:40:33","slug":"el-grup-socialista-critica-la-passivitat-del-president-del-limas-guillermo-sanchez-davant-dels-fets-coneguts-a-la-residencia-de-gent-gran-a-montuiri","status":"publish","type":"post","link":"https:\/\/www.psib-psoe.org\/mallorca\/el-grup-socialista-critica-la-passivitat-del-president-del-limas-guillermo-sanchez-davant-dels-fets-coneguts-a-la-residencia-de-gent-gran-a-montuiri\/","title":{"rendered":"El Grup Socialista critica la passivitat del president del l&#8217;IMAS, Guillermo S\u00e1nchez davant dels fets coneguts a la resid\u00e8ncia de gent gran a Montu\u00efri"},"content":{"rendered":"<div class=\"wpb-content-wrapper\">[vc_row][vc_column][vc_single_image image=&#8221;28437&#8243; img_size=&#8221;full&#8221; alignment=&#8221;center&#8221;][\/vc_column][\/vc_row][vc_row][vc_column][vc_column_text]<em><u>El Grup Socialista al Consell ha registrat diverses iniciatives per con\u00e8ixer els fets denunciats sobre suposats maltractes i humiliacions sofertes per usuaris d&#8217;una resid\u00e8ncia de gent gran a Montu\u00efri i per comprovar quina ha estat la participaci\u00f3 de l&#8217;IMAS en el tema. No obstant aix\u00f2, a dia d&#8217;avui cap de les sol\u00b7licituds del Grup Socialista ha rebut resposta, per la qual cosa es confirma la manca de capacitat d&#8217;acci\u00f3 del president de l&#8217;IMAS, Guillermo S\u00e1nchez, que \u00e9s competent en mat\u00e8ria d&#8217;inspecci\u00f3 de resid\u00e8ncies de gent gran dins Mallorca.<\/u><\/em>[\/vc_column_text][\/vc_column][\/vc_row][vc_row][vc_column][vc_column_text]El Grup Socialista al Consell de Mallorca urgeix al president de l&#8217;IMAS, Guillermo S\u00e1nchez, que compleixi amb les compet\u00e8ncies que li s\u00f3n inherents en mat\u00e8ria d&#8217;inspecci\u00f3 de resid\u00e8ncies de gent gran a Mallorca, i que informi de totes les accions que ha fet la instituci\u00f3 sobre els fets denunciats aquesta setmana per possibles maltractaments i humiliacions a persones majors usu\u00e0ries de la resid\u00e8ncia privada a Montu\u00efri.<\/p>\n<p>&#8220;No \u00e9s possible que Guillermo S\u00e1nchez ens doni la callada per resposta&#8221;, ha afirmat la consellera socialista Sofia Alonso, despr\u00e9s que el Grup Socialista hagi presentat diverses iniciatives des del passat dilluns per mirar d&#8217;aclarir els fets, sense que hagin tingut cap resposta. Aquestes preguntes dirigides a l&#8217;IMAS s&#8217;han condensat en una sol\u00b7licitud formal d&#8217;informaci\u00f3 per saber si l&#8217;IMAS ha &#8220;pres mesures en refer\u00e8ncia a les dures imatges de l&#8217;interior de la resid\u00e8ncia de Montu\u00efri que s&#8217;han dif\u00f3s a trav\u00e9s dels mitjans de comunicaci\u00f3 i de les xarxes socials&#8221;.<\/p>\n<p>Alonso ha recordat que l&#8217;IMAS \u00e9s l&#8217;ens que exerceix les compet\u00e8ncies a Mallorca en l&#8217;\u00e0mbit d&#8217;inspecci\u00f3, autoritzacions i acreditacions, tant en el cas de les resid\u00e8ncies de gent gran p\u00fabliques de l&#8217;IMAS, les municipals i les privades, com \u00e9s el cas. &#8220;Estem preocupats per que no sabem si el departament de Guillermo S\u00e1nchez s&#8217;ha posat en contacte amb la treballadora denunciant, o amb les fam\u00edlies de les persones majors afectades per aquest suposat cas de maltractament&#8221;, ha apuntat Alonso.<\/p>\n<p>&#8220;Les imatges i les informacions aparegudes en els mitjans s\u00f3n suficientment alarmants com per que Guillermo S\u00e1nchez prengui decisions, i fins al moment no ens consta que n&#8217;hagi pres cap, ni en relaci\u00f3 a la treballadora denunciant -que ha estat expedientada per l&#8217;empresa que gestiona la resid\u00e8ncia- ni amb les fam\u00edlies dels usuaris&#8221;. \u00a0Els Socialistes denuncien que aquesta &#8220;passivitat&#8221; de l&#8217;IMAS i del Consell de Mallorca \u00e9s una mostra m\u00e9s de la manca de sensibilitat social de PPVOX, amb una pol\u00edtica que no prioritza les persones, com falsament pregona Galm\u00e9s i la seva propaganda.<\/p>\n<!--[if lt IE 9]><script>document.createElement('audio');<\/script><![endif]-->\n<audio class=\"wp-audio-shortcode\" id=\"audio-28546-1\" preload=\"none\" style=\"width: 100%;\" controls=\"controls\"><source type=\"audio\/mpeg\" src=\"http:\/\/www.psib-psoe.org\/mallorca\/wp-content\/uploads\/Alonso-Montu\u00efri-bo.mp3?_=1\" \/><a href=\"http:\/\/www.psib-psoe.org\/mallorca\/wp-content\/uploads\/Alonso-Montu\u00efri-bo.mp3\">http:\/\/www.psib-psoe.org\/mallorca\/wp-content\/uploads\/Alonso-Montu\u00efri-bo.mp3<\/a><\/audio>\n[\/vc_column_text][\/vc_column][\/vc_row]\n<\/div>","protected":false},"excerpt":{"rendered":"<p>[vc_row][vc_column][vc_single_image image=&#8221;28437&#8243; img_size=&#8221;full&#8221; alignment=&#8221;center&#8221;][\/vc_column][\/vc_row][vc_row][vc_column][vc_column_text]El Grup Socialista al Consell ha registrat diverses iniciatives per con\u00e8ixer els fets denunciats sobre suposats maltractes i humiliacions sofertes per usuaris d&#8217;una resid\u00e8ncia de gent gran a Montu\u00efri i per comprovar quina ha estat la participaci\u00f3 de l&#8217;IMAS en el tema. No obstant aix\u00f2, a dia d&#8217;avui cap de les sol\u00b7licituds&hellip;<\/p>\n","protected":false},"author":3,"featured_media":28437,"comment_status":"closed","ping_status":"open","sticky":false,"template":"","format":"standard","meta":{"footnotes":""},"categories":[89,2,1,90,92],"tags":[83,134,84,296],"class_list":["post-28546","post","type-post","status-publish","format-standard","has-post-thumbnail","hentry","category-consell-de-mallorca","category-federacio-de-mallorca","category-federacio-de-mallorca-portada","category-municipis","category-portada","tag-consell-de-mallorca","tag-imas","tag-psib-psoe","tag-sofia-alonso"],"_links":{"self":[{"href":"https:\/\/www.psib-psoe.org\/mallorca\/wp-json\/wp\/v2\/posts\/28546"}],"collection":[{"href":"https:\/\/www.psib-psoe.org\/mallorca\/wp-json\/wp\/v2\/posts"}],"about":[{"href":"https:\/\/www.psib-psoe.org\/mallorca\/wp-json\/wp\/v2\/types\/post"}],"author":[{"embeddable":true,"href":"https:\/\/www.psib-psoe.org\/mallorca\/wp-json\/wp\/v2\/users\/3"}],"replies":[{"embeddable":true,"href":"https:\/\/www.psib-psoe.org\/mallorca\/wp-json\/wp\/v2\/comments?post=28546"}],"version-history":[{"count":0,"href":"https:\/\/www.psib-psoe.org\/mallorca\/wp-json\/wp\/v2\/posts\/28546\/revisions"}],"wp:featuredmedia":[{"embeddable":true,"href":"https:\/\/www.psib-psoe.org\/mallorca\/wp-json\/wp\/v2\/media\/28437"}],"wp:attachment":[{"href":"https:\/\/www.psib-psoe.org\/mallorca\/wp-json\/wp\/v2\/media?parent=28546"}],"wp:term":[{"taxonomy":"category","embeddable":true,"href":"https:\/\/www.psib-psoe.org\/mallorca\/wp-json\/wp\/v2\/categories?post=28546"},{"taxonomy":"post_tag","embeddable":true,"href":"https:\/\/www.psib-psoe.org\/mallorca\/wp-json\/wp\/v2\/tags?post=28546"}],"curies":[{"name":"wp","href":"https:\/\/api.w.org\/{rel}","templated":true}]}}