{"id":28558,"date":"2024-04-26T16:48:41","date_gmt":"2024-04-26T14:48:41","guid":{"rendered":"http:\/\/www.psib-psoe.org\/mallorca\/?p=28558"},"modified":"2024-10-14T11:40:33","modified_gmt":"2024-10-14T09:40:33","slug":"els-socialistes-dandratx-insten-la-batlessa-gonzalvo-a-aclarir-lexpedient-urbanistic-de-lagroturisme-de-porsell","status":"publish","type":"post","link":"https:\/\/www.psib-psoe.org\/mallorca\/els-socialistes-dandratx-insten-la-batlessa-gonzalvo-a-aclarir-lexpedient-urbanistic-de-lagroturisme-de-porsell\/","title":{"rendered":"Els Socialistes d&#8217;Andratx insten la batlessa Gonzalvo a aclarir l&#8217;expedient urban\u00edstic de l&#8217;agroturisme de Porsell."},"content":{"rendered":"<div class=\"wpb-content-wrapper\">[vc_row][vc_column][vc_single_image image=&#8221;28559&#8243; img_size=&#8221;full&#8221; alignment=&#8221;center&#8221;][\/vc_column][\/vc_row][vc_row][vc_column][vc_column_text]<em><u>El Grup Municipal Socialista a l&#8217;Ajuntament d&#8217;Andratx ha presentat una bateria de preguntes a la batlessa Estefan\u00eda Gonzalvo per a qu\u00e8 expliqui de quina manera ha influ\u00eft la conflu\u00e8ncia amb Porsell dins del PP i en successius governs municipals en la tramitaci\u00f3 dels diferents expedients urban\u00edstics tramitats en favor dels interessos del ja ex-director general de transpar\u00e8ncia del Govern de Prohens. <\/u><\/em>[\/vc_column_text][\/vc_column][\/vc_row][vc_row][vc_column][vc_column_text]El regidor Socialista d&#8217;Andratx, Enaitz I\u00f1an, ha presentat una relaci\u00f3 de 18 preguntes a la batlessa de la localitat, Estefan\u00eda Gonzalvo, destinades a aclarir algunes de les decisions que s&#8217;han pres recentment en relaci\u00f3 als interessos de l&#8217;ex batle i, des del passat dimecres, tamb\u00e9 ex-director general de Transpar\u00e8ncia del Govern de Marga Prohens; i tamb\u00e9 amb la intenci\u00f3 de que s&#8217;expliqui la tramitaci\u00f3 dels expedients urban\u00edstics que des de 2019 s&#8217;han incoat a l&#8217;Ajuntament en refer\u00e8ncia a la finca de Sa Vinya, a on Porsell ha edificat un habitatge amb piscina, \u00a0comercialitzat com a agroturisme, sense que compti amb els permisos necessaris.<\/p>\n<p>La finca de Porsell prov\u00e9 d&#8217;una donaci\u00f3 familiar que es segrega en dues parcel\u00b7les i a una de les quals es planeja la construcci\u00f3 d&#8217;un habitatge amb piscina que posteriorment acull l&#8217;agroturisme. I\u00f1\u00e1n ha preguntat com \u00e9s que es va permetre l&#8217;inici d&#8217;obres en aquesta finca quan en la llic\u00e8ncia de segregaci\u00f3 s&#8217;insisteix clarament en l&#8217;exist\u00e8ncia de construccions fora d&#8217;ordenaci\u00f3, prescrites, a la finca afectada, que segons la Llei d&#8217;Urbanisme de les Illes Balears, farien inviable realitzar-hi qualsevol tipus d&#8217;obra. En aquell moment, 2019 Porsell era regidor d&#8217;urbanisme de l&#8217;Ajuntament i Gonzalvo ja n&#8217;era regidora i formava part de la Junta de Govern municipal.<\/p>\n<p>Els Socialistes d&#8217;Andratx tamb\u00e9 han incidit en la manca de resposta de l&#8217;Ajuntament al requeriment d&#8217;informaci\u00f3 de l&#8217;ADT en 2022, mesos despr\u00e9s de la moci\u00f3 de consura que va portar Gonzalvo a la batlia. En concret es pregunta a Gonzalvo pels motius pels quals no es va atendre a les demandes d&#8217;informaci\u00f3 de l&#8217;Ag\u00e8ncia de Defensa del Territori quan aquesta volia saber quines eren les construccions fora d&#8217;ordenaci\u00f3 de la finca de Porsell.<\/p>\n<p>Els Socialistes han requerit el parer de l&#8217;equip de govern municipal per con\u00e8ixer per que s&#8217;han instal\u00b7lat senyals municipals que indiquen la direcci\u00f3 cap a l&#8217;agroturisme de Porsell, sense comptar amb els permisos corresponents. Aix\u00ed mateix tamb\u00e9 es pregunta pel tr\u00e0mit per l&#8217;atorgament de la llic\u00e8ncia d&#8217;activitat de l&#8217;agroturisme, i tamb\u00e9 si Gonzalvo era conscient de la situaci\u00f3 legal de la finca quan va acudir com a convidada, conjuntament amb Marga Prohens, a la festa d&#8217;inauguraci\u00f3 de l&#8217;agroturisme d&#8217;octubre de 2023.<\/p>\n<p>I\u00f1\u00e1n tamb\u00e9 s&#8217;ha interessat per la defensa a ultran\u00e7a de Porsell que ha fet Gonzalvo, i ha preguntat la batlessa si en el cas que el promotor del projecte de Sa Vinya no fos del deu partit, hauria procedit a la seva den\u00fancia davant la Fiscalia. Igualment s&#8217;ha instat la batlessa andritxola a qu\u00e8 emeti resposta per si creu que els mitjans de comunicaci\u00f3 que han publicat les informacions sobre la situaci\u00f3 il\u00b7legal de l&#8217;agroturisme de Porsell, han mentit.<\/p>\n<p>Tamb\u00e9 ha cridat l&#8217;atenci\u00f3 dels Socialistes el fet que l&#8217;actual regidora d&#8217;Urbanisme de l&#8217;equip de govern del PP de Gonzalvo, Beatriz Casanova, fos inspectora d&#8217;obres municipal en temps de Porsell com a regidor d&#8217;urbanisme, i ha formulat preguntes per la seva participaci\u00f3 en alguns dels expedients de Sa Vinya.<\/p>\n<p>El portaveu socialista, Antoni Mir ha exigit &#8220;una explicaci\u00f3 clara de tot l&#8217;expedient urban\u00edstic que afecta a la finca de Porsell, per part de la batlessa Gonzalvo, per que no podem consentir que Andratx torni a ser not\u00edcia dels informatius per un cas d&#8217;il\u00b7legalitat urban\u00edstica.<\/p>\n[\/vc_column_text][\/vc_column][\/vc_row]\n<\/div>","protected":false},"excerpt":{"rendered":"<p>[vc_row][vc_column][vc_single_image image=&#8221;28559&#8243; img_size=&#8221;full&#8221; alignment=&#8221;center&#8221;][\/vc_column][\/vc_row][vc_row][vc_column][vc_column_text]El Grup Municipal Socialista a l&#8217;Ajuntament d&#8217;Andratx ha presentat una bateria de preguntes a la batlessa Estefan\u00eda Gonzalvo per a qu\u00e8 expliqui de quina manera ha influ\u00eft la conflu\u00e8ncia amb Porsell dins del PP i en successius governs municipals en la tramitaci\u00f3 dels diferents expedients urban\u00edstics tramitats en favor dels interessos del&hellip;<\/p>\n","protected":false},"author":3,"featured_media":28559,"comment_status":"closed","ping_status":"open","sticky":false,"template":"","format":"standard","meta":{"footnotes":""},"categories":[89,2,1,90,92],"tags":[526,507,77,531,84,222],"class_list":["post-28558","post","type-post","status-publish","format-standard","has-post-thumbnail","hentry","category-consell-de-mallorca","category-federacio-de-mallorca","category-federacio-de-mallorca-portada","category-municipis","category-portada","tag-agrupacio-socialista-dandratx","tag-enaitz-inan","tag-federacio-socialista-de-mallorca","tag-marina","tag-psib-psoe","tag-toni-mir"],"_links":{"self":[{"href":"https:\/\/www.psib-psoe.org\/mallorca\/wp-json\/wp\/v2\/posts\/28558"}],"collection":[{"href":"https:\/\/www.psib-psoe.org\/mallorca\/wp-json\/wp\/v2\/posts"}],"about":[{"href":"https:\/\/www.psib-psoe.org\/mallorca\/wp-json\/wp\/v2\/types\/post"}],"author":[{"embeddable":true,"href":"https:\/\/www.psib-psoe.org\/mallorca\/wp-json\/wp\/v2\/users\/3"}],"replies":[{"embeddable":true,"href":"https:\/\/www.psib-psoe.org\/mallorca\/wp-json\/wp\/v2\/comments?post=28558"}],"version-history":[{"count":0,"href":"https:\/\/www.psib-psoe.org\/mallorca\/wp-json\/wp\/v2\/posts\/28558\/revisions"}],"wp:featuredmedia":[{"embeddable":true,"href":"https:\/\/www.psib-psoe.org\/mallorca\/wp-json\/wp\/v2\/media\/28559"}],"wp:attachment":[{"href":"https:\/\/www.psib-psoe.org\/mallorca\/wp-json\/wp\/v2\/media?parent=28558"}],"wp:term":[{"taxonomy":"category","embeddable":true,"href":"https:\/\/www.psib-psoe.org\/mallorca\/wp-json\/wp\/v2\/categories?post=28558"},{"taxonomy":"post_tag","embeddable":true,"href":"https:\/\/www.psib-psoe.org\/mallorca\/wp-json\/wp\/v2\/tags?post=28558"}],"curies":[{"name":"wp","href":"https:\/\/api.w.org\/{rel}","templated":true}]}}