{"id":28575,"date":"2024-05-03T12:11:45","date_gmt":"2024-05-03T10:11:45","guid":{"rendered":"http:\/\/www.psib-psoe.org\/mallorca\/?p=28575"},"modified":"2024-10-14T11:40:33","modified_gmt":"2024-10-14T09:40:33","slug":"el-caos-a-la-gestio-sapodera-del-departament-de-turisme-del-consell-a-linici-de-la-temporada-alta-davant-la-passivitat-de-galmes-i-rodriguez","status":"publish","type":"post","link":"https:\/\/www.psib-psoe.org\/mallorca\/el-caos-a-la-gestio-sapodera-del-departament-de-turisme-del-consell-a-linici-de-la-temporada-alta-davant-la-passivitat-de-galmes-i-rodriguez\/","title":{"rendered":"El caos a la gesti\u00f3 s&#8217;apodera del departament de Turisme del Consell a l&#8217;inici de la temporada alta, davant la passivitat de Galm\u00e9s i Rodr\u00edguez."},"content":{"rendered":"<div class=\"wpb-content-wrapper\">[vc_row][vc_column][vc_single_image image=&#8221;28576&#8243; img_size=&#8221;full&#8221; alignment=&#8221;center&#8221;][\/vc_column][\/vc_row][vc_row][vc_column][vc_column_text]<em><u>La portaveu del Grup Socialista al Consell, Catalina Cladera, ha manifestat la seva &#8220;preocupaci\u00f3&#8221; davant del &#8220;caos de gesti\u00f3&#8221; que es viu al departament de Turisme de la instituci\u00f3, davant la passivitat de Galm\u00e9s i de Rodr\u00edguez &#8220;que no fan res&#8221;. La informaci\u00f3 de la dimissi\u00f3 i la marxa de dos funcionaris clau en el servei d&#8217;Ordenaci\u00f3 i el d&#8217;Inspecci\u00f3 i la manca de fermesa en la lluita contra l&#8217;allotjament tur\u00edstic il\u00b7legal motiven la queixa dels socialistes. &#8220;Galm\u00e9s est\u00e0 m\u00e9s preocupat en col\u00b7locar i fer favors als seus companys de partit que en gestionar el Turisme i la Mobilitat de Mallorca&#8221; ha assenyalat la socialista, en un moment clau en l&#8217;inici d&#8217;una temporada alta tur\u00edstica que posar\u00e0 a prova tots els ressorts de gesti\u00f3 del Consell, per fer compatible la vida dels residents amb l&#8217;arribada dels visitants. <\/u><\/em>[\/vc_column_text][\/vc_column][\/vc_row][vc_row][vc_column][vc_column_text]La portaveu socialista al Consell de Mallorca, Catalina Cladera, s&#8217;ha mostrat &#8220;molt preocupada&#8221; davant les informacions que confirmen un &#8220;caos total de gesti\u00f3&#8221; en el Turisme i la Mobilitat de Mallorca, dues compet\u00e8ncies inherents al Consell. Les informacions conegudes avui en refer\u00e8ncia a la dimissi\u00f3 i la marxa de personal funcionari clau en els serveis d&#8217;Inspecci\u00f3 i Ordenaci\u00f3 Tur\u00edstica del Consell de Mallorca abonen aquesta sensaci\u00f3 de &#8220;desgavell organitzatiu&#8221; que per Cladera, \u00e9s totalment imputable a la &#8220;manca de gesti\u00f3 de Rodr\u00edguez i Galm\u00e9s&#8221;.<\/p>\n<p>Davant de la dimissi\u00f3 del cap de servei d&#8217;Ordenaci\u00f3 Tur\u00edstica, Cladera ha demanat si hi tenen a veure &#8220;les pressions rebudes per donar un tracte de favor al company de partit de Galm\u00e9s per beneficiar l&#8217;agroturisme Sa Vinya d&#8217;Andratx&#8221;, un negoci del recentment destitu\u00eft director general de Transpar\u00e8ncia del Govern de Prohens. Aquesta baixa en un lloc clau a Ordenaci\u00f3 Tur\u00edstica s&#8217;uneix a la marxa del m\u00e0xim responsable de Sancions, en un moment de la temporada on es nota un nou repunt de la pres\u00e8ncia d&#8217;anuncis de lloguer vacacional il\u00b7legal a les principals plataformes d&#8217;internet. Cladera ha reiterat la petici\u00f3 dels Socialistes per la compareixen\u00e7a de Galm\u00e9s per donar compte d&#8217;aquestes q\u00fcestions.<\/p>\n<p>Cladera ha criticat durament el Pla de xoc contra l&#8217;allotjament tur\u00edstic il\u00b7legal, anunciat per Rodr\u00edguez i Galm\u00e9s ja fa 8 mesos, i del que no hi ha cap resultat palpable a dia d&#8217;avui, m\u00e9s enll\u00e0 del desmantellament del servei insular que l&#8217;hauria d&#8217;estar posant en pr\u00e0ctica. &#8220;\u00c9s un pla de fum, per que no veiem que el sr. Rodr\u00edguez faci res&#8221;, ha dit Cladera, que ha responsabilitzat directament el president del Consell de la situaci\u00f3 creada i de la manca total de respostes: &#8220;A on \u00e9s el sr. Galm\u00e9s en aquest tema?&#8221;, s&#8217;ha preguntat la portaveu socialista.<\/p>\n<p>La proliferaci\u00f3 de l&#8217;allotjament tur\u00edstic il\u00b7legal, sense cap resposta per part de PPVOX al Consell, unit a les imatges de col\u00b7lapse circulatori a les carreteres de Mallorca, com les que avui es publiquen amb el T\u00fanel de S\u00f3ller tancat amb 6 kil\u00f2metres de vehicles fent-hi cua per accedir a la Vall, s\u00f3n motius m\u00e9s que suficients que per a qu\u00e8 Galm\u00e9s es posi a fer feina. &#8220;La temporada tur\u00edstica ha comen\u00e7at amb molts de problemes, com la saturaci\u00f3 tur\u00edstica, els problemes de mobilitat a les carreteres, i no veiem que el sr. Galm\u00e9s faci res per resoldre la situaci\u00f3&#8221;.<\/p>\n<p>&#8220;Fa gaireb\u00e9 un any que Galm\u00e9s governa a Mallorca, i ell es va presentar a les eleccions prometent que desembossaria Mallorca de vehicles, id\u00f2 ara no veiem cap acci\u00f3 de millora, m\u00e9s aviat al contrari&#8221;, ha afirmat Cladera. La \u00fanica acci\u00f3 clara de Galm\u00e9s \u00e9s &#8220;adaptar els c\u00e0rrecs del Consell als seus companys de partit&#8221;, en relaci\u00f3 al canvi de denominaci\u00f3 i funcions de les atribucions de l&#8217;antic responsable de la ITV, Rafel Oliver Barros, candidat del PP a Algaida a les eleccions de 2023, i que ara ha passat a ser director insular de Mobilitat i Activitats, segons el canvi publicat al BOIB de dissabte passat. Oliver va ser nomenat director insular d&#8217;ITV i Activitats a principi de legislatura, per\u00f2 despr\u00e9s de 41 dies al c\u00e0rrec es va decidir apartar-lo de la gesti\u00f3 de la ITV per mor d&#8217;una incompatibilitat amb la seva dedicaci\u00f3 professional, precisament com a treballador de l&#8217;empresa concession\u00e0ria de la ITV a Mallorca.[\/vc_column_text][\/vc_column][\/vc_row]\n<\/div>","protected":false},"excerpt":{"rendered":"<p>[vc_row][vc_column][vc_single_image image=&#8221;28576&#8243; img_size=&#8221;full&#8221; alignment=&#8221;center&#8221;][\/vc_column][\/vc_row][vc_row][vc_column][vc_column_text]La portaveu del Grup Socialista al Consell, Catalina Cladera, ha manifestat la seva &#8220;preocupaci\u00f3&#8221; davant del &#8220;caos de gesti\u00f3&#8221; que es viu al departament de Turisme de la instituci\u00f3, davant la passivitat de Galm\u00e9s i de Rodr\u00edguez &#8220;que no fan res&#8221;. La informaci\u00f3 de la dimissi\u00f3 i la marxa de dos funcionaris&hellip;<\/p>\n","protected":false},"author":3,"featured_media":28576,"comment_status":"closed","ping_status":"open","sticky":false,"template":"","format":"standard","meta":{"footnotes":""},"categories":[89,2,1,90,92],"tags":[105,83,77,226,483,84],"class_list":["post-28575","post","type-post","status-publish","format-standard","has-post-thumbnail","hentry","category-consell-de-mallorca","category-federacio-de-mallorca","category-federacio-de-mallorca-portada","category-municipis","category-portada","tag-catalina-cladera","tag-consell-de-mallorca","tag-federacio-socialista-de-mallorca","tag-javier-de-juan","tag-joan-ferrer","tag-psib-psoe"],"_links":{"self":[{"href":"https:\/\/www.psib-psoe.org\/mallorca\/wp-json\/wp\/v2\/posts\/28575"}],"collection":[{"href":"https:\/\/www.psib-psoe.org\/mallorca\/wp-json\/wp\/v2\/posts"}],"about":[{"href":"https:\/\/www.psib-psoe.org\/mallorca\/wp-json\/wp\/v2\/types\/post"}],"author":[{"embeddable":true,"href":"https:\/\/www.psib-psoe.org\/mallorca\/wp-json\/wp\/v2\/users\/3"}],"replies":[{"embeddable":true,"href":"https:\/\/www.psib-psoe.org\/mallorca\/wp-json\/wp\/v2\/comments?post=28575"}],"version-history":[{"count":0,"href":"https:\/\/www.psib-psoe.org\/mallorca\/wp-json\/wp\/v2\/posts\/28575\/revisions"}],"wp:featuredmedia":[{"embeddable":true,"href":"https:\/\/www.psib-psoe.org\/mallorca\/wp-json\/wp\/v2\/media\/28576"}],"wp:attachment":[{"href":"https:\/\/www.psib-psoe.org\/mallorca\/wp-json\/wp\/v2\/media?parent=28575"}],"wp:term":[{"taxonomy":"category","embeddable":true,"href":"https:\/\/www.psib-psoe.org\/mallorca\/wp-json\/wp\/v2\/categories?post=28575"},{"taxonomy":"post_tag","embeddable":true,"href":"https:\/\/www.psib-psoe.org\/mallorca\/wp-json\/wp\/v2\/tags?post=28575"}],"curies":[{"name":"wp","href":"https:\/\/api.w.org\/{rel}","templated":true}]}}