{"id":28578,"date":"2024-05-03T12:53:50","date_gmt":"2024-05-03T10:53:50","guid":{"rendered":"http:\/\/www.psib-psoe.org\/mallorca\/?p=28578"},"modified":"2024-10-14T11:40:32","modified_gmt":"2024-10-14T09:40:32","slug":"el-consell-de-mallorca-deixa-perdre-un-milio-deuros-dels-fons-europeus-pel-projecte-del-canal-de-regates-a-alcudia","status":"publish","type":"post","link":"https:\/\/www.psib-psoe.org\/mallorca\/el-consell-de-mallorca-deixa-perdre-un-milio-deuros-dels-fons-europeus-pel-projecte-del-canal-de-regates-a-alcudia\/","title":{"rendered":"El Consell de Mallorca deixa perdre un mili\u00f3 d&#8217;euros dels fons europeus pel projecte del canal de regates a Alc\u00fadia."},"content":{"rendered":"<div class=\"wpb-content-wrapper\">[vc_row][vc_column][vc_single_image image=&#8221;28565&#8243; img_size=&#8221;full&#8221; alignment=&#8221;center&#8221;][\/vc_column][\/vc_row][vc_row][vc_column][vc_column_text]<em><u>La modificaci\u00f3 del projecte que s&#8217;ha presentat avui, 10 mesos despr\u00e9s d&#8217;iniciada la legislatura, descarta incloure l&#8217;edifici de formaci\u00f3, gimn\u00e0s i vestidors pels esportistes que contemplava el projecte original damunt d&#8217;un solar de propietat municipal, que comptava amb finan\u00e7ament dels <\/u><\/em><u>Next generation<em> europeus. Aquest fet fa que es perdi un mili\u00f3 d&#8217;euros del finan\u00e7ament concedit que ara anir\u00e0 a cost dels ciutadans d&#8217;Alc\u00fadia. Els socialistes presenten sengles mocions al Consell i a l&#8217;Ajuntament d&#8217;Alc\u00fadia per a reactivar el projecte original, i evitar perdre finan\u00e7ament europeu.<\/em><\/u>[\/vc_column_text][\/vc_column][\/vc_row][vc_row][vc_column][vc_column_text]El Grup Socialista al Consell de Mallorca presentar\u00e0 dijous que ve en el ple una moci\u00f3 per que es reactivi el projecte original del canal de regates de l&#8217;estany dels Ponts a Alc\u00fadia. Aquesta infraestructura compta amb un finan\u00e7ament concedit provinent dels fons <em>Next generation<\/em> en la seva convocat\u00f2ria 2021, i havia de ser un referent per a l&#8217;activitat del pirag\u00fcisme de competici\u00f3 a Mallorca, amb l&#8217;adequaci\u00f3 de la l\u00e0mina d&#8217;aigua, la construcci\u00f3 de pantalans de sortida i un edifici annex de servei. &#8220;No \u00e9s un \u00e8xit de gesti\u00f3, precisament, renunciar a un mili\u00f3 d&#8217;euros per a dur a terme aquest projecte i intentarem que el Consell s&#8217;ho repensi i ens faci costat el pr\u00f2xim dijous en el ple&#8221;, ha dit el conseller socialista Andreu Serra.<\/p>\n<p>Aquesta mateixa moci\u00f3 dels socialistes s&#8217;ha vist avui al ple de l&#8217;Ajuntament d&#8217;Alc\u00fadia, i ha estat defensada pel regidor socialista Joan Gaspar Vallori. Curiosament el Consell de Mallorca ha programat per aquest mat\u00ed una foto per aquest mateix projecte a l&#8217;estany dels Ponts a Alc\u00fadia, en una convocat\u00f2ria que tenia per objecte informar de novetats sobre aquest mateix projecte, despr\u00e9s que alguns mitjans s&#8217;hagin fet ress\u00f2 avui de la iniciativa socialista.<\/p>\n<p>Per Vallori, &#8220;\u00e9s una ll\u00e0stima que es deixi perdre finan\u00e7ament que ve d&#8217;Europa per fer aquest canal de regates, que en el seu projecte original no tenia cap cost per als ciutadans de Mallorca&#8221;. En el decurs del ple, la batlessa d&#8217;Alc\u00fadia ha adm\u00e8s que l&#8217;Ajuntament es far\u00e0 c\u00e0rrec del cost d&#8217;aquest edifici que cau del projecte finan\u00e7at pels <em>Next generation<\/em>. Per Vallori, &#8220;aix\u00f2 \u00e9s error i per aix\u00f2 hem demanat que en el cas que no vulguin tornar al projecte original, no tot el cost de l&#8217;edifici recaigui damunt l&#8217;esquena dels ciutadans d&#8217;Alc\u00fadia, i que hi col\u00b7labori el Govern i el Consell&#8221;.La moci\u00f3 socialista insta a l&#8217;Ajuntament a la cessi\u00f3 del solar municipal per a la construcci\u00f3 d&#8217;aquest edifici annex destinat a vestidors, gimn\u00e0s i sales de formaci\u00f3 per als esportistes.&#8221; Despr\u00e9s de 10 mesos de legislatura, la &#8216;soluci\u00f3&#8217; que ha triat el Consell PPVOX i l&#8217;Ajuntament PPVOX-UxA ha estat renunciar a un mili\u00f3 d&#8217;euros&#8221;, ha dit Vallori.[\/vc_column_text][\/vc_column][\/vc_row]\n<\/div>","protected":false},"excerpt":{"rendered":"<p>[vc_row][vc_column][vc_single_image image=&#8221;28565&#8243; img_size=&#8221;full&#8221; alignment=&#8221;center&#8221;][\/vc_column][\/vc_row][vc_row][vc_column][vc_column_text]La modificaci\u00f3 del projecte que s&#8217;ha presentat avui, 10 mesos despr\u00e9s d&#8217;iniciada la legislatura, descarta incloure l&#8217;edifici de formaci\u00f3, gimn\u00e0s i vestidors pels esportistes que contemplava el projecte original damunt d&#8217;un solar de propietat municipal, que comptava amb finan\u00e7ament dels Next generation europeus. Aquest fet fa que es perdi un mili\u00f3 d&#8217;euros&hellip;<\/p>\n","protected":false},"author":3,"featured_media":28565,"comment_status":"closed","ping_status":"open","sticky":false,"template":"","format":"standard","meta":{"footnotes":""},"categories":[89,2,1,90,92],"tags":[348,343,349,105,77,304,84],"class_list":["post-28578","post","type-post","status-publish","format-standard","has-post-thumbnail","hentry","category-consell-de-mallorca","category-federacio-de-mallorca","category-federacio-de-mallorca-portada","category-municipis","category-portada","tag-agrupacio-socialista-dalcudia","tag-andreu-serra","tag-barbara-rebassa","tag-catalina-cladera","tag-federacio-socialista-de-mallorca","tag-joan-gaspar-vallori","tag-psib-psoe"],"_links":{"self":[{"href":"https:\/\/www.psib-psoe.org\/mallorca\/wp-json\/wp\/v2\/posts\/28578"}],"collection":[{"href":"https:\/\/www.psib-psoe.org\/mallorca\/wp-json\/wp\/v2\/posts"}],"about":[{"href":"https:\/\/www.psib-psoe.org\/mallorca\/wp-json\/wp\/v2\/types\/post"}],"author":[{"embeddable":true,"href":"https:\/\/www.psib-psoe.org\/mallorca\/wp-json\/wp\/v2\/users\/3"}],"replies":[{"embeddable":true,"href":"https:\/\/www.psib-psoe.org\/mallorca\/wp-json\/wp\/v2\/comments?post=28578"}],"version-history":[{"count":0,"href":"https:\/\/www.psib-psoe.org\/mallorca\/wp-json\/wp\/v2\/posts\/28578\/revisions"}],"wp:featuredmedia":[{"embeddable":true,"href":"https:\/\/www.psib-psoe.org\/mallorca\/wp-json\/wp\/v2\/media\/28565"}],"wp:attachment":[{"href":"https:\/\/www.psib-psoe.org\/mallorca\/wp-json\/wp\/v2\/media?parent=28578"}],"wp:term":[{"taxonomy":"category","embeddable":true,"href":"https:\/\/www.psib-psoe.org\/mallorca\/wp-json\/wp\/v2\/categories?post=28578"},{"taxonomy":"post_tag","embeddable":true,"href":"https:\/\/www.psib-psoe.org\/mallorca\/wp-json\/wp\/v2\/tags?post=28578"}],"curies":[{"name":"wp","href":"https:\/\/api.w.org\/{rel}","templated":true}]}}