{"id":28591,"date":"2024-05-08T13:25:03","date_gmt":"2024-05-08T11:25:03","guid":{"rendered":"http:\/\/www.psib-psoe.org\/mallorca\/?p=28591"},"modified":"2024-10-14T11:40:32","modified_gmt":"2024-10-14T09:40:32","slug":"els-socialistes-de-mallorca-presenten-iniciatives-de-suport-a-la-llengua-catalana-als-ajuntaments-de-lilla","status":"publish","type":"post","link":"https:\/\/www.psib-psoe.org\/mallorca\/els-socialistes-de-mallorca-presenten-iniciatives-de-suport-a-la-llengua-catalana-als-ajuntaments-de-lilla\/","title":{"rendered":"Els Socialistes de Mallorca presenten iniciatives de suport a la llengua catalana als ajuntaments de l&#8217;illa."},"content":{"rendered":"<div class=\"wpb-content-wrapper\">[vc_row][vc_column][vc_single_image image=&#8221;28592&#8243; img_size=&#8221;full&#8221; alignment=&#8221;center&#8221;][\/vc_column][\/vc_row][vc_row][vc_column][vc_column_text]<em><u>La deriva contr\u00e0ria a la llengua catalana dels governs de PPVOX &#8220;s&#8217;ha de combatre des de tots els nivells, ja sigui des del carrer com es va demostrar diumenge passat amb la manifestaci\u00f3 de la OCB i de Joves per la Llengua, com des de les institucions&#8221;, ha afirmat la portaveu socialista Catalina Cladera. Els regidors socialistes als diferents ajuntaments de Mallorca presentaran una moci\u00f3 en la qual s&#8217;insta a recuperar el consens ling\u00fc\u00edstic que ha regnat a Mallorca des de la promulgaci\u00f3 de l&#8217;Estatut, i a combatre el retroc\u00e9s impulsat per PPVOX des de les institucions en detriment de l&#8217;\u00fas social de catal\u00e0 a l&#8217;escola, la sanitat p\u00fablica, o a l&#8217;administraci\u00f3. <\/u><\/em>[\/vc_column_text][\/vc_column][\/vc_row][vc_row][vc_column][vc_column_text]Els Socialistes de Mallorca defensaran mocions als ajuntaments de Mallorca a on tenen pres\u00e8ncia, en favor de l&#8217;\u00fas social de la llengua catalana i per la recuperaci\u00f3 del consens ling\u00fc\u00edstic que emana de l&#8217;Estatut d&#8217;Autonomia. La iniciativa es produeix despr\u00e9s de la massiva pres\u00e8ncia de persones en la convocat\u00f2ria en favor de la llengua d&#8217;aquest passat diumenge a Palma, organitzada per l&#8217;Obra Cultural Balear i Joves per la Llengua, que culminaren el Corre-llengua.<\/p>\n<p>&#8220;Diumenge passat es va demostrar una en\u00e8rgica resposta ciutadana contr\u00e0ria a la deriva de PPVOX que pret\u00e9n arraconar la llengua catalana i el seu \u00fas a Mallorca, per convertir-la en residual i sobrera&#8221;, ha afirmat Cladera. La llengua catalana i el seu \u00fas s&#8217;han convertit en una moneda de canvi entre PP i Vox que equilibra el seu pacte de govern: &#8220;com menys catal\u00e0, major suport a les pol\u00edtiques de Prohens i Galm\u00e9s, i d&#8217;aquesta manera creuen que es perpetuen en els c\u00e0rrecs&#8221;.<\/p>\n<p>D&#8217;aquesta manera s&#8217;han anat succeint retrocessos continus en la present legislatura, sobre el nivell d&#8217;exig\u00e8ncia de catal\u00e0 per als sanitaris, per determinades places de les administracions p\u00fabliques, per la p\u00e8rdua del car\u00e0cter de vehicular del catal\u00e0 en la comunicaci\u00f3 de les institucions com el Parlament. El punt de major conflicte es troba en la segregaci\u00f3 ling\u00fc\u00edstica a les aules de l&#8217;escola p\u00fablica de Balears, per reduir m\u00e9s la base ling\u00fc\u00edstica del catal\u00e0 a Mallorca.<\/p>\n<p>Tota aquesta pol\u00edtica de retrocessos ling\u00fc\u00edstics ha estat imposada des d&#8217;una minoria ultra com la de Vox i servilment acceptada pel PP, sota amenaces com les de no tenir suport suficient per aprovar el pressupost 2024 de la Comunitat Aut\u00f2noma. &#8220;Els Socialistes diem prou a aquests atacs que estan perpetrant en contra de la nostra llengua, i de la nostra identitat com a mallorquins&#8221;, ha afirmat Cladera; un fet que motiva la presentaci\u00f3 massiva d&#8217;aquesta moci\u00f3, que posa de manifest l&#8217;incompliment de la Constituci\u00f3, de l&#8217;Estatut d&#8217;Autonomia i de la Llei de Normalitzaci\u00f3 Ling\u00fa\u00edstica.<\/p>\n<p>La moci\u00f3 dels Socialistes de Mallorca insta a respectar el paper social i institucional de la llengua catalana segons la legislaci\u00f3 vigent, i rebutja tots els atacs soferts d&#8217;en\u00e7\u00e0 l&#8217;inici de la legislatura, els quals insta a revertir. La consellera socialista al Consell de Mallorca, Beatriu Gamund\u00ed, ha recordat que &#8220;els Socialistes manifestem ple suport a les entitats que han fet i fan bandera de la defensa del catal\u00e0 i serem darrere de totes les iniciatives que tinguin per objecte denunciar la situaci\u00f3 creada pel retroc\u00e9s ling\u00fc\u00edstic evidenciat a Mallorca des del passat mes de juliol&#8221;. En aquest sentit ha recordat com el Consell de Mallorca ha rebaixat en un 25% l&#8217;aportaci\u00f3 econ\u00f2mica a Joves per la Llengua per enguany, complint amb el pla previst per Vox per eliminar completament les subvencions a aquestes entitats en el pressupost de l&#8217;any vinent.[\/vc_column_text][\/vc_column][\/vc_row]\n<\/div>","protected":false},"excerpt":{"rendered":"<p>[vc_row][vc_column][vc_single_image image=&#8221;28592&#8243; img_size=&#8221;full&#8221; alignment=&#8221;center&#8221;][\/vc_column][\/vc_row][vc_row][vc_column][vc_column_text]La deriva contr\u00e0ria a la llengua catalana dels governs de PPVOX &#8220;s&#8217;ha de combatre des de tots els nivells, ja sigui des del carrer com es va demostrar diumenge passat amb la manifestaci\u00f3 de la OCB i de Joves per la Llengua, com des de les institucions&#8221;, ha afirmat la portaveu socialista&hellip;<\/p>\n","protected":false},"author":3,"featured_media":28592,"comment_status":"closed","ping_status":"open","sticky":false,"template":"","format":"standard","meta":{"footnotes":""},"categories":[89,2,1,90,92],"tags":[447,105,77,84],"class_list":["post-28591","post","type-post","status-publish","format-standard","has-post-thumbnail","hentry","category-consell-de-mallorca","category-federacio-de-mallorca","category-federacio-de-mallorca-portada","category-municipis","category-portada","tag-bea-gamundi","tag-catalina-cladera","tag-federacio-socialista-de-mallorca","tag-psib-psoe"],"_links":{"self":[{"href":"https:\/\/www.psib-psoe.org\/mallorca\/wp-json\/wp\/v2\/posts\/28591"}],"collection":[{"href":"https:\/\/www.psib-psoe.org\/mallorca\/wp-json\/wp\/v2\/posts"}],"about":[{"href":"https:\/\/www.psib-psoe.org\/mallorca\/wp-json\/wp\/v2\/types\/post"}],"author":[{"embeddable":true,"href":"https:\/\/www.psib-psoe.org\/mallorca\/wp-json\/wp\/v2\/users\/3"}],"replies":[{"embeddable":true,"href":"https:\/\/www.psib-psoe.org\/mallorca\/wp-json\/wp\/v2\/comments?post=28591"}],"version-history":[{"count":0,"href":"https:\/\/www.psib-psoe.org\/mallorca\/wp-json\/wp\/v2\/posts\/28591\/revisions"}],"wp:featuredmedia":[{"embeddable":true,"href":"https:\/\/www.psib-psoe.org\/mallorca\/wp-json\/wp\/v2\/media\/28592"}],"wp:attachment":[{"href":"https:\/\/www.psib-psoe.org\/mallorca\/wp-json\/wp\/v2\/media?parent=28591"}],"wp:term":[{"taxonomy":"category","embeddable":true,"href":"https:\/\/www.psib-psoe.org\/mallorca\/wp-json\/wp\/v2\/categories?post=28591"},{"taxonomy":"post_tag","embeddable":true,"href":"https:\/\/www.psib-psoe.org\/mallorca\/wp-json\/wp\/v2\/tags?post=28591"}],"curies":[{"name":"wp","href":"https:\/\/api.w.org\/{rel}","templated":true}]}}