{"id":28617,"date":"2024-05-13T16:40:32","date_gmt":"2024-05-13T14:40:32","guid":{"rendered":"http:\/\/www.psib-psoe.org\/mallorca\/?p=28617"},"modified":"2024-10-14T11:40:32","modified_gmt":"2024-10-14T09:40:32","slug":"els-socialistes-de-marratxi-celebren-la-seva-tradicional-paella-de-maig-amb-la-presencia-de-la-candidata-al-parlament-europeu-alicia-homs","status":"publish","type":"post","link":"https:\/\/www.psib-psoe.org\/mallorca\/els-socialistes-de-marratxi-celebren-la-seva-tradicional-paella-de-maig-amb-la-presencia-de-la-candidata-al-parlament-europeu-alicia-homs\/","title":{"rendered":"Els socialistes de Marratx\u00ed celebren la seva tradicional paella de maig amb la pres\u00e8ncia de la candidata al Parlament Europeu, Al\u00edcia Homs"},"content":{"rendered":"<div class=\"wpb-content-wrapper\">[vc_row][vc_column][vc_single_image image=&#8221;28618&#8243; img_size=&#8221;full&#8221; alignment=&#8221;center&#8221;][\/vc_column][\/vc_row][vc_row][vc_column][vc_column_text]<i><u><span lang=\"CA\">Homs tamb\u00e9 va participar en la celebraci\u00f3 del Dia d\u2019Europa a Palmanova (Calvi\u00e0)<\/span><\/u><\/i>[\/vc_column_text][\/vc_column][\/vc_row][vc_row][vc_column][vc_column_text]\n<p style=\"font-weight: 400;\">M\u00e9s de 100 persones han participat en la tradicional paella de maig organitzada pels socialistes de Marratx\u00ed. Aquest any ha comptat amb la pres\u00e8ncia de la candidata del PSIB-PSOE a les eleccions al Parlament Europeu del pr\u00f2xim 9 de juny.<\/p>\n<p style=\"font-weight: 400;\">Homs ha dedicat unes paraules als presents i ha fet inc\u00eds en \u201cla import\u00e0ncia de frenar els avan\u00e7os que ha fet l\u2019ultradreta en els darrers anys a diferents pa\u00efsos europeus\u201d. La candidata ha afegit que \u201cl\u2019ultradreta suposa retrocessos molt importants per a la nostra democr\u00e0cia\u201d.<\/p>\n<p style=\"font-weight: 400;\">Per altra banda, Homs ha posat en valor diferents iniciatives amb segell socialista que han tirat endavant en els darrers cinc anys al Parlament Europeu com \u201cl\u2019excepci\u00f3 ib\u00e8rica que ha perm\u00e8s abaratir el preu de la llum, pol\u00edtiques agr\u00e0ries, gesti\u00f3 de Fons Europeus per fer font a les crisis o una regulaci\u00f3 pionera al m\u00f3n de la intel\u00b7lig\u00e8ncia artificial que permetr\u00e0 protegir a les dones i nines del ciberassetjament\u201d.<\/p>\n<p style=\"font-weight: 400;\">Per la seva banda, el portaveu dels socialistes de Marratx\u00ed, Miquel Cabot, ha explicat que \u201cen 10 mesos de govern de PP-VOX\u00a0 ja hem notat al municipi la seva inoper\u00e0ncia, no han tirat endavant cap projecte propi\u201d.<\/p>\n<p style=\"font-weight: 400;\">Cabot tamb\u00e9 ha comentat \u201cla import\u00e0ncia que tenen les eleccions europees per municipis com Marratx\u00ed. La legislatura passada vam poder tirar endavant molts de projectes gr\u00e0cies als fons que ens arribaven d\u2019Europa\u201d.<\/p>\n<p style=\"font-weight: 400;\">El diputat del Grup Socialista, Carles Bona i el conseller del Grup Socialista, Andreu Serra tamb\u00e9 han participat en el dinar de l\u2019Agrupaci\u00f3 Socialista de Marratx\u00ed.<\/p>\n<p style=\"font-weight: 400;\">Abans del dinar, Al\u00edcia Homs va participar en la celebraci\u00f3 del Dia d\u2019Europa a Palmanova acompanyada per diferents membres de l\u2019Agrupaci\u00f3 Socialista de Calvi\u00e0.<\/p>\n[\/vc_column_text][\/vc_column][\/vc_row]\n<\/div>","protected":false},"excerpt":{"rendered":"<p>[vc_row][vc_column][vc_single_image image=&#8221;28618&#8243; img_size=&#8221;full&#8221; alignment=&#8221;center&#8221;][\/vc_column][\/vc_row][vc_row][vc_column][vc_column_text]Homs tamb\u00e9 va participar en la celebraci\u00f3 del Dia d\u2019Europa a Palmanova (Calvi\u00e0)[\/vc_column_text][\/vc_column][\/vc_row][vc_row][vc_column][vc_column_text] M\u00e9s de 100 persones han participat en la tradicional paella de maig organitzada pels socialistes de Marratx\u00ed. Aquest any ha comptat amb la pres\u00e8ncia de la candidata del PSIB-PSOE a les eleccions al Parlament Europeu del pr\u00f2xim 9 de&hellip;<\/p>\n","protected":false},"author":6,"featured_media":28618,"comment_status":"closed","ping_status":"open","sticky":false,"template":"","format":"standard","meta":{"footnotes":""},"categories":[90,92],"tags":[535,101,100,84],"class_list":["post-28617","post","type-post","status-publish","format-standard","has-post-thumbnail","hentry","category-municipis","category-portada","tag-alicia-homs","tag-marratxi","tag-miquel-cabot","tag-psib-psoe"],"_links":{"self":[{"href":"https:\/\/www.psib-psoe.org\/mallorca\/wp-json\/wp\/v2\/posts\/28617"}],"collection":[{"href":"https:\/\/www.psib-psoe.org\/mallorca\/wp-json\/wp\/v2\/posts"}],"about":[{"href":"https:\/\/www.psib-psoe.org\/mallorca\/wp-json\/wp\/v2\/types\/post"}],"author":[{"embeddable":true,"href":"https:\/\/www.psib-psoe.org\/mallorca\/wp-json\/wp\/v2\/users\/6"}],"replies":[{"embeddable":true,"href":"https:\/\/www.psib-psoe.org\/mallorca\/wp-json\/wp\/v2\/comments?post=28617"}],"version-history":[{"count":0,"href":"https:\/\/www.psib-psoe.org\/mallorca\/wp-json\/wp\/v2\/posts\/28617\/revisions"}],"wp:featuredmedia":[{"embeddable":true,"href":"https:\/\/www.psib-psoe.org\/mallorca\/wp-json\/wp\/v2\/media\/28618"}],"wp:attachment":[{"href":"https:\/\/www.psib-psoe.org\/mallorca\/wp-json\/wp\/v2\/media?parent=28617"}],"wp:term":[{"taxonomy":"category","embeddable":true,"href":"https:\/\/www.psib-psoe.org\/mallorca\/wp-json\/wp\/v2\/categories?post=28617"},{"taxonomy":"post_tag","embeddable":true,"href":"https:\/\/www.psib-psoe.org\/mallorca\/wp-json\/wp\/v2\/tags?post=28617"}],"curies":[{"name":"wp","href":"https:\/\/api.w.org\/{rel}","templated":true}]}}