{"id":28641,"date":"2024-05-21T12:35:05","date_gmt":"2024-05-21T10:35:05","guid":{"rendered":"http:\/\/www.psib-psoe.org\/mallorca\/?p=28641"},"modified":"2024-10-14T11:40:31","modified_gmt":"2024-10-14T09:40:31","slug":"els-socialistes-de-campanet-consideren-que-una-questio-de-confianca-no-resoldra-la-manca-destabilitat-de-iajuntament","status":"publish","type":"post","link":"https:\/\/www.psib-psoe.org\/mallorca\/els-socialistes-de-campanet-consideren-que-una-questio-de-confianca-no-resoldra-la-manca-destabilitat-de-iajuntament\/","title":{"rendered":"Els Socialistes de Campanet consideren que una q\u00fcesti\u00f3 de confian\u00e7a no resoldr\u00e0 la manca d\u2019estabilitat de I\u2019Ajuntament"},"content":{"rendered":"<div class=\"wpb-content-wrapper\">[vc_row][vc_column][vc_single_image image=&#8221;27815&#8243; img_size=&#8221;full&#8221; alignment=&#8221;center&#8221;][\/vc_column][\/vc_row][vc_row][vc_column][vc_raw_html]JTBB[\/vc_raw_html][\/vc_column][\/vc_row][vc_row][vc_column][vc_column_text]<i><u>La portaveu socialista, Rosa Bestard. defensa el paper imprescindible dels<\/u><\/i><i>\u00a0<\/i><i><u>socialistes\u00a0per\u00a0garantir\u00a0el\u00a0progr\u00e9s\u00a0o\u00a0Campanet<\/u><\/i>[\/vc_column_text][\/vc_column][\/vc_row][vc_row][vc_column][vc_column_text]\n<p style=\"font-weight: 400;\">El Grup Socialista de Campanet no creu que la q\u00fcesti\u00f3 de confian\u00e7a\u00a0sigui\u00a0la formula adequada per governar i donar estabilitat al municipi i molt\u00a0manco per aprovar els pressuposts del 2024. \u201c\u00c9s evident que pretendre\u00a0quadrar els\u00a0comptes\u00a0municipals\u00a0amb\u00a0una\u00a0q\u00fcesti\u00f3\u00a0de\u00a0confian\u00e7a\u00a0no\u00a0\u00e9s\u00a0la\u00a0millor\u00a0manera\u00a0de\u00a0governar\u00a0el\u00a0municipi\u201d.<\/p>\n<p style=\"font-weight: 400;\">Davant d&#8217;aquesta situaci\u00f3, els socialistes de Campanet\u00a0han manifestat\u00a0que \u201cdes del govern i des de l\u2019oposici\u00f3 sempre hem treballat per l\u2019inter\u00e8s\u00a0general de Campanet i el nostres inter\u00e8s \u00e9s seguint-ho fent\u201d. Rosa\u00a0Bestard ha reiterat el seu comprom\u00eds per aportar \u201cestabilitat i pol\u00edtiques\u00a0progressistes\u00a0al\u00a0municipi\u201d.<\/p>\n<p style=\"font-weight: 400;\">Els socialistes han afirmat que, davant aquesta\u00a0situaci\u00f3, \u201cens posam a\u00a0disposici\u00f3 del poble amb la convicci\u00f3 que una q\u00fcesti\u00f3 de confian\u00e7a\u00a0allargar\u00e0 indefinidament\u00a0una situaci\u00f3 que no resol els problemes dels\u00a0campanaters\u00a0i\u00a0campaneteres\u201d.<\/p>\n<p style=\"font-weight: 400;\">Aquesta\u00a0inestabilitat\u00a0s&#8217;ha\u00a0evidenciat\u00a0en\u00a0diverses\u00a0ocasions\u00a0recents,\u00a0com\u00a0les\u00a0festes de Pasqua o la fira de maig, on esdeveniments tradicionals no han\u00a0llu\u00eft\u00a0com\u00a0desitjarien.<\/p>\n<p style=\"font-weight: 400;\">Els socialistes de Campanet, per acabar, han manifestat que \u201ctenim una\u00a0bona predisposici\u00f3 al di\u00e0leg, tal com hem fet saber en tot moment els en\u00a0el consistori del municipi\u00a0i estam conven\u00e7uts\u00a0que la estabilitat al consistori\u00a0\u00e9s\u00a0la\u00a0clau\u00a0per\u00a0tirar\u00a0endavant\u00a0pol\u00edtiques\u00a0de\u00a0progr\u00e9s\u201d.<\/p>\n[\/vc_column_text][\/vc_column][\/vc_row]\n<\/div>","protected":false},"excerpt":{"rendered":"<p>[vc_row][vc_column][vc_single_image image=&#8221;27815&#8243; img_size=&#8221;full&#8221; alignment=&#8221;center&#8221;][\/vc_column][\/vc_row][vc_row][vc_column][vc_raw_html]JTBB[\/vc_raw_html][\/vc_column][\/vc_row][vc_row][vc_column][vc_column_text]La portaveu socialista, Rosa Bestard. defensa el paper imprescindible dels\u00a0socialistes\u00a0per\u00a0garantir\u00a0el\u00a0progr\u00e9s\u00a0o\u00a0Campanet[\/vc_column_text][\/vc_column][\/vc_row][vc_row][vc_column][vc_column_text] El Grup Socialista de Campanet no creu que la q\u00fcesti\u00f3 de confian\u00e7a\u00a0sigui\u00a0la formula adequada per governar i donar estabilitat al municipi i molt\u00a0manco per aprovar els pressuposts del 2024. \u201c\u00c9s evident que pretendre\u00a0quadrar els\u00a0comptes\u00a0municipals\u00a0amb\u00a0una\u00a0q\u00fcesti\u00f3\u00a0de\u00a0confian\u00e7a\u00a0no\u00a0\u00e9s\u00a0la\u00a0millor\u00a0manera\u00a0de\u00a0governar\u00a0el\u00a0municipi\u201d. Davant d&#8217;aquesta situaci\u00f3, els socialistes de Campanet\u00a0han manifestat\u00a0que&hellip;<\/p>\n","protected":false},"author":3,"featured_media":27815,"comment_status":"closed","ping_status":"open","sticky":false,"template":"","format":"standard","meta":{"footnotes":""},"categories":[2,1,90,92],"tags":[227,307,105,226,84,389,490],"class_list":["post-28641","post","type-post","status-publish","format-standard","has-post-thumbnail","hentry","category-federacio-de-mallorca","category-federacio-de-mallorca-portada","category-municipis","category-portada","tag-antonia-sastre","tag-campanet","tag-catalina-cladera","tag-javier-de-juan","tag-psib-psoe","tag-rosa-bestard","tag-socialistes-de-campanet"],"_links":{"self":[{"href":"https:\/\/www.psib-psoe.org\/mallorca\/wp-json\/wp\/v2\/posts\/28641"}],"collection":[{"href":"https:\/\/www.psib-psoe.org\/mallorca\/wp-json\/wp\/v2\/posts"}],"about":[{"href":"https:\/\/www.psib-psoe.org\/mallorca\/wp-json\/wp\/v2\/types\/post"}],"author":[{"embeddable":true,"href":"https:\/\/www.psib-psoe.org\/mallorca\/wp-json\/wp\/v2\/users\/3"}],"replies":[{"embeddable":true,"href":"https:\/\/www.psib-psoe.org\/mallorca\/wp-json\/wp\/v2\/comments?post=28641"}],"version-history":[{"count":0,"href":"https:\/\/www.psib-psoe.org\/mallorca\/wp-json\/wp\/v2\/posts\/28641\/revisions"}],"wp:featuredmedia":[{"embeddable":true,"href":"https:\/\/www.psib-psoe.org\/mallorca\/wp-json\/wp\/v2\/media\/27815"}],"wp:attachment":[{"href":"https:\/\/www.psib-psoe.org\/mallorca\/wp-json\/wp\/v2\/media?parent=28641"}],"wp:term":[{"taxonomy":"category","embeddable":true,"href":"https:\/\/www.psib-psoe.org\/mallorca\/wp-json\/wp\/v2\/categories?post=28641"},{"taxonomy":"post_tag","embeddable":true,"href":"https:\/\/www.psib-psoe.org\/mallorca\/wp-json\/wp\/v2\/tags?post=28641"}],"curies":[{"name":"wp","href":"https:\/\/api.w.org\/{rel}","templated":true}]}}