{"id":28653,"date":"2024-05-27T14:53:12","date_gmt":"2024-05-27T12:53:12","guid":{"rendered":"http:\/\/www.psib-psoe.org\/mallorca\/?p=28653"},"modified":"2024-10-14T11:40:31","modified_gmt":"2024-10-14T09:40:31","slug":"el-psoe-de-manacor-proposa-que-les-escoletes-0-3-anys-garanteixin-la-gratuitat-de-lescola-matinera-i-la-del-mes-de-juliol","status":"publish","type":"post","link":"https:\/\/www.psib-psoe.org\/mallorca\/el-psoe-de-manacor-proposa-que-les-escoletes-0-3-anys-garanteixin-la-gratuitat-de-lescola-matinera-i-la-del-mes-de-juliol\/","title":{"rendered":"El PSOE de Manacor proposa que les escoletes 0-3 anys garanteixin la gratu\u00eftat de l\u2019escola matinera i la del mes de juliol."},"content":{"rendered":"<div class=\"wpb-content-wrapper\">[vc_row][vc_column][vc_single_image image=&#8221;28654&#8243; img_size=&#8221;full&#8221; alignment=&#8221;center&#8221;][\/vc_column][\/vc_row][vc_row][vc_column][vc_raw_html]JTBB[\/vc_raw_html][\/vc_column][\/vc_row][vc_row][vc_column][vc_column_text]<em><span style=\"font-weight: 400;\">Fan aquestes dues propostes amb motiu de la presentaci\u00f3 d\u2019al\u00b7legacions a l\u2019Ordenan\u00e7a reguladora del preu p\u00fablic per la prestaci\u00f3 del servei d\u2019escoletes 0-3 que s\u2019ha d\u2019aprovar en breu.\u00a0<\/span><\/em><\/p>\n<p><em><span style=\"font-weight: 400;\">Sol\u00b7liciten a l\u2019Ajuntament que prioritzi la construcci\u00f3 de les escoletes 0-3 de Porto Cristo i s\u2019Illot, per les quals s\u2019ha rebut una subvenci\u00f3 de fons europeus per valor de 1.310.000 euros.\u00a0<\/span><\/em><\/p>\n<p><em><span style=\"font-weight: 400;\">Recorden que el contracte d\u2019atenci\u00f3 a la primera inf\u00e0ncia que permet prestar el servei a les escoletes finalitza el pr\u00f2xim 31 de juliol i que \u00e9s necessari que el nou contracte incorpori un increment del personal i millores laborals i salarials per les educadores infantils. <\/span><\/em>[\/vc_column_text][\/vc_column][\/vc_row][vc_row][vc_column][vc_column_text]<span style=\"font-weight: 400;\">N\u00faria Hinojosa, portaveu del grup municipal socialista, i Amanda Fern\u00e1ndez, diputada socialista al Parlament han ofert aquest mat\u00ed una roda de premsa per senyalar la import\u00e0ncia del servei de primera inf\u00e0ncia i fer una crida a l\u2019Ajuntament de Manacor perqu\u00e8 el situ\u00ef en el centre de l\u2019agenda pol\u00edtica.\u00a0<\/span><\/p>\n<p><span style=\"font-weight: 400;\">En primer lloc, Hinojosa ha anunciat la presentaci\u00f3 de dues al\u00b7legacions a l\u2019Ordenan\u00e7a que regula el preu p\u00fablic de les escoletes. La primera reclama que l\u2019Ajuntament de Manacor subvencioni el 100% del cost de l\u2019escoleta matinera, des de les 7.30 h fins les 8.45 h. Actualment el preu per a les fam\u00edlies \u00e9s de 21 euros al mes i els socialistes calculen que, en el cas hipot\u00e8tic de que s\u2019hi acollissin el 50% de les fam\u00edlies, l\u2019Ajuntament deixaria de percebre uns 17.000 euros. La segona al\u00b7legaci\u00f3 proposa que l\u2019Ajuntament de Manacor subvencioni el 100% del cost de l\u2019escoleta durant el mes de juliol, que no rep la subvenci\u00f3 de la Conselleria d\u2019Educaci\u00f3 pel fet de no estar incl\u00f2s dins el calendari educatiu. El preu actual per a les fam\u00edlies \u00e9s de 197 euros al mes pels infants de 0-1 anys i de 187 euros pels de 1-2 i 2-3 anys. En el cas hipot\u00e8tic de que s\u2019hi acollissin el total de les fam\u00edlies de les dues escoletes p\u00fabliques, l\u2019Ajuntament deixaria de percebre uns 14.000 euros.\u00a0\u00a0<\/span><\/p>\n<p><span style=\"font-weight: 400;\">En aquest sentit, hem de recordar que la Conselleria d\u2019Educaci\u00f3 assegura la gratu\u00eftat de tot el primer cicle d\u2019educaci\u00f3 infantil durant la franja hor\u00e0ria que va des de les 9 h a les 13 h, que \u00e9s l\u2019horari d\u2019escolaritzaci\u00f3, des del mes de setembre al mes de juny. Per cobrir aquests costs, l&#8217;Ajuntament de Manacor rep una subvenci\u00f3 de 540.000 euros per cada curs escolar. Per tant, aquestes al\u00b7legacions van en la direcci\u00f3 d\u2019aconseguir que el primer cicle d\u2019educaci\u00f3 infantil<\/span><\/p>\n<p><span style=\"font-weight: 400;\">sigui econ\u00f2micament m\u00e9s viable per les fam\u00edlies manacorines i que s\u2019inverteixi en serveis a la primera inf\u00e0ncia per tal de garantir la qualitat i l\u2019acc\u00e9s universal d\u2019aquest servei.\u00a0\u00a0<\/span><\/p>\n<p><span style=\"font-weight: 400;\">Precisament per assegurar l\u2019acc\u00e9s universal al servei de les escoletes 0-3 \u00e9s necessari que Manacor creixi en n\u00famero de places p\u00fabliques. Aix\u00ed ho ha apuntat Amanda Fern\u00e1ndez, directora general de Primera inf\u00e0ncia de la Conselleria d\u2019Educaci\u00f3 durant l\u2019anterior legislatura, que assegura que \u201cel municipi en t\u00e9 un elevat d\u00e8ficit i se situa a la cua del r\u00e0nquing del mapa escolar de les Illes Balears pel que fa a l\u2019oferta de places en relaci\u00f3 al total d\u2019infants 0-3 empadronats.\u201d\u00a0\u00a0<\/span><\/p>\n<p><span style=\"font-weight: 400;\">En concret, al 2019 Manacor presentava una poblaci\u00f3 de 1322 infants i nom\u00e9s disposava de 190 places p\u00fabliques i privades, la qual cosa es tradueix en qu\u00e8 nom\u00e9s tenen acc\u00e9s a una pla\u00e7a p\u00fablica el 14,37% dels infants empadronats a Manacor (veure quadre adjunt).\u00a0\u00a0<\/span><\/p>\n<p><span style=\"font-weight: 400;\">Com \u00e9s conegut, la Conselleria d\u2019Educaci\u00f3 va posar en marxa a l\u2019any 2021 convocat\u00f2ries de creaci\u00f3 de noves places p\u00fabliques per als ajuntaments i la reconversi\u00f3 de guardaries en escoletes de la xarxa complement\u00e0ria. En el cas de Manacor, es concedeix al desembre del 2021 una subvenci\u00f3 per crear dues escoletes p\u00fabliques a Porto Cristo i a s\u2019Illot, de 74 i 30 places, respectivament. Aquesta subvenci\u00f3 es va veure ampliada al desembre de 2023, tant en terminis d\u2019execuci\u00f3 com en pressupost, fins a un total de 1.310.400 euros. Cal afegir tamb\u00e9 l\u2019ajut en esp\u00e8cie d\u2019assessorament t\u00e8cnic i jur\u00eddic amb un valor de 64.688 euros, que rep Manacor. El termini per executar les obres d\u2019ambdues escoletes finalitzar\u00e0, en principi, al setembre de 2025.\u00a0<\/span><\/p>\n<p><span style=\"font-weight: 400;\">N\u00faria Hinojosa, delegada d\u2019Urbanisme a l\u2019Ajuntament durant l\u2019anterior mandat, afirma que \u201ca\u00a0 dia d\u2019avui, l\u2019Ajuntament de Manacor encara no ha aprovat el projecte constructiu i, per tant,\u00a0 no ha iniciat la licitaci\u00f3 de les obres per l\u2019escoleta de Porto Cristo. En el cas de s\u2019Illot, la licitaci\u00f3 va quedar deserta a finals de l\u2019any passat quan es va treure a concurs i no s\u2019ha tornat a treure\u00a0 novament\u201d.\u00a0<\/span><\/p>\n<p><span style=\"font-weight: 400;\">Per acabar, Hinojosa i Fern\u00e1ndez han recordat que el contracte d\u2019atenci\u00f3 a la primera inf\u00e0ncia que permet prestar el servei a les escoletes finalitza el 31 de juliol de 2024 i encara no s\u2019ha iniciat l\u2019expedient per treure el nou contracte que haur\u00e0 de recollir les millores salarials i laborals, aix\u00ed com una revisi\u00f3 de les necessitats \u00f2ptimes de personal per millorar la qualitat educativa que es presta a les escoletes p\u00fabliques.<\/span>[\/vc_column_text][\/vc_column][\/vc_row]\n<\/div>","protected":false},"excerpt":{"rendered":"<p>[vc_row][vc_column][vc_single_image image=&#8221;28654&#8243; img_size=&#8221;full&#8221; alignment=&#8221;center&#8221;][\/vc_column][\/vc_row][vc_row][vc_column][vc_raw_html]JTBB[\/vc_raw_html][\/vc_column][\/vc_row][vc_row][vc_column][vc_column_text]Fan aquestes dues propostes amb motiu de la presentaci\u00f3 d\u2019al\u00b7legacions a l\u2019Ordenan\u00e7a reguladora del preu p\u00fablic per la prestaci\u00f3 del servei d\u2019escoletes 0-3 que s\u2019ha d\u2019aprovar en breu.\u00a0 Sol\u00b7liciten a l\u2019Ajuntament que prioritzi la construcci\u00f3 de les escoletes 0-3 de Porto Cristo i s\u2019Illot, per les quals s\u2019ha rebut una subvenci\u00f3 de&hellip;<\/p>\n","protected":false},"author":3,"featured_media":28654,"comment_status":"closed","ping_status":"open","sticky":false,"template":"","format":"standard","meta":{"footnotes":""},"categories":[2,1,90,92],"tags":[394,218,227,105,392,79],"class_list":["post-28653","post","type-post","status-publish","format-standard","has-post-thumbnail","hentry","category-federacio-de-mallorca","category-federacio-de-mallorca-portada","category-municipis","category-portada","tag-agrupacio-socialista-de-manacor","tag-amanda-fernandez","tag-antonia-sastre","tag-catalina-cladera","tag-nuria-hinojosa","tag-socialistes-de-mallorca"],"_links":{"self":[{"href":"https:\/\/www.psib-psoe.org\/mallorca\/wp-json\/wp\/v2\/posts\/28653"}],"collection":[{"href":"https:\/\/www.psib-psoe.org\/mallorca\/wp-json\/wp\/v2\/posts"}],"about":[{"href":"https:\/\/www.psib-psoe.org\/mallorca\/wp-json\/wp\/v2\/types\/post"}],"author":[{"embeddable":true,"href":"https:\/\/www.psib-psoe.org\/mallorca\/wp-json\/wp\/v2\/users\/3"}],"replies":[{"embeddable":true,"href":"https:\/\/www.psib-psoe.org\/mallorca\/wp-json\/wp\/v2\/comments?post=28653"}],"version-history":[{"count":0,"href":"https:\/\/www.psib-psoe.org\/mallorca\/wp-json\/wp\/v2\/posts\/28653\/revisions"}],"wp:featuredmedia":[{"embeddable":true,"href":"https:\/\/www.psib-psoe.org\/mallorca\/wp-json\/wp\/v2\/media\/28654"}],"wp:attachment":[{"href":"https:\/\/www.psib-psoe.org\/mallorca\/wp-json\/wp\/v2\/media?parent=28653"}],"wp:term":[{"taxonomy":"category","embeddable":true,"href":"https:\/\/www.psib-psoe.org\/mallorca\/wp-json\/wp\/v2\/categories?post=28653"},{"taxonomy":"post_tag","embeddable":true,"href":"https:\/\/www.psib-psoe.org\/mallorca\/wp-json\/wp\/v2\/tags?post=28653"}],"curies":[{"name":"wp","href":"https:\/\/api.w.org\/{rel}","templated":true}]}}