{"id":28656,"date":"2024-05-28T12:04:35","date_gmt":"2024-05-28T10:04:35","guid":{"rendered":"http:\/\/www.psib-psoe.org\/mallorca\/?p=28656"},"modified":"2024-10-14T11:40:31","modified_gmt":"2024-10-14T09:40:31","slug":"latencio-integral-a-les-persones-majors-objectiu-dels-socialistes-europeus-per-a-la-proxima-legislatura","status":"publish","type":"post","link":"https:\/\/www.psib-psoe.org\/mallorca\/latencio-integral-a-les-persones-majors-objectiu-dels-socialistes-europeus-per-a-la-proxima-legislatura\/","title":{"rendered":"L&#8217;atenci\u00f3 integral a les persones majors, objectiu dels Socialistes europeus per a la pr\u00f2xima legislatura"},"content":{"rendered":"<div class=\"wpb-content-wrapper\">[vc_row][vc_column][vc_single_image image=&#8221;28657&#8243; img_size=&#8221;full&#8221; alignment=&#8221;center&#8221;][\/vc_column][\/vc_row][vc_row][vc_column][vc_raw_html]JTBB[\/vc_raw_html][\/vc_column][\/vc_row][vc_row][vc_column][vc_column_text]<em><u>La candidata socialista a la llista del PSOE a les Eleccions Europees 2024, Al\u00edcia Homs, i la secret\u00e0ria general de la federaci\u00f3 Socialista de Mallorca, Catalina Cladera presenten les pol\u00edtiques socials destinades a les persones majors davant de representants de diverses associacions i col\u00b7lectius. Garantir projectes de vida dignes a totes les persones durant totes les etapes de la seva vida, potenciar l&#8217;economia de les cures, i combatre l&#8217;edatisme i la solitud no desitjada dels majors, principals propostes program\u00e0tiques dels Socialistes per aquest pr\u00f2xim lustre a Europa. <\/u><\/em><\/p>\n<p><em><u>Homs tamb\u00e9 ha mostrat el seu &#8220;orgull com a espanyola&#8221; despr\u00e9s que avui el president del Govern d&#8217;Espanya, Pedro S\u00e1nchez, hagi fet oficial el reconeixement de Palestina com a Estat independent. <\/u><\/em>[\/vc_column_text][\/vc_column][\/vc_row][vc_row][vc_column][vc_column_text]A Balears hi viuen prop de 200.000 persones majors de 65 anys. Una poblaci\u00f3 heterog\u00e8nia, que no obstant constitueix m\u00e9s d&#8217;un 15% del total dels residents, i que manifesten unes necessitats creixents per poder mantenir condicions de vida i autonomia, i sobretot, el dret propi a decidir com volen afrontar l&#8217;envelliment. Davant d&#8217;aix\u00f2, els Socialistes europeus plantegen iniciatives que tenen per objectiu l&#8217;atenci\u00f3 integral per a depend\u00e8ncia, per\u00f2 tamb\u00e9 per al temps de lleure, estudis, protecci\u00f3 efectiva, l&#8217;assist\u00e8ncia sanit\u00e0ria de qualitat, el manteniment de l&#8217;autonomia personal i la lluita contra l\u2019estigma de l\u2019edatisme.<\/p>\n<p>En aquesta l\u00ednia s&#8217;emmarca l&#8217;Estrat\u00e8gia europea per a persones majors, que aquesta legislatura ha vist la llum a Brussel\u00b7les, amb el suport imprescindible de les esquerres d&#8217;Europa. Al\u00edcia Homs, candidata dels Socialistes de Balears a les llistes del PSOE a les Europees 2024, ha destacat aquest fet, i ha refermat el &#8220;comprom\u00eds&#8221; per seguir treballant en refor\u00e7ar la &#8220;solidaritat intergeneracional&#8221;, per blindar que &#8220;els joves que pertanyem a una altra generaci\u00f3 puguem defensar la feina feta per la gent major, que han constru\u00eft el projecte europeu democr\u00e0tic que ara tenim&#8221;.<\/p>\n<p>Homs ha recordat com el Govern de S\u00e1nchez ha estat capa\u00e7 d&#8217;apujar les pensions un 8,5%, per evitar que els jubilats i jubilades perdin poder adquisitiu, en contraposici\u00f3 amb l&#8217;actitud del Govern de Rajoy, que minor\u00e0 els increments de les prestacions a un 0,25%, uns increments irrisoris &#8220;que no servien ni per pagar les cartes que rebien les persones majors per anunciar la mesura&#8221;.<\/p>\n<p>Un exemple d&#8217;aplicaci\u00f3 real de pol\u00edtiques socials destinades al col\u00b7lectiu de gent major es troba en els darrers anys de mandat socialista al Consell de Mallorca. Catalina Cladera, presidenta de la instituci\u00f3 insular entre 2019 i 2023 ha recordat &#8220;la feina per oferir activitats de lleure i incrementar l&#8217;autonomia de les persones majors&#8221;, i entre totes les iniciatives ha destacat la del Servei d&#8217;Atenci\u00f3 Integral a Domicili, el SAID, que Cladera ha proposat traslladar a Europa. La socialista tamb\u00e9 ha alertat de la import\u00e0ncia de seguir apostant per pol\u00edtiques socials destinades a la gent gran, en contraposici\u00f3 a l&#8217;actitud que\u00a0 mostren PPVox des del Govern auton\u00f2mic i insular.<\/p>\n<p>Homs i Cladera han presentat les mesures del programa europeu dels Socialistes destinades a les persones majors en un col\u00b7loqui que ha comptat amb la pres\u00e8ncia de diferents responsables d&#8217;associacions i col\u00b7lectius de persones majors a Palma.<\/p>\n<!--[if lt IE 9]><script>document.createElement('audio');<\/script><![endif]-->\n<audio class=\"wp-audio-shortcode\" id=\"audio-28656-1\" preload=\"none\" style=\"width: 100%;\" controls=\"controls\"><source type=\"audio\/mpeg\" src=\"http:\/\/www.psib-psoe.org\/mallorca\/wp-content\/uploads\/280524_CATALINA-CLADERA-ACTE-GENT-GRAN.mp3?_=1\" \/><a href=\"http:\/\/www.psib-psoe.org\/mallorca\/wp-content\/uploads\/280524_CATALINA-CLADERA-ACTE-GENT-GRAN.mp3\">http:\/\/www.psib-psoe.org\/mallorca\/wp-content\/uploads\/280524_CATALINA-CLADERA-ACTE-GENT-GRAN.mp3<\/a><\/audio>\n<audio class=\"wp-audio-shortcode\" id=\"audio-28656-2\" preload=\"none\" style=\"width: 100%;\" controls=\"controls\"><source type=\"audio\/mpeg\" src=\"http:\/\/www.psib-psoe.org\/mallorca\/wp-content\/uploads\/280524_ALI\u0301CIA-HOMS-Acte-gent-gran.mp3?_=2\" \/><a href=\"http:\/\/www.psib-psoe.org\/mallorca\/wp-content\/uploads\/280524_ALI\u0301CIA-HOMS-Acte-gent-gran.mp3\">http:\/\/www.psib-psoe.org\/mallorca\/wp-content\/uploads\/280524_ALI\u0301CIA-HOMS-Acte-gent-gran.mp3<\/a><\/audio>\n[\/vc_column_text][\/vc_column][\/vc_row]\n<\/div>","protected":false},"excerpt":{"rendered":"<p>[vc_row][vc_column][vc_single_image image=&#8221;28657&#8243; img_size=&#8221;full&#8221; alignment=&#8221;center&#8221;][\/vc_column][\/vc_row][vc_row][vc_column][vc_raw_html]JTBB[\/vc_raw_html][\/vc_column][\/vc_row][vc_row][vc_column][vc_column_text]La candidata socialista a la llista del PSOE a les Eleccions Europees 2024, Al\u00edcia Homs, i la secret\u00e0ria general de la federaci\u00f3 Socialista de Mallorca, Catalina Cladera presenten les pol\u00edtiques socials destinades a les persones majors davant de representants de diverses associacions i col\u00b7lectius. Garantir projectes de vida dignes a totes les&hellip;<\/p>\n","protected":false},"author":3,"featured_media":28657,"comment_status":"closed","ping_status":"open","sticky":false,"template":"","format":"standard","meta":{"footnotes":""},"categories":[2,1,90,92],"tags":[535,227,105,106,536,79],"class_list":["post-28656","post","type-post","status-publish","format-standard","has-post-thumbnail","hentry","category-federacio-de-mallorca","category-federacio-de-mallorca-portada","category-municipis","category-portada","tag-alicia-homs","tag-antonia-sastre","tag-catalina-cladera","tag-cosme-bonet","tag-eleccions-europees-2024","tag-socialistes-de-mallorca"],"_links":{"self":[{"href":"https:\/\/www.psib-psoe.org\/mallorca\/wp-json\/wp\/v2\/posts\/28656"}],"collection":[{"href":"https:\/\/www.psib-psoe.org\/mallorca\/wp-json\/wp\/v2\/posts"}],"about":[{"href":"https:\/\/www.psib-psoe.org\/mallorca\/wp-json\/wp\/v2\/types\/post"}],"author":[{"embeddable":true,"href":"https:\/\/www.psib-psoe.org\/mallorca\/wp-json\/wp\/v2\/users\/3"}],"replies":[{"embeddable":true,"href":"https:\/\/www.psib-psoe.org\/mallorca\/wp-json\/wp\/v2\/comments?post=28656"}],"version-history":[{"count":0,"href":"https:\/\/www.psib-psoe.org\/mallorca\/wp-json\/wp\/v2\/posts\/28656\/revisions"}],"wp:featuredmedia":[{"embeddable":true,"href":"https:\/\/www.psib-psoe.org\/mallorca\/wp-json\/wp\/v2\/media\/28657"}],"wp:attachment":[{"href":"https:\/\/www.psib-psoe.org\/mallorca\/wp-json\/wp\/v2\/media?parent=28656"}],"wp:term":[{"taxonomy":"category","embeddable":true,"href":"https:\/\/www.psib-psoe.org\/mallorca\/wp-json\/wp\/v2\/categories?post=28656"},{"taxonomy":"post_tag","embeddable":true,"href":"https:\/\/www.psib-psoe.org\/mallorca\/wp-json\/wp\/v2\/tags?post=28656"}],"curies":[{"name":"wp","href":"https:\/\/api.w.org\/{rel}","templated":true}]}}