{"id":28667,"date":"2024-05-31T09:26:12","date_gmt":"2024-05-31T07:26:12","guid":{"rendered":"http:\/\/www.psib-psoe.org\/mallorca\/?p=28667"},"modified":"2024-10-14T11:40:31","modified_gmt":"2024-10-14T09:40:31","slug":"els-socialistes-de-llucmajor-alerten-del-caos-de-lequip-de-govern-ppvox-que-exigeixen-ara-millores-que-no-han-inclos-en-els-pressupostos-de-2024-aprovat-amb-els-seus-vots","status":"publish","type":"post","link":"https:\/\/www.psib-psoe.org\/mallorca\/els-socialistes-de-llucmajor-alerten-del-caos-de-lequip-de-govern-ppvox-que-exigeixen-ara-millores-que-no-han-inclos-en-els-pressupostos-de-2024-aprovat-amb-els-seus-vots\/","title":{"rendered":"Els Socialistes de Llucmajor alerten del caos de l&#8217;equip de govern PPVOX, que exigeixen ara millores que no han incl\u00f2s en els pressupostos de 2024 aprovat amb els seus vots."},"content":{"rendered":"<div class=\"wpb-content-wrapper\">[vc_row][vc_column][vc_single_image image=&#8221;28668&#8243; img_size=&#8221;full&#8221; alignment=&#8221;center&#8221;][\/vc_column][\/vc_row][vc_row][vc_column][vc_raw_html]JTBB[\/vc_raw_html][\/vc_column][\/vc_row][vc_row][vc_column][vc_column_text]<em><u>Esperpent a Llucmajor davant la proposta de VOX, membre de l&#8217;equip de govern municipal, de fer millores a la climatitzaci\u00f3 del centre de majors de Badia Gran, quan aquest punt no figura entre les previsions d&#8217;inversi\u00f3 a Llucmajor en els pressupostos aprovats per ells mateixos fa un mes. Es dona la circumst\u00e0ncia, a m\u00e9s, que la instal\u00b7laci\u00f3 d&#8217;aire condicionat a depend\u00e8ncies municipals, va ser una de les demandes del portaveu socialista a Llucmajor, Jaume J. Oliver, per ser inclosa dins dels comptes de 2024, i no va ser tinguda en compte per l&#8217;equip de govern. <\/u><\/em>[\/vc_column_text][\/vc_column][\/vc_row][vc_row][vc_column][vc_column_text]Estupor davant la darrera ocurr\u00e8ncia de VOX a Llucmajor. Un mes despr\u00e9s d&#8217;aprovar els comptes municipals per enguany, amb el seu suport i participaci\u00f3 com a membres de l&#8217;equip de govern, ara es despengen amb la petici\u00f3 de dotar d&#8217;aire condicionat algunes de les depend\u00e8ncies municipals, com el centre de persones majors de Badia Gran, que no estan climatitzades, quan aquest punt no apareix dins de les inversions previstes en 2024.<\/p>\n<p>&#8220;Ens resulta totalment inversemblant com VOX, a costa de la resta de l&#8217;equip de govern, t\u00e9 la cara dura de reclamar una cosa que hauria de ser la seva responsabilitat, ja que ells estan governant i que haurien de solucionar i prioritzar\u201d, ha afirmat el portaveu socialista Jaume J. Oliver.<\/p>\n<p>El socialista ha recordat que en el plenari de pressupostos &#8220;advert\u00edrem que no hi havia cap partida en els pressupostos per a aclimatar gaireb\u00e9 cap de les oficines i departaments municipals ni els diferents espais o edificis municipals repartits per tot el municipi, i aleshores no ens van fer ni cas&#8221;.<\/p>\n<p>La nostra sorpresa \u00e9s avui maj\u00fascula en comprovar que enguany els treballadors de l&#8217;ajuntament de Llucmajor i les diferents associacions que ocupen espais p\u00fablics tampoc tindran la tan necess\u00e0ria climatitzaci\u00f3.<\/p>\n<p>Cal destacar que el grup socialista havia fet seguiment de les defici\u00e8ncies de l&#8217;aire condicionat i s&#8217;ha preocupat de preguntar com estava tot el tema de climatitzaci\u00f3 en totes les depend\u00e8ncies del municipi, inclosa la que ara fa refer\u00e8ncia VOX.<\/p>\n<p>Oliver troba &#8220;inversemblant&#8221; l&#8217;actitud d&#8217;un membre de l&#8217;equip de Govern que actua com si no ho fos i es pregunta &#8220;si realment hi ha un equip de govern o aqu\u00ed cadasc\u00fa va per lliure amb el seu propi populisme per bandera&#8221;.<\/p>\n<p><strong>Negativa a fer seguiment i control dels acord del ple<\/strong><\/p>\n<p>Una altra cosa important a destacar del plenari d&#8217;aquesta setmana ha estat la negativa de la batlessa Xisca Lascolas a aprovar una moci\u00f3 que instava a crear una comissi\u00f3 de seguiment de tots els acords i mocions aprovades en el ple, ja fossin del l&#8217;equip de govern o presentades per l&#8217;oposici\u00f3, moltes de les quals, nascudes de la participaci\u00f3 del poble.<\/p>\n<p>La idea era poder passar comptes d&#8217;alguns dels acords de les mocions, que s\u00f3n d&#8217;obligat compliment segons la Llei de Bases de R\u00e8gim Local, per\u00f2 que s\u00f3n oblidats de manera volunt\u00e0ria per un equip de govern a qui no li interessa el m\u00e9s m\u00ednim complir la voluntat popular.<\/p>\n<p>&#8220;La negativa de la batlessa respon a un inter\u00e8s innegable per que a Llucmajor regni l&#8217;obscurantisme que caracteritza a l&#8217;equip de govern i perqu\u00e8 els ciutadans no s\u00e0piguen qu\u00e8 es descarta de manera unilateral per part d&#8217;aquest govern, encara que s&#8217;hagi aprovat per unanimitat&#8221;.[\/vc_column_text][\/vc_column][\/vc_row]\n<\/div>","protected":false},"excerpt":{"rendered":"<p>[vc_row][vc_column][vc_single_image image=&#8221;28668&#8243; img_size=&#8221;full&#8221; alignment=&#8221;center&#8221;][\/vc_column][\/vc_row][vc_row][vc_column][vc_raw_html]JTBB[\/vc_raw_html][\/vc_column][\/vc_row][vc_row][vc_column][vc_column_text]Esperpent a Llucmajor davant la proposta de VOX, membre de l&#8217;equip de govern municipal, de fer millores a la climatitzaci\u00f3 del centre de majors de Badia Gran, quan aquest punt no figura entre les previsions d&#8217;inversi\u00f3 a Llucmajor en els pressupostos aprovats per ells mateixos fa un mes. Es dona la circumst\u00e0ncia,&hellip;<\/p>\n","protected":false},"author":3,"featured_media":28668,"comment_status":"closed","ping_status":"open","sticky":false,"template":"","format":"standard","meta":{"footnotes":""},"categories":[89,2,1,90,92],"tags":[130,227,105,497,523,79],"class_list":["post-28667","post","type-post","status-publish","format-standard","has-post-thumbnail","hentry","category-consell-de-mallorca","category-federacio-de-mallorca","category-federacio-de-mallorca-portada","category-municipis","category-portada","tag-agrupacio-socialista-de-llucmajor","tag-antonia-sastre","tag-catalina-cladera","tag-jaume-j-oliver","tag-lucia-escribano","tag-socialistes-de-mallorca"],"_links":{"self":[{"href":"https:\/\/www.psib-psoe.org\/mallorca\/wp-json\/wp\/v2\/posts\/28667"}],"collection":[{"href":"https:\/\/www.psib-psoe.org\/mallorca\/wp-json\/wp\/v2\/posts"}],"about":[{"href":"https:\/\/www.psib-psoe.org\/mallorca\/wp-json\/wp\/v2\/types\/post"}],"author":[{"embeddable":true,"href":"https:\/\/www.psib-psoe.org\/mallorca\/wp-json\/wp\/v2\/users\/3"}],"replies":[{"embeddable":true,"href":"https:\/\/www.psib-psoe.org\/mallorca\/wp-json\/wp\/v2\/comments?post=28667"}],"version-history":[{"count":0,"href":"https:\/\/www.psib-psoe.org\/mallorca\/wp-json\/wp\/v2\/posts\/28667\/revisions"}],"wp:featuredmedia":[{"embeddable":true,"href":"https:\/\/www.psib-psoe.org\/mallorca\/wp-json\/wp\/v2\/media\/28668"}],"wp:attachment":[{"href":"https:\/\/www.psib-psoe.org\/mallorca\/wp-json\/wp\/v2\/media?parent=28667"}],"wp:term":[{"taxonomy":"category","embeddable":true,"href":"https:\/\/www.psib-psoe.org\/mallorca\/wp-json\/wp\/v2\/categories?post=28667"},{"taxonomy":"post_tag","embeddable":true,"href":"https:\/\/www.psib-psoe.org\/mallorca\/wp-json\/wp\/v2\/tags?post=28667"}],"curies":[{"name":"wp","href":"https:\/\/api.w.org\/{rel}","templated":true}]}}