{"id":28689,"date":"2024-06-06T13:13:02","date_gmt":"2024-06-06T11:13:02","guid":{"rendered":"http:\/\/www.psib-psoe.org\/mallorca\/?p=28689"},"modified":"2024-10-14T11:39:48","modified_gmt":"2024-10-14T09:39:48","slug":"els-socialistes-presenten-iniciatives-al-ple-del-consell-en-contra-del-major-atemptat-ambiental-i-territorial-a-mallorca-que-suposa-el-decret-omnibus-del-govern","status":"publish","type":"post","link":"https:\/\/www.psib-psoe.org\/mallorca\/els-socialistes-presenten-iniciatives-al-ple-del-consell-en-contra-del-major-atemptat-ambiental-i-territorial-a-mallorca-que-suposa-el-decret-omnibus-del-govern\/","title":{"rendered":"Els Socialistes presenten iniciatives al ple del Consell &#8220;en contra del  major atemptat ambiental i territorial a Mallorca&#8221;, que suposa el Decret \u00d2mnibus del Govern."},"content":{"rendered":"<div class=\"wpb-content-wrapper\">[vc_row][vc_column][vc_single_image image=&#8221;28690&#8243; img_size=&#8221;full&#8221; alignment=&#8221;center&#8221;][\/vc_column][\/vc_row][vc_row][vc_column][vc_column_text]<em><u>La portaveu socialista, Catalina Cladera lamenta el &#8220;desenvolupisme en mat\u00e8ria ambiental, urban\u00edstica i tur\u00edstica&#8221; del Decret Llei de Simplificaci\u00f3 Administrativa del Govern Prohens, que &#8220;ens torna a les \u00e8poques m\u00e9s fosques de Ca\u00f1ellas, Matas i Bauz\u00e1&#8221;. El Grup Socialista al Consell presenta iniciatives en sentit contrari amb tres mocions que aposten pel decreixement tur\u00edstic, el foment de pol\u00edtiques d&#8217;acc\u00e9s a habitatge a preu raonable i l&#8217;adopci\u00f3 de mesures efectives en mat\u00e8ria de mobilitat sostenible. <\/u><\/em>[\/vc_column_text][\/vc_column][\/vc_row][vc_row][vc_column][vc_column_text]Catalina Cladera ha afirmat que el Decret Llei \u00d2mnibus amb qu\u00e8 el Govern modifica gaireb\u00e9 50 lleis fonamentals de Balears suposa &#8220;el major atemptat a nivell ambiental i territorial de la hist\u00f2ria a Mallorca&#8221;. Un decret que ataca la perviv\u00e8ncia del s\u00f2l r\u00fastic de l&#8217;illa, amb la legalitzaci\u00f3 de 30.000 habitatges fora d&#8217;ordenaci\u00f3, o l&#8217;autoritzaci\u00f3 per construir habitatges en parcel\u00b7les ara vetades per llei, en zones r\u00fastiques inundables, amb risc d&#8217;esllavissada o incendi. Un decret que permet incrementar el volum dels xalets que s&#8217;hi fan, i que en realitat marca una &#8220;passa enrere&#8221; en tot el proc\u00e9s de protecci\u00f3 que s&#8217;ha seguit durant els govern del progr\u00e9s, i que elimina els elements de contrap\u00e8s com era la Comissi\u00f3 Balear de Medi Ambient.<\/p>\n<p>Cladera ha alertat del discurs contradictori de Prohens i Galm\u00e9s, que s&#8217;han fet una foto amb una Mesa de Di\u00e0leg Social clamant per posar l\u00edmits a la massificaci\u00f3, per\u00f2 que per altra banda ha impulsat aquest Decret que va en sentit contrari: &#8220;basta de cortines de fum en aquest tema&#8221; ha dit Cladera, que creu que &#8220;el PP ha usat la Mesa de Di\u00e0leg Social com a un element de maquillatge per evitar la cr\u00edtica social que s&#8217;ha desfermat per la situaci\u00f3&#8221;.<\/p>\n<p>Com a nou exemple d&#8217;aquesta manera contradict\u00f2ria de governar del PP, anunciant una cosa, per\u00f2 executant la contr\u00e0ria, Cladera ha citat una de les mocions dels populars al ple del Consell del pr\u00f2xim dijous, en que Galm\u00e9s evita modificar el Pla d&#8217;Intervenci\u00f3 en \u00c0mbits Tur\u00edstics (PIAT) per incloure i blindar la reducci\u00f3 de places tur\u00edstiques que va anunciar, i a on &#8220;s&#8217;obre la porta a seguir amb les bosses de places obertes i tenir la possibilitat d&#8217;incrementar-les en prop de 100.000 a Mallorca&#8221;.<\/p>\n<p>La portaveu socialista s&#8217;ha queixat de la desaparici\u00f3 de Galm\u00e9s en tot el debat generat al voltant del Decret llei. &#8220;Tenim un president absent, que no exerceix les compet\u00e8ncies que li pertoquen al Consell en mat\u00e8ria de territori, de turisme o d&#8217;habitatge&#8221;. Cladera ha criticat que el president del Consell no hagi comparegut quan se li ha demanat, per explicar clarament com vol afrontar la reducci\u00f3 del sostre de places, &#8220;i ja \u00e9s hora que el president de Mallorca faci sentir la seva veu&#8221;, despr\u00e9s que els ciutadans hagin sortit al carrer tres pics en el darrer mes per temes de massificaci\u00f3, llengua i cultura i mem\u00f2ria democr\u00e0tica.<\/p>\n<p><strong>L&#8217;alternativa dels Socialistes a l&#8217;estrat\u00e8gia del desenvolupament de PPVOX a Mallorca.<\/strong><\/p>\n<p>Davant d&#8217;aquesta inacci\u00f3 total del Consell PPVOX, amb un Galm\u00e9s totalment sotm\u00e8s i a les ordres de Prohens, i hostatge de les exig\u00e8ncies del seu soci ultradret\u00e0 de VOX -de nou una concessi\u00f3 m\u00e9s amb l&#8217;anunci de la incorporaci\u00f3 del castell\u00e0 en els Premis de Creaci\u00f3 Liter\u00e0ria del Consell-, el Grup Socialista presenta un bloc de propostes fermes, valentes i decidides, per afrontar les necessitats socials m\u00e9s punyents.<\/p>\n<p>Aix\u00ed, en la moci\u00f3 sobre temes d&#8217;ordenaci\u00f3 tur\u00edstica prevista per al pr\u00f2xim ple, els Socialistes aposten per un decreixement real de places tur\u00edstiques, per sota de les 400.000, amb el comprom\u00eds ferm de no tornar a obrir les bosses de places, i que els l\u00edmits quedin clarament plasmats en el PIAT. A m\u00e9s Cladera ha plantejat la convocat\u00f2ria d&#8217;una Mesa de debat insular amb participaci\u00f3 d&#8217;agents pol\u00edtics i socials, &#8220;per generar el consens de pa\u00eds que necessiten aquestes mesures&#8221;.<\/p>\n<p>En mat\u00e8ria de mobilitat, la moci\u00f3 socialista aposta per combatre la congesti\u00f3 a la xarxa vi\u00e0ria amb mesures de mobilitat sostenible. &#8220;El sr. Galm\u00e9s es va presentar com el desembossador de Mallorca, per\u00f2 un any despr\u00e9s la situaci\u00f3 de congesti\u00f3 a les carreteres \u00e9s pitjor que quan va entrar&#8221;. L&#8217;aposta pel transport p\u00fablic es constitueix en alternativa, amb la recuperaci\u00f3 dels projectes ferroviaris al Llevant i del tramvia de la Platja de Palma, i els aparcaments dissuassoris vinculats a la xarxa de transport p\u00fablic &#8220;i no aparcaments en r\u00fastic de qualsevol manera com habilita el Decret del Govern&#8221;. La restricci\u00f3 de la circulaci\u00f3 a centres urbans i a la Serra de Tramuntana, a trav\u00e9s de la declaraci\u00f3 de Zones de Baixes Emissions, suposa tamb\u00e9 una alternativa a l&#8217;actual caos circulatori.<\/p>\n<p>Sobre la ITV, Cladera proposa mesures que permetin deixar la llista d&#8217;espera en els 13 dies a qu\u00e8 obliga el contracte de concessi\u00f3, en comptes dels quatre mesos d&#8217;espera actual, en una demostraci\u00f3 de gesti\u00f3 catastr\u00f2fica del servei p\u00fablic que no \u00e9s m\u00e9s que una &#8220;justificaci\u00f3 per a la privatitzaci\u00f3 de la inspecci\u00f3 dels vehicles a Mallorca&#8221;.<\/p>\n<p>En l&#8217;apartat d&#8217;habitatge, Cladera considera que el Consell disposa de compet\u00e8ncies i eines suficients com per poder treballar en l&#8217;objectiu de permetre a a ciutadania accedir a l&#8217;habitatge digne en condicions, i per aix\u00f2 instar\u00e0 al ple del Consell a qu\u00e8 es declari l&#8217;emerg\u00e8ncia habitacional de Mallorca, i s&#8217;apliquin els preceptes de la llei estatal de l&#8217;Habitatge, pel que fa a la declaraci\u00f3 de zona tensada a la nostra illa, per tal de controlar l&#8217;al\u00e7a de preus descontrolada del lloguer residencial, amb xifres de dos d\u00edgits en el darrer any. El foment de l&#8217;habitatge social, amb noves promocions de plurifamiliars, i que el Govern agiliti el lliurament de claus de les promocions que l&#8217;anterior Govern li va deixar acabades, s\u00f3n tamb\u00e9 altres mesures amb qu\u00e8 es pot incidir i millorar el panorama actual.<\/p>\n<p>Cladera ha acabat per justificar aquest paquet de mesures de xoc, &#8220;per sortir de la situaci\u00f3 d&#8217;inacci\u00f3 del Govern insular sense iniciativa i amb un Galm\u00e9s desaparegut&#8221;.<\/p>\n<!--[if lt IE 9]><script>document.createElement('audio');<\/script><![endif]-->\n<audio class=\"wp-audio-shortcode\" id=\"audio-28689-1\" preload=\"none\" style=\"width: 100%;\" controls=\"controls\"><source type=\"audio\/mpeg\" src=\"http:\/\/www.psib-psoe.org\/mallorca\/wp-content\/uploads\/060624_CATALINA-CLADERA-RDP-PRE\u0300VIA-PLE.mp3?_=1\" \/><a href=\"http:\/\/www.psib-psoe.org\/mallorca\/wp-content\/uploads\/060624_CATALINA-CLADERA-RDP-PRE\u0300VIA-PLE.mp3\">http:\/\/www.psib-psoe.org\/mallorca\/wp-content\/uploads\/060624_CATALINA-CLADERA-RDP-PRE\u0300VIA-PLE.mp3<\/a><\/audio>\n[\/vc_column_text][\/vc_column][\/vc_row]\n<\/div>","protected":false},"excerpt":{"rendered":"<p>[vc_row][vc_column][vc_single_image image=&#8221;28690&#8243; img_size=&#8221;full&#8221; alignment=&#8221;center&#8221;][\/vc_column][\/vc_row][vc_row][vc_column][vc_column_text]La portaveu socialista, Catalina Cladera lamenta el &#8220;desenvolupisme en mat\u00e8ria ambiental, urban\u00edstica i tur\u00edstica&#8221; del Decret Llei de Simplificaci\u00f3 Administrativa del Govern Prohens, que &#8220;ens torna a les \u00e8poques m\u00e9s fosques de Ca\u00f1ellas, Matas i Bauz\u00e1&#8221;. El Grup Socialista al Consell presenta iniciatives en sentit contrari amb tres mocions que aposten pel&hellip;<\/p>\n","protected":false},"author":3,"featured_media":28690,"comment_status":"closed","ping_status":"open","sticky":false,"template":"","format":"standard","meta":{"footnotes":""},"categories":[89,2,1,90,92],"tags":[105,226,84,79],"class_list":["post-28689","post","type-post","status-publish","format-standard","has-post-thumbnail","hentry","category-consell-de-mallorca","category-federacio-de-mallorca","category-federacio-de-mallorca-portada","category-municipis","category-portada","tag-catalina-cladera","tag-javier-de-juan","tag-psib-psoe","tag-socialistes-de-mallorca"],"_links":{"self":[{"href":"https:\/\/www.psib-psoe.org\/mallorca\/wp-json\/wp\/v2\/posts\/28689"}],"collection":[{"href":"https:\/\/www.psib-psoe.org\/mallorca\/wp-json\/wp\/v2\/posts"}],"about":[{"href":"https:\/\/www.psib-psoe.org\/mallorca\/wp-json\/wp\/v2\/types\/post"}],"author":[{"embeddable":true,"href":"https:\/\/www.psib-psoe.org\/mallorca\/wp-json\/wp\/v2\/users\/3"}],"replies":[{"embeddable":true,"href":"https:\/\/www.psib-psoe.org\/mallorca\/wp-json\/wp\/v2\/comments?post=28689"}],"version-history":[{"count":0,"href":"https:\/\/www.psib-psoe.org\/mallorca\/wp-json\/wp\/v2\/posts\/28689\/revisions"}],"wp:featuredmedia":[{"embeddable":true,"href":"https:\/\/www.psib-psoe.org\/mallorca\/wp-json\/wp\/v2\/media\/28690"}],"wp:attachment":[{"href":"https:\/\/www.psib-psoe.org\/mallorca\/wp-json\/wp\/v2\/media?parent=28689"}],"wp:term":[{"taxonomy":"category","embeddable":true,"href":"https:\/\/www.psib-psoe.org\/mallorca\/wp-json\/wp\/v2\/categories?post=28689"},{"taxonomy":"post_tag","embeddable":true,"href":"https:\/\/www.psib-psoe.org\/mallorca\/wp-json\/wp\/v2\/tags?post=28689"}],"curies":[{"name":"wp","href":"https:\/\/api.w.org\/{rel}","templated":true}]}}