{"id":28698,"date":"2024-06-11T10:45:38","date_gmt":"2024-06-11T08:45:38","guid":{"rendered":"http:\/\/www.psib-psoe.org\/mallorca\/?p=28698"},"modified":"2024-10-14T11:39:48","modified_gmt":"2024-10-14T09:39:48","slug":"els-socialistes-demanen-explicacions-a-limas-per-lexposicio-publica-dinfants-tutelats-davant-de-milions-de-persones-en-la-previa-del-partit-de-la-seleccio-espanyola-de-futbol-a-mallorca","status":"publish","type":"post","link":"https:\/\/www.psib-psoe.org\/mallorca\/els-socialistes-demanen-explicacions-a-limas-per-lexposicio-publica-dinfants-tutelats-davant-de-milions-de-persones-en-la-previa-del-partit-de-la-seleccio-espanyola-de-futbol-a-mallorca\/","title":{"rendered":"Els Socialistes demanen explicacions a l&#8217;IMAS per l&#8217;exposici\u00f3 p\u00fablica d&#8217;infants tutelats davant de milions de persones en la pr\u00e8via del partit de la Selecci\u00f3 Espanyola de futbol a Mallorca."},"content":{"rendered":"<div class=\"wpb-content-wrapper\">[vc_row][vc_column][vc_single_image image=&#8221;28699&#8243; img_size=&#8221;full&#8221; alignment=&#8221;center&#8221;][\/vc_column][\/vc_row][vc_row][vc_column][vc_column_text]<em><u>Els socialistes demanen la retirada &#8220;immediata&#8221; de totes les imatges dels menors i dels comentaris proferits de la web de RTVE. \u00a0La consellera socialista, Sofia Alonso ha exigit explicacions pels fets a l&#8217;IMAS, a trav\u00e9s d&#8217;una bateria de preguntes i la petici\u00f3 de convocat\u00f2ria urgent d&#8217;un Consell Rector de l&#8217;entitat. <\/u><\/em>[\/vc_column_text][\/vc_column][\/vc_row][vc_row][vc_column][vc_column_text]El passat dissabte dia 8 de juny va tenir lloc, al Mallorca Son Moix Estadi, el partit amist\u00f3s de futbol entre les seleccions absolutes de futbol d\u2019Irlanda i la d\u2019Espanya. Al principi del partit es varen poder veure, a la retransmissi\u00f3 televisiva en obert, uns infants que acompanyaven als jugadors d&#8217;ambdues seleccions, al t\u00fanel de vestidors. El comentarista de la retransmissi\u00f3 de la cadena p\u00fablica RTVE va dir expl\u00edcitament que es tractava d&#8217;infants tutelats, de centres de protecci\u00f3 de menors, i que s&#8217;havia habilitat una llotja zero a on hi havia fam\u00edlies d&#8217;acollida. Donada la fragilitat de la situaci\u00f3 personal d&#8217;aquests infants, creiem que exposar expl\u00edcitament la imatge d&#8217;aquests menors en situaci\u00f3 de tutela i acollida suposa una vulneraci\u00f3 flagrant del seu dret superior a la intimitat, que precisament el Consell de Mallorca, a trav\u00e9s de l&#8217;Institut Mallorqu\u00ed d&#8217;Afers Socials, \u00e9s l&#8217;encarregat de garantir.<\/p>\n<p>Davant dels fets greus que aix\u00f2 suposa, i de la possibilitat que hagi estat la mateixa instituci\u00f3 tutelar, l&#8217;IMAS, qui hagi fomentat aquesta sobreexposici\u00f3 dels menors al seu c\u00e0rrec, de manera irresponsable, el Grup Socialista al Consell ha registrat un seguit de preguntes d&#8217;informaci\u00f3, i a m\u00e9s ha sol\u00b7licitat al president de l&#8217;IMAS, Guillermo S\u00e1nchez, la convocat\u00f2ria d&#8217;un Consell Rector urgent i extraordinari de l&#8217;entitat per aclarir totes les circumst\u00e0ncies al voltant dels fets. A m\u00e9s, tamb\u00e9 s&#8217;urgeix a RTVE a retirar de tots els seus canals d&#8217;exhibici\u00f3 (web a la carta, aplicacions m\u00f2bils, etc&#8230;) els minuts de la transmissi\u00f3 en qu\u00e8 apareixen els menors, i es fan els comentaris al\u00b7lusius a la seva situaci\u00f3 com a infants sota tutela.<\/p>\n<p>La consellera Alonso creu necessari saber &#8220;quin responsable de l&#8217;IMAS va autoritzar, i a inst\u00e0ncies de qui, la pres\u00e8ncia dels infants i de les fam\u00edlies d&#8217;acollida al partit de futbol de dissabte passat&#8221;. La socialista creu necessari tamb\u00e9 aclarir &#8220;qui transmet el missatge a RTVE sobre aquesta circumst\u00e0ncia i per qu\u00e8 es fa aquesta comunicaci\u00f3 p\u00fablica del fet, sense tenir cap mena de prevenci\u00f3 en la protecci\u00f3 de la imatge dels infants&#8221; que aparegueren en pantalla, davant de milions de persones durant diversos minuts.<\/p>\n<p>Alonso tamb\u00e9 creu necessari que &#8220;es demostri que la sobreexposici\u00f3 p\u00fablica dels menors comptava amb tots els permisos adients, i que s&#8217;aportin&#8221;. Aix\u00ed mateix tamb\u00e9 es demana que s&#8217;aclareixi si la informaci\u00f3 sobre l&#8217;activitat que es va traslladar de manera fefaent a les fam\u00edlies acollidores i als responsables dels menors, i si eren conscients de la vulneraci\u00f3 de la imatge dels infant que suposaria la seva projecci\u00f3 i els comentaris que se&#8217;n farien durant la transmissi\u00f3 en directe, que a m\u00e9s es pot seguir veient a trav\u00e9s de xarxes socials i les aplicacions de RTVE.<\/p>\n<p>&#8220;Estem a favor que es fomentin les activitats amb els nins amb mesura d&#8217;acollida, de fet han de dur una vida com la de qualsevol infant. Per\u00f2 en aquest cas a alg\u00fa se li ha anat la ma i s&#8217;ha posat en joc la imatge d&#8217;uns infants, que precisament \u00e9s una de les principals l\u00ednies vermelles que ha de preservar la instituci\u00f3 tutelar, l&#8217;IMAS&#8221;, ha reblat Alonso.<\/p>\n[\/vc_column_text][\/vc_column][\/vc_row]\n<\/div>","protected":false},"excerpt":{"rendered":"<p>[vc_row][vc_column][vc_single_image image=&#8221;28699&#8243; img_size=&#8221;full&#8221; alignment=&#8221;center&#8221;][\/vc_column][\/vc_row][vc_row][vc_column][vc_column_text]Els socialistes demanen la retirada &#8220;immediata&#8221; de totes les imatges dels menors i dels comentaris proferits de la web de RTVE. \u00a0La consellera socialista, Sofia Alonso ha exigit explicacions pels fets a l&#8217;IMAS, a trav\u00e9s d&#8217;una bateria de preguntes i la petici\u00f3 de convocat\u00f2ria urgent d&#8217;un Consell Rector de l&#8217;entitat. [\/vc_column_text][\/vc_column][\/vc_row][vc_row][vc_column][vc_column_text]El passat&hellip;<\/p>\n","protected":false},"author":3,"featured_media":28699,"comment_status":"closed","ping_status":"open","sticky":false,"template":"","format":"standard","meta":{"footnotes":""},"categories":[89,2,1,90,92],"tags":[105,226,84,79,296],"class_list":["post-28698","post","type-post","status-publish","format-standard","has-post-thumbnail","hentry","category-consell-de-mallorca","category-federacio-de-mallorca","category-federacio-de-mallorca-portada","category-municipis","category-portada","tag-catalina-cladera","tag-javier-de-juan","tag-psib-psoe","tag-socialistes-de-mallorca","tag-sofia-alonso"],"_links":{"self":[{"href":"https:\/\/www.psib-psoe.org\/mallorca\/wp-json\/wp\/v2\/posts\/28698"}],"collection":[{"href":"https:\/\/www.psib-psoe.org\/mallorca\/wp-json\/wp\/v2\/posts"}],"about":[{"href":"https:\/\/www.psib-psoe.org\/mallorca\/wp-json\/wp\/v2\/types\/post"}],"author":[{"embeddable":true,"href":"https:\/\/www.psib-psoe.org\/mallorca\/wp-json\/wp\/v2\/users\/3"}],"replies":[{"embeddable":true,"href":"https:\/\/www.psib-psoe.org\/mallorca\/wp-json\/wp\/v2\/comments?post=28698"}],"version-history":[{"count":0,"href":"https:\/\/www.psib-psoe.org\/mallorca\/wp-json\/wp\/v2\/posts\/28698\/revisions"}],"wp:featuredmedia":[{"embeddable":true,"href":"https:\/\/www.psib-psoe.org\/mallorca\/wp-json\/wp\/v2\/media\/28699"}],"wp:attachment":[{"href":"https:\/\/www.psib-psoe.org\/mallorca\/wp-json\/wp\/v2\/media?parent=28698"}],"wp:term":[{"taxonomy":"category","embeddable":true,"href":"https:\/\/www.psib-psoe.org\/mallorca\/wp-json\/wp\/v2\/categories?post=28698"},{"taxonomy":"post_tag","embeddable":true,"href":"https:\/\/www.psib-psoe.org\/mallorca\/wp-json\/wp\/v2\/tags?post=28698"}],"curies":[{"name":"wp","href":"https:\/\/api.w.org\/{rel}","templated":true}]}}