{"id":28707,"date":"2024-06-13T18:23:32","date_gmt":"2024-06-13T16:23:32","guid":{"rendered":"http:\/\/www.psib-psoe.org\/mallorca\/?p=28707"},"modified":"2024-10-14T11:39:48","modified_gmt":"2024-10-14T09:39:48","slug":"el-consell-de-mallorca-ppvox-abraca-el-decret-depredador-del-territori-del-govern-prohens-i-rebutja-les-mesures-palliatives-en-materia-dhabitatge-turisme-i-mobilitat-dels-socialistes","status":"publish","type":"post","link":"https:\/\/www.psib-psoe.org\/mallorca\/el-consell-de-mallorca-ppvox-abraca-el-decret-depredador-del-territori-del-govern-prohens-i-rebutja-les-mesures-palliatives-en-materia-dhabitatge-turisme-i-mobilitat-dels-socialistes\/","title":{"rendered":"El Consell de Mallorca PPVOX abra\u00e7a el Decret depredador del territori del Govern Prohens, i rebutja les mesures pal\u00b7liatives en mat\u00e8ria d&#8217;habitatge, turisme, i mobilitat dels Socialistes."},"content":{"rendered":"<div class=\"wpb-content-wrapper\">[vc_row][vc_column][vc_single_image image=&#8221;28708&#8243; img_size=&#8221;full&#8221; alignment=&#8221;center&#8221;][\/vc_column][\/vc_row][vc_row][vc_column][vc_column_text]<em><u>El ple del Consell de Mallorca no pren en consideraci\u00f3 cap de les tres mocions presentades pel Grup Socialista, en mat\u00e8ria d&#8217;habitatge, mobilitat i turisme, que pretenien rebaixar les conseq\u00fc\u00e8ncies que provocar\u00e0 l&#8217;aplicaci\u00f3 indiscriminada del Decret \u00d2mnibus del Govern, que modifica gaireb\u00e9 50 lleis fonamentals de Balears i que suposa el major atemptat a nivell ambiental i territorial de la hist\u00f2ria a Mallorca. <\/u><\/em><\/p>\n<p><em><u>El conseller de Territori del Consell admet que la f\u00f3rmula que treballa el seu departament per rebaixar la llista d&#8217;espera de la Inspecci\u00f3 T\u00e8cnica de Vehicles a Mallorca passa per la privatitzaci\u00f3 del servei que ser\u00e0 prestat en paral\u00b7lel per l&#8217;actual concession\u00e0ria del Consell i per tallers privats autoritzats. <\/u><\/em><\/p>\n<p><em><u>Els consellers socialistes han lamentat que en la sessi\u00f3 d&#8217;avui el vet de VOX ha impedit la lectura d&#8217;una declaraci\u00f3 institucional en relaci\u00f3 a la celebraci\u00f3 del dia de l&#8217;orgull LGTBI, que per tant ha decaigut. <\/u><\/em><\/p>\n[\/vc_column_text][\/vc_column][\/vc_row][vc_row][vc_column][vc_column_text]L&#8217;allargada ombra del Decret \u00d2mnibus del Govern ha planat avui pel ple del Consell de Mallorca, que ha decidit no fer suport a cap de les propostes socialistes que plantejaven accions en la l\u00ednia de la sostenibilitat i la racionalitat. El decret del Govern\u00a0 Prohens ataca la perviv\u00e8ncia del s\u00f2l r\u00fastic de Mallorca, amb la legalitzaci\u00f3 de 30.000 habitatges fora d&#8217;ordenaci\u00f3, o l&#8217;autoritzaci\u00f3 per construir habitatges en parcel\u00b7les fins ara vetades per llei, en zones r\u00fastiques inundables, amb risc d&#8217;esllavissada o incendi. Un decret que permet incrementar el volum dels xalets que s&#8217;hi fan, i que en realitat marca una passa enrere en tot el proc\u00e9s de protecci\u00f3 que s&#8217;ha seguit durant els govern del progr\u00e9s, i que elimina els elements de contrap\u00e8s com era la Comissi\u00f3 Balear de Medi Ambient.<\/p>\n<p>Cladera ha alertat del discurs contradictori del PP, que s&#8217;ha fet una foto amb una Mesa de Di\u00e0leg Social clamant per posar l\u00edmits a la massificaci\u00f3, per\u00f2 que per altra banda ha impulsat aquest decret que va en sentit contrari. La portaveu socialista ha recordat el punt 63 del programa de govern de Mallorca de PPVOX, en qu\u00e8 s&#8217;anunciava literalment la recuperaci\u00f3 de les places de la bossa tur\u00edstica que varen ser eliminades en la passada legislatura, per demostrar el &#8220;canvi de discurs&#8221; que ara experimenta la coalici\u00f3 del govern, amb l&#8217;anunci de Galm\u00e9s de la retallada de les places tur\u00edstiques de Mallorca.<\/p>\n<p>La portaveu socialista s&#8217;ha queixat de la desaparici\u00f3 del president del Consell en tot el debat generat al voltant del Decret llei. &#8220;Li han passat per damunt per que li toquen les compet\u00e8ncies que s\u00f3n del Consell de Mallorca, i vost\u00e8 no diu res&#8221;,<\/p>\n<p>Com a proposta alternativa a la submissi\u00f3 del Consell PPVOX a la depredaci\u00f3 territorial del Decret \u00d2mnibus de Prohens, els socialistes han plantejat una moci\u00f3 sobre temes d&#8217;ordenaci\u00f3 tur\u00edstica, per un decreixement real de places tur\u00edstiques, per sota de les 400.000, amb el comprom\u00eds ferm de no tornar a obrir les bosses de places, i que els l\u00edmits quedin clarament plasmat en el PIAT.<\/p>\n<p>En mat\u00e8ria de mobilitat, la moci\u00f3 socialista, defensada pel conseller Joan Ferrer, \u00a0aposta per combatre la congesti\u00f3 a la xarxa vi\u00e0ria amb mesures de mobilitat sostenible. L&#8217;aposta pel transport p\u00fablic es constitueix en alternativa, amb la recuperaci\u00f3 dels projectes ferroviaris al Llevant i del tramvia de la Platja de Palma, i els aparcaments dissuasius vinculats a la xarxa de transport p\u00fablic i no aparcaments en r\u00fastic de qualsevol manera com habilita el decret del Govern. La restricci\u00f3 de la circulaci\u00f3 a centres urbans i a la Serra de Tramuntana, a trav\u00e9s de la declaraci\u00f3 de Zones de Baixes Emissions, suposa tamb\u00e9 una alternativa a l&#8217;actual caos circulatori. &#8220;Hi ha molta feina per fer, ambles propostes que li oferim, i que si no les plantegen \u00e9s que els importa molt poc la mobilitat sostenible&#8221;, ha dit Ferrer.<\/p>\n<p>En aquesta mateixa moci\u00f3, el conseller de Territori, Fernando Rubio ha avan\u00e7at que la sortida a la situaci\u00f3 de col\u00b7lapse del servei de la ITV es far\u00e0 amb la privatitzaci\u00f3 del servei, amb un sistema mixt que mantindr\u00e0 una concessi\u00f3 administrativa com fins ara, per\u00f2 que inclour\u00e0 tallers privats autoritzats que estaran habilitats per expedir les certificacions. Un procediment que acabar\u00e0 amb el sistema actual que PPVOX ha demostrat ser incapa\u00e7 de gestionar de manera decent, provocant l&#8217;increment incessant de la llista d&#8217;espera fins els actuals quatre mesos, mentre mantenen una estaci\u00f3 d&#8217;ITV acabada i tancada a Calvi\u00e0.<\/p>\n<p>En la moci\u00f3 d&#8217;habitatge, el portaveu adjunt Javier de Juan ha defensat que el Consell disposa de compet\u00e8ncies i eines suficients com per poder treballar en l&#8217;objectiu de permetre a la ciutadania accedir a l&#8217;habitatge digne en condicions, i per aix\u00f2 instar\u00e0 al ple del Consell a qu\u00e8 es declari l&#8217;emerg\u00e8ncia habitacional de Mallorca, i s&#8217;apliquin els preceptes de la llei estatal de l&#8217;Habitatge, pel que fa a la declaraci\u00f3 de zona tensada a la nostra illa, per tal de controlar l&#8217;al\u00e7a de preus descontrolada del lloguer residencial, amb xifres de dos d\u00edgits en el darrer any. El foment de l&#8217;habitatge social, amb noves promocions de plurifamiliars, i que el Govern agiliti el lliurament de claus de les promocions que l&#8217;anterior Govern li va deixar acabades, s\u00f3n tamb\u00e9 altres mesures amb qu\u00e8 es pot incidir i millorar el panorama actual. De Juan s&#8217;ha referit al &#8220;teatret&#8221; de PPVOX per culpabilitzar de la situaci\u00f3 als responsables pol\u00edtics anteriors per no afrontar la necessitat de prendre decisions \u00fatils ara.<\/p>\n<p>Abans de l&#8217;inici de la sessi\u00f3 del ple, els consellers del Grup Socialista han desplegat una bandera LGTBI a la porta del Consell de Mallorca, en senyal de recordatori de la data del 17 de juny, dia de l&#8217;Orgull LGTBI, davant de la manca de sensibilitat total del Consell PPVOX que evitar\u00e0 de nou fer cap mostra de solidaritat cap aquest col\u00b7lectiu de persones, com ja va passar en la recent jornada reivindicativa en contra de la LGTBI-f\u00f2bia. El vet dels consellers de VOX ha impedit que fos llegida una declaraci\u00f3 institucional de tota la corporaci\u00f3 en suport d&#8217;aquesta celebraci\u00f3, i per tant ha decaigut, davant de l&#8217;estupor dels socialistes.<\/p>\n<p>En canvi els consellers socialistes han fer suport a la lectura de la declaraci\u00f3 institucional amb motiu del Dia Nacional de la Llengua de Signes, essent el Consell de Mallorca una de les institucions pioneres en implantar el servei de traducci\u00f3 i accessibilitat per a persones sordes.<\/p>\n<p>&nbsp;<\/p>\n[\/vc_column_text][\/vc_column][\/vc_row]\n<\/div>","protected":false},"excerpt":{"rendered":"<p>[vc_row][vc_column][vc_single_image image=&#8221;28708&#8243; img_size=&#8221;full&#8221; alignment=&#8221;center&#8221;][\/vc_column][\/vc_row][vc_row][vc_column][vc_column_text]El ple del Consell de Mallorca no pren en consideraci\u00f3 cap de les tres mocions presentades pel Grup Socialista, en mat\u00e8ria d&#8217;habitatge, mobilitat i turisme, que pretenien rebaixar les conseq\u00fc\u00e8ncies que provocar\u00e0 l&#8217;aplicaci\u00f3 indiscriminada del Decret \u00d2mnibus del Govern, que modifica gaireb\u00e9 50 lleis fonamentals de Balears i que suposa el major&hellip;<\/p>\n","protected":false},"author":3,"featured_media":28708,"comment_status":"closed","ping_status":"open","sticky":false,"template":"","format":"standard","meta":{"footnotes":""},"categories":[89,2,1,90,92],"tags":[105,226,483,504,84,79],"class_list":["post-28707","post","type-post","status-publish","format-standard","has-post-thumbnail","hentry","category-consell-de-mallorca","category-federacio-de-mallorca","category-federacio-de-mallorca-portada","category-municipis","category-portada","tag-catalina-cladera","tag-javier-de-juan","tag-joan-ferrer","tag-juana-m-adrover","tag-psib-psoe","tag-socialistes-de-mallorca"],"_links":{"self":[{"href":"https:\/\/www.psib-psoe.org\/mallorca\/wp-json\/wp\/v2\/posts\/28707"}],"collection":[{"href":"https:\/\/www.psib-psoe.org\/mallorca\/wp-json\/wp\/v2\/posts"}],"about":[{"href":"https:\/\/www.psib-psoe.org\/mallorca\/wp-json\/wp\/v2\/types\/post"}],"author":[{"embeddable":true,"href":"https:\/\/www.psib-psoe.org\/mallorca\/wp-json\/wp\/v2\/users\/3"}],"replies":[{"embeddable":true,"href":"https:\/\/www.psib-psoe.org\/mallorca\/wp-json\/wp\/v2\/comments?post=28707"}],"version-history":[{"count":0,"href":"https:\/\/www.psib-psoe.org\/mallorca\/wp-json\/wp\/v2\/posts\/28707\/revisions"}],"wp:featuredmedia":[{"embeddable":true,"href":"https:\/\/www.psib-psoe.org\/mallorca\/wp-json\/wp\/v2\/media\/28708"}],"wp:attachment":[{"href":"https:\/\/www.psib-psoe.org\/mallorca\/wp-json\/wp\/v2\/media?parent=28707"}],"wp:term":[{"taxonomy":"category","embeddable":true,"href":"https:\/\/www.psib-psoe.org\/mallorca\/wp-json\/wp\/v2\/categories?post=28707"},{"taxonomy":"post_tag","embeddable":true,"href":"https:\/\/www.psib-psoe.org\/mallorca\/wp-json\/wp\/v2\/tags?post=28707"}],"curies":[{"name":"wp","href":"https:\/\/api.w.org\/{rel}","templated":true}]}}