{"id":28711,"date":"2024-06-14T11:37:57","date_gmt":"2024-06-14T09:37:57","guid":{"rendered":"http:\/\/www.psib-psoe.org\/mallorca\/?p=28711"},"modified":"2024-10-14T11:39:48","modified_gmt":"2024-10-14T09:39:48","slug":"cladera-la-gent-gran-dandratx-ja-hauria-de-tenir-la-nova-residencia-en-funcionament-i-no-una-autoritzacio-dun-projecte-dobra","status":"publish","type":"post","link":"https:\/\/www.psib-psoe.org\/mallorca\/cladera-la-gent-gran-dandratx-ja-hauria-de-tenir-la-nova-residencia-en-funcionament-i-no-una-autoritzacio-dun-projecte-dobra\/","title":{"rendered":"Cladera: &#8220;la gent gran d&#8217;Andratx ja hauria de tenir la nova resid\u00e8ncia en funcionament, i no una autoritzaci\u00f3 d&#8217;un projecte d&#8217;obra&#8221;."},"content":{"rendered":"<div class=\"wpb-content-wrapper\">[vc_row][vc_column][vc_single_image image=&#8221;28712&#8243; img_size=&#8221;full&#8221; alignment=&#8221;center&#8221;][\/vc_column][\/vc_row][vc_row][vc_column][vc_column_text]<em><u>La portaveu socialista al Consell de Mallorca, Catalina Cladera lamenta &#8220;la manca d&#8217;impuls de l&#8217;Ajuntament, el Consell i el Govern per seguir executant el projecte de la nova resid\u00e8ncia d&#8217;Andratx que ja comptava amb pressupost en ferm des del 2022. Cladera i els portaveus municipals socialistes Toni Mir, Marina Cabrera i Enaitz I\u00f1\u00e1n, han visitat el solar on s&#8217;ha de fer la nova infraestructura. El passat mes de mar\u00e7 la majoria del PP-VOX a la sala andritxola va rebutjar una moci\u00f3 del Grup Socialista que instava l\u2019equip de govern municipal i al Govern continuar amb les actuacions pendents que han quedat paralitzades en aquesta legislatura. En canvi, aquesta setmana s&#8217;ha conegut l&#8217;autoritzaci\u00f3 municipal pel projecte executiu de construcci\u00f3 de la resid\u00e8ncia. &#8220;Primer ens voten en contra, i despr\u00e9s fan el que haurien de fer amb dos anys de retard&#8221; ha sentenciat Mir. <\/u><\/em>[\/vc_column_text][\/vc_column][\/vc_row][vc_row][vc_column][vc_column_text]El projecte de la resid\u00e8ncia de gent gran d&#8217;Andratx va obtenir el vist i plau inicial de l&#8217;Ajuntament el 2021, quan el socialista Mir era el batle. El juny de 2022 es va signar el conveni que vinculava al Govern, al Consorci de Recursos Sociosanitaris i al mateix Ajuntament, per garantir la construcci\u00f3 d\u2019una nova resid\u00e8ncia de gent gran, per a persones dependents, amb 60 places. Per\u00f2 despr\u00e9s de la moci\u00f3 de censura que va portar al PP al govern municipal, tota l&#8217;activitat en relaci\u00f3 a la nova resid\u00e8ncia s&#8217;ha aturat. La moci\u00f3 presentada pels socialistes al ple municipal de mar\u00e7 pretenia reactivar el projecte, per\u00f2 la majoria del PP al govern municipal a Andratx s&#8217;hi va oposar.<\/p>\n<p>&#8220;Amb la resid\u00e8ncia d&#8217;Andratx el PP de Gonzalvo, Galm\u00e9s i Prohens ha fet perdre dos anys a totes les persones majors del poble que necessiten aquesta infraestructura&#8221;, ha dit Cladera. L&#8217;autoritzaci\u00f3 municipal per a la redacci\u00f3 del projecte d&#8217;obra demostra que &#8220;la resid\u00e8ncia no ha estat cap prioritat per al PP, malgrat que ens consta la gran necessitat que hi ha a Andratx&#8221;. Aix\u00ed, ja des de 2021 el PP va oposar a aquest projecte quan va votar en contra del conveni, com ha recordat Mir.<\/p>\n<p>El conveni signat en 2022 preveia un cost total de 5,5 M\u20ac per la infraestructura, que s\u2019havien de pagar entre 2023 i 2026. Ara, el pressupost del projecte constructiu s&#8217;ha incrementat fins els 7,9 milions d&#8217;euros, un 43,6% m\u00e9s que el cost previst en el conveni de 2022. El Govern de les Illes Balears, en la passada legislatura, va preveure la primera anualitat per assumir el cost de licitaci\u00f3 i execuci\u00f3 de les obres per 1,2 M\u20ac, per\u00f2 el canvi de legislatura ha comportat que aquesta partida s\u2019hagi quedat en 100.000 euros per 2024.<\/p>\n<p>El conveni per a la construcci\u00f3 de la nova resid\u00e8ncia de gent gran d\u2019Andratx parteix de la cessi\u00f3 d\u2019un solar municipal per que el Consorci de Recursos Sociosanitaris en fes la licitaci\u00f3 i la construcci\u00f3 de les instal\u00b7lacions amb 60 places residencials per a la gent major dependent d\u2019Andratx. La resid\u00e8ncia havia de quedar acabada i llesta per a l\u2019entrada en servei, i seria l\u2019ajuntament qui podria assumir-ne la gesti\u00f3 o be cedir-la al Consell de Mallorca per que qued\u00e9s integrada dins la xarxa de gesti\u00f3 de residencies de l\u2019IMAS.<\/p>\n<p>Cladera ha posat en context el cas de la licitaci\u00f3 del projecte de la resid\u00e8ncia d&#8217;Andratx amb la deficient feina de l&#8217;IMAS aquesta legislatura amb la gesti\u00f3 de les llistes d&#8217;espera de les resid\u00e8ncies de gent gran, que &#8220;ni Galm\u00e9s ni Guillermo S\u00e1nchez han estat capa\u00e7os de fer baixar, aix\u00ed com es van comprometre&#8221;.<\/p>\n[\/vc_column_text][\/vc_column][\/vc_row]\n<\/div>","protected":false},"excerpt":{"rendered":"<p>[vc_row][vc_column][vc_single_image image=&#8221;28712&#8243; img_size=&#8221;full&#8221; alignment=&#8221;center&#8221;][\/vc_column][\/vc_row][vc_row][vc_column][vc_column_text]La portaveu socialista al Consell de Mallorca, Catalina Cladera lamenta &#8220;la manca d&#8217;impuls de l&#8217;Ajuntament, el Consell i el Govern per seguir executant el projecte de la nova resid\u00e8ncia d&#8217;Andratx que ja comptava amb pressupost en ferm des del 2022. Cladera i els portaveus municipals socialistes Toni Mir, Marina Cabrera i Enaitz&hellip;<\/p>\n","protected":false},"author":3,"featured_media":28712,"comment_status":"closed","ping_status":"open","sticky":false,"template":"","format":"standard","meta":{"footnotes":""},"categories":[89,2,1,90,92],"tags":[526,533,105,507,226,504,531,84,79,296],"class_list":["post-28711","post","type-post","status-publish","format-standard","has-post-thumbnail","hentry","category-consell-de-mallorca","category-federacio-de-mallorca","category-federacio-de-mallorca-portada","category-municipis","category-portada","tag-agrupacio-socialista-dandratx","tag-antoni-mir","tag-catalina-cladera","tag-enaitz-inan","tag-javier-de-juan","tag-juana-m-adrover","tag-marina","tag-psib-psoe","tag-socialistes-de-mallorca","tag-sofia-alonso"],"_links":{"self":[{"href":"https:\/\/www.psib-psoe.org\/mallorca\/wp-json\/wp\/v2\/posts\/28711"}],"collection":[{"href":"https:\/\/www.psib-psoe.org\/mallorca\/wp-json\/wp\/v2\/posts"}],"about":[{"href":"https:\/\/www.psib-psoe.org\/mallorca\/wp-json\/wp\/v2\/types\/post"}],"author":[{"embeddable":true,"href":"https:\/\/www.psib-psoe.org\/mallorca\/wp-json\/wp\/v2\/users\/3"}],"replies":[{"embeddable":true,"href":"https:\/\/www.psib-psoe.org\/mallorca\/wp-json\/wp\/v2\/comments?post=28711"}],"version-history":[{"count":0,"href":"https:\/\/www.psib-psoe.org\/mallorca\/wp-json\/wp\/v2\/posts\/28711\/revisions"}],"wp:featuredmedia":[{"embeddable":true,"href":"https:\/\/www.psib-psoe.org\/mallorca\/wp-json\/wp\/v2\/media\/28712"}],"wp:attachment":[{"href":"https:\/\/www.psib-psoe.org\/mallorca\/wp-json\/wp\/v2\/media?parent=28711"}],"wp:term":[{"taxonomy":"category","embeddable":true,"href":"https:\/\/www.psib-psoe.org\/mallorca\/wp-json\/wp\/v2\/categories?post=28711"},{"taxonomy":"post_tag","embeddable":true,"href":"https:\/\/www.psib-psoe.org\/mallorca\/wp-json\/wp\/v2\/tags?post=28711"}],"curies":[{"name":"wp","href":"https:\/\/api.w.org\/{rel}","templated":true}]}}