{"id":28724,"date":"2024-06-18T13:34:08","date_gmt":"2024-06-18T11:34:08","guid":{"rendered":"http:\/\/www.psib-psoe.org\/mallorca\/?p=28724"},"modified":"2024-10-14T11:39:47","modified_gmt":"2024-10-14T09:39:47","slug":"els-socialistes-de-mallorca-valoren-dur-al-contencios-administratiu-laplicacio-de-lamnistia-urbanistica-que-ha-aprovat-durgencia-el-ple-del-consell","status":"publish","type":"post","link":"https:\/\/www.psib-psoe.org\/mallorca\/els-socialistes-de-mallorca-valoren-dur-al-contencios-administratiu-laplicacio-de-lamnistia-urbanistica-que-ha-aprovat-durgencia-el-ple-del-consell\/","title":{"rendered":"Els Socialistes de Mallorca valoren dur al Contenci\u00f3s-Administratiu l&#8217;aplicaci\u00f3 de l&#8217;amnistia urban\u00edstica que ha aprovat d&#8217;urg\u00e8ncia el ple del Consell"},"content":{"rendered":"<div class=\"wpb-content-wrapper\">[vc_row][vc_column][vc_single_image image=&#8221;28725&#8243; img_size=&#8221;full&#8221; alignment=&#8221;center&#8221;][\/vc_column][\/vc_row][vc_row][vc_column][vc_column_text]\n<p style=\"font-weight: 400;\"><em><u>La convalidaci\u00f3 de l&#8217;amnistia urban\u00edstica per a construccions fora d&#8217;ordenaci\u00f3 a sol r\u00fastic de Mallorca datades abans de 2015 es fa sense cap informe de situaci\u00f3 que determini a quantes edificacions afecta, quantes persones hi viuen, a qu\u00e8 es dediquen actualment les construccions o els recursos que consumeixen o necessiten. Per aquest motiu la portaveu del Grup Socialista, Catalina Cladera ha obert la porta a la interposici\u00f3 d&#8217;un recurs i ha instat a l&#8217;equip de govern PPVOX del Consell de Mallorca a &#8220;exercir les compet\u00e8ncies que li pertoquen en mat\u00e8ria de Territori, i no seguir les indicacions que li arriben del Govern&#8221;<\/u><\/em><\/p>\n[\/vc_column_text][\/vc_column][\/vc_row][vc_row][vc_column][vc_column_text]\n<p style=\"font-weight: 400;\">Una setmana justa despr\u00e9s de la convalidaci\u00f3 al Parlament del Decret-llei \u00d2mnibus de Prohens, que suposa el major atemptat contra la sostenibilitat a Balears de tota la hist\u00f2ria, el Consell de Mallorca ha aprovat l\u2019aplicaci\u00f3 d\u2019un dels seus preceptes, la Disposici\u00f3 addicional 7\u00aa, que suposa la legalitzaci\u00f3 expr\u00e9s de totes les construccions il\u00b7legals i fora d\u2019ordenaci\u00f3 a s\u00f2l r\u00fastic de Balears anteriors a 2015. Una convalidaci\u00f3 que ha comptat amb els vots contraris dels consellers del Grup Socialista.<\/p>\n<p style=\"font-weight: 400;\">La portaveu Catalina Cladera ha demanat, a l\u2019inici de la seva intervenci\u00f3, que el punt \u00fanic del plenari qued\u00e9s damunt de la taula, davant l\u2019evident manca d\u2019informaci\u00f3 d\u2019una mesura que es duu a plenari \u201camb un paper amb un acord pol\u00edtic del Parlament, sense m\u00e9s explicaci\u00f3\u201d. Cladera ha insistit en la necessitat de que es reclamin informes t\u00e8cnics sobre les implicacions que comporta aquesta legalitzaci\u00f3 massiva de cases a r\u00fastic de Mallorca, davant la inexist\u00e8ncia absoluta de dades reals: \u201cning\u00fa ha explicat als t\u00e8cnics dels ajuntaments com aplicar aquesta mesura, o quins s\u00f3n els criteris d\u2019efici\u00e8ncia energ\u00e8tica, h\u00eddrica o paisatg\u00edstica que s\u2019han d\u2019acreditar per complir amb la disposici\u00f3\u201d.<\/p>\n<p style=\"font-weight: 400;\">Davant d\u2019aquesta abs\u00e8ncia absoluta de compet\u00e8ncia de l\u2019equip de govern PPVOX del Consell de Mallorca, Cladera s\u2019ha queixat de la \u201cdeixadesa de funcions de Galm\u00e9s\u201d, que es limita a aplicar una normativa \u201cimposada\u201d des del Govern, sense tenir en compte que \u201cel Consell t\u00e9 compet\u00e8ncies plenes a Mallorca\u201d i no les exerceix. \u201cPer qu\u00e8 t\u00e9 tanta pressa en aplicar aquesta norma a Mallorca\u201d, s\u2019ha preguntat la socialista.<\/p>\n<p style=\"font-weight: 400;\">El Grup Socialista valora elevar l\u2019aprovaci\u00f3 de la norma davant del Contenci\u00f3s-Administratiu, precisament en defensa de les atribucions que per normativa li pertoquen al Consell de Mallorca en mat\u00e8ria de Territori. L\u2019acord de ple d\u2019avui afavoreix l\u2019especulaci\u00f3 per que torna a posar en valor de mercat edificacions que no en tenien per estar fora d\u2019ordenaci\u00f3, i a m\u00e9s, tamb\u00e9 permet incrementar el volum de xalets en r\u00fastic, o construir en zones fins ara vetades per comportar risc d\u2019incendi, inundaci\u00f3 o esllavissada. \u201cAmb aquesta norma s\u2019incrementar\u00e0 la pressi\u00f3 urban\u00edstica sobre el sol r\u00fastic, se n\u2019elevar\u00e0 els preu i ser\u00e0 m\u00e9s dif\u00edcil fer-lo accessible als pagesos. A m\u00e9s, la norma te una vessant clarament recaptat\u00f2ria que nom\u00e9s beneficiar\u00e0 aquells que puguin pagar el cost de les sancions que preveu la legalitzaci\u00f3.<\/p>\n<p style=\"font-weight: 400;\">Cladera ha recordat que la mesura est\u00e0 aprovada amb la intenci\u00f3 de \u201cdonar l\u2019amnistia a les cases il\u00b7legals que es van fer durant els darrers governs del PP, 8 anys enrere. En canvi, durant els governs de progr\u00e9s ha estat quan s\u2019ha potenciat la protecci\u00f3 territorial, que Cladera ha exemplificat amb el creixement de l\u2019Ag\u00e8ncia de Defensa del Territori, fins als actuals 36 municipis adherits, com a una eina primordial per a la defensa del sol r\u00fastic, que ara tamb\u00e9 queda en entredit per l\u2019aprovaci\u00f3 de la mesura legalitzadora de PPVOX.<\/p>\n<p><span style=\"font-weight: 400;\">Finalment Cladera tamb\u00e9 ha censurat el \u201cdoble discurs del PP\u201d, en mat\u00e8ria urban\u00edstica i territorial, \u201cquan primer reclamen sostenibilitat i l\u00edmits a Mallorca, per\u00f2 per altra banda fan aquests atemptats contra el sol r\u00fastic\u201d. \u00a0<\/span>[\/vc_column_text][\/vc_column][\/vc_row]\n<\/div>","protected":false},"excerpt":{"rendered":"<p>[vc_row][vc_column][vc_single_image image=&#8221;28725&#8243; img_size=&#8221;full&#8221; alignment=&#8221;center&#8221;][\/vc_column][\/vc_row][vc_row][vc_column][vc_column_text] La convalidaci\u00f3 de l&#8217;amnistia urban\u00edstica per a construccions fora d&#8217;ordenaci\u00f3 a sol r\u00fastic de Mallorca datades abans de 2015 es fa sense cap informe de situaci\u00f3 que determini a quantes edificacions afecta, quantes persones hi viuen, a qu\u00e8 es dediquen actualment les construccions o els recursos que consumeixen o necessiten. Per&hellip;<\/p>\n","protected":false},"author":6,"featured_media":28725,"comment_status":"closed","ping_status":"open","sticky":false,"template":"","format":"standard","meta":{"footnotes":""},"categories":[89,92],"tags":[105,83,84],"class_list":["post-28724","post","type-post","status-publish","format-standard","has-post-thumbnail","hentry","category-consell-de-mallorca","category-portada","tag-catalina-cladera","tag-consell-de-mallorca","tag-psib-psoe"],"_links":{"self":[{"href":"https:\/\/www.psib-psoe.org\/mallorca\/wp-json\/wp\/v2\/posts\/28724"}],"collection":[{"href":"https:\/\/www.psib-psoe.org\/mallorca\/wp-json\/wp\/v2\/posts"}],"about":[{"href":"https:\/\/www.psib-psoe.org\/mallorca\/wp-json\/wp\/v2\/types\/post"}],"author":[{"embeddable":true,"href":"https:\/\/www.psib-psoe.org\/mallorca\/wp-json\/wp\/v2\/users\/6"}],"replies":[{"embeddable":true,"href":"https:\/\/www.psib-psoe.org\/mallorca\/wp-json\/wp\/v2\/comments?post=28724"}],"version-history":[{"count":0,"href":"https:\/\/www.psib-psoe.org\/mallorca\/wp-json\/wp\/v2\/posts\/28724\/revisions"}],"wp:featuredmedia":[{"embeddable":true,"href":"https:\/\/www.psib-psoe.org\/mallorca\/wp-json\/wp\/v2\/media\/28725"}],"wp:attachment":[{"href":"https:\/\/www.psib-psoe.org\/mallorca\/wp-json\/wp\/v2\/media?parent=28724"}],"wp:term":[{"taxonomy":"category","embeddable":true,"href":"https:\/\/www.psib-psoe.org\/mallorca\/wp-json\/wp\/v2\/categories?post=28724"},{"taxonomy":"post_tag","embeddable":true,"href":"https:\/\/www.psib-psoe.org\/mallorca\/wp-json\/wp\/v2\/tags?post=28724"}],"curies":[{"name":"wp","href":"https:\/\/api.w.org\/{rel}","templated":true}]}}