{"id":28727,"date":"2024-06-18T14:07:32","date_gmt":"2024-06-18T12:07:32","guid":{"rendered":"http:\/\/www.psib-psoe.org\/mallorca\/?p=28727"},"modified":"2024-10-14T11:39:47","modified_gmt":"2024-10-14T09:39:47","slug":"lagrupacio-progressista-per-estellencs-denuncia-que-lajuntament-incompleixi-lacord-de-convocar-un-ple-cada-dos-mesos","status":"publish","type":"post","link":"https:\/\/www.psib-psoe.org\/mallorca\/lagrupacio-progressista-per-estellencs-denuncia-que-lajuntament-incompleixi-lacord-de-convocar-un-ple-cada-dos-mesos\/","title":{"rendered":"L\u2019Agrupaci\u00f3 Progressista \u2018Per Estellencs\u2019 denuncia que l\u2019Ajuntament incompleixi l\u2019acord de convocar un ple cada dos mesos"},"content":{"rendered":"<div class=\"wpb-content-wrapper\">[vc_row][vc_column][vc_single_image image=&#8221;28556&#8243; img_size=&#8221;full&#8221; alignment=&#8221;center&#8221;][\/vc_column][\/vc_row][vc_row][vc_column][vc_column_text]<em>L\u2019Ajuntament d\u2019Estellencs no ha convocat el ple ordinari de juny. La darrera sessi\u00f3 plen\u00e0ria del municipi va ser el 4 d\u2019abril<\/em>[\/vc_column_text][\/vc_column][\/vc_row][vc_row][vc_column][vc_column_text]\n<p style=\"font-weight: 400;\">L\u2019Agrupaci\u00f3 Progressista \u2018Per Estellencs\u2019 ha denunciat que l\u2019Ajuntament no hagi convocat el ple ordinari de juny, incomplint aix\u00ed l\u2019acord al que es va arribar per convocar un ple cada dos mesos. El darrer ple va ser el 4 d\u2019abril i, per tant, el primer dijous del mes de juny (dia 6) s\u2019hauria d\u2019haver celebrat el ple.<\/p>\n<p style=\"font-weight: 400;\">Des de l\u2019Agrupaci\u00f3 han declarat que \u201cel batle ha incomplert amb el seu deure i amb el dret democr\u00e0tic. La justificaci\u00f3 que ha donat per no convocar ple de juny \u00e9s que no hi havia temes. Aix\u00f2 \u00e9s totalment fals, nosaltres com agrupaci\u00f3 ten\u00edem preparades diferents iniciatives\u201d.<\/p>\n<p style=\"font-weight: 400;\">\u2018Per Estellencs\u2019 t\u00e9 previst presentar una moci\u00f3 relacionada amb les normes subsidi\u00e0ries i la possibilitat que els estellenquins puguin oferir les seves propietats a l\u2019Ajuntament ja que el consistori municipal no t\u00e9 cap propietat municipal on poder fer un centre de dia, un magatzem municipal o un centre de salut que compleixi la normativa actual.<\/p>\n<p style=\"font-weight: 400;\">L\u2019altre iniciativa que tenen prevista presentar \u00e9s una moci\u00f3 que proposa \u201cun acord de plenari per demanar a l\u2019empresa encarregada de la web i la seu electr\u00f2nica de l\u2019ajuntament d\u2019Estellencs, donar compliment a l&#8217;ordenament estatutari\u201d.<\/p>\n<p style=\"font-weight: 400;\">Des de \u2018Per Estellencs\u2019 tenien previst tornar a demanar sobre les comptes i el pressupost amb l&#8217;increment d&#8217;un 50% que va haver en un reconeixement extrajudicial. Els progressistes han criticat que \u201cfa 7 mesos que demanem explicacions i encara no ens han donat cap explicaci\u00f3 convincent\u201d.<\/p>\n[\/vc_column_text][\/vc_column][\/vc_row]\n<\/div>","protected":false},"excerpt":{"rendered":"<p>[vc_row][vc_column][vc_single_image image=&#8221;28556&#8243; img_size=&#8221;full&#8221; alignment=&#8221;center&#8221;][\/vc_column][\/vc_row][vc_row][vc_column][vc_column_text]L\u2019Ajuntament d\u2019Estellencs no ha convocat el ple ordinari de juny. La darrera sessi\u00f3 plen\u00e0ria del municipi va ser el 4 d\u2019abril[\/vc_column_text][\/vc_column][\/vc_row][vc_row][vc_column][vc_column_text] L\u2019Agrupaci\u00f3 Progressista \u2018Per Estellencs\u2019 ha denunciat que l\u2019Ajuntament no hagi convocat el ple ordinari de juny, incomplint aix\u00ed l\u2019acord al que es va arribar per convocar un ple cada dos mesos.&hellip;<\/p>\n","protected":false},"author":6,"featured_media":28556,"comment_status":"closed","ping_status":"open","sticky":false,"template":"","format":"standard","meta":{"footnotes":""},"categories":[90,92],"tags":[530,544,84],"class_list":["post-28727","post","type-post","status-publish","format-standard","has-post-thumbnail","hentry","category-municipis","category-portada","tag-estellencs","tag-per-estellencs","tag-psib-psoe"],"_links":{"self":[{"href":"https:\/\/www.psib-psoe.org\/mallorca\/wp-json\/wp\/v2\/posts\/28727"}],"collection":[{"href":"https:\/\/www.psib-psoe.org\/mallorca\/wp-json\/wp\/v2\/posts"}],"about":[{"href":"https:\/\/www.psib-psoe.org\/mallorca\/wp-json\/wp\/v2\/types\/post"}],"author":[{"embeddable":true,"href":"https:\/\/www.psib-psoe.org\/mallorca\/wp-json\/wp\/v2\/users\/6"}],"replies":[{"embeddable":true,"href":"https:\/\/www.psib-psoe.org\/mallorca\/wp-json\/wp\/v2\/comments?post=28727"}],"version-history":[{"count":0,"href":"https:\/\/www.psib-psoe.org\/mallorca\/wp-json\/wp\/v2\/posts\/28727\/revisions"}],"wp:featuredmedia":[{"embeddable":true,"href":"https:\/\/www.psib-psoe.org\/mallorca\/wp-json\/wp\/v2\/media\/28556"}],"wp:attachment":[{"href":"https:\/\/www.psib-psoe.org\/mallorca\/wp-json\/wp\/v2\/media?parent=28727"}],"wp:term":[{"taxonomy":"category","embeddable":true,"href":"https:\/\/www.psib-psoe.org\/mallorca\/wp-json\/wp\/v2\/categories?post=28727"},{"taxonomy":"post_tag","embeddable":true,"href":"https:\/\/www.psib-psoe.org\/mallorca\/wp-json\/wp\/v2\/tags?post=28727"}],"curies":[{"name":"wp","href":"https:\/\/api.w.org\/{rel}","templated":true}]}}