{"id":28757,"date":"2024-07-03T11:51:26","date_gmt":"2024-07-03T09:51:26","guid":{"rendered":"http:\/\/www.psib-psoe.org\/mallorca\/?p=28757"},"modified":"2024-10-14T11:39:47","modified_gmt":"2024-10-14T09:39:47","slug":"els-socialistes-de-lloret-i-endavant-lloret-arriben-a-un-acord-per-governar-plegats-els-propers-3-anys","status":"publish","type":"post","link":"https:\/\/www.psib-psoe.org\/mallorca\/els-socialistes-de-lloret-i-endavant-lloret-arriben-a-un-acord-per-governar-plegats-els-propers-3-anys\/","title":{"rendered":"Els Socialistes de Lloret i Endavant-Lloret arriben a un acord per governar plegats els propers 3 anys."},"content":{"rendered":"<div class=\"wpb-content-wrapper\">[vc_row][vc_column][vc_single_image image=&#8221;27410&#8243; img_size=&#8221;full&#8221; alignment=&#8221;center&#8221;][\/vc_column][\/vc_row][vc_row][vc_column][vc_column_text]<em><u>Xisco Arrom i Sofia Alonso s\u2019incorporen a l\u2019equip de govern de Lloret, com a regidors d\u2019Esport, i de serveis socials i sanitat, respectivament.<\/u><\/em>[\/vc_column_text][\/vc_column][\/vc_row][vc_row][vc_column][vc_column_text]Els grups Endavant i els Socialistes de Lloret han arribat a un acord per estalonar la governabilitat del municipi. Els dos regidors socialistes, Xisco Arrom i Sofia Alonso, entren a formar part de l\u2019equip de govern del batle Sebasti\u00e0 Amengual, i dirigiran les \u00e0rees d\u2019Esport i Serveis Socials i Sanitat. Per la seva banda Endavant Lloret, mantindr\u00e0 la batlia i les regidories d\u2019economia, urbanisme, gesti\u00f3 de personal, interior i seguretat ciutadana, mobilitat, cultura i patrimoni, gent gran, inf\u00e0ncia i joventut, igualtat, festes, educaci\u00f3 i cementeri.<\/p>\n<p>Des de principis de legislatura a Lloret es va formar un govern en minoria de l\u2019agrupaci\u00f3 d\u2019electors d\u2019Endavant Lloret, formada per 4 regidors. Malgrat quedar inicialment a l\u2019oposici\u00f3 el Grup Socialista ha estat clau per tirar endavant algunes de les iniciatives de l\u2019equip de govern, com en el cas de l\u2019aprovaci\u00f3 dels pressuposts de 2024 votant a favor \u201cde manera responsable i pensant amb el b\u00e9 del municipi\u201d, segons ha recordat el portaveu socialista, Xisco Arrom.<\/p>\n<p>L\u2019agrupaci\u00f3 d\u2019electors Endavant Lloret i l\u2019Agrupaci\u00f3 Socialista de Lloret de Vistalegre, han manifestat la voluntat de \u201cdur a terme un pacte de confian\u00e7a i col\u00b7laboraci\u00f3 m\u00fatua, constructiva i duradora que permeti abordar els problemes d\u2019aquest poble, tenint com a refer\u00e8ncia el benestar i servei al ciutad\u00e0\u201d.<\/p>\n<p>Aquest pacte t\u00e9 com a principals objectius abordar i avan\u00e7ar en la gesti\u00f3 efica\u00e7 i eficient de l\u2019Ajuntament, la\u00a0 transpar\u00e8ncia, la millora de la vida del municipi, la dinamitzaci\u00f3 social i cultural, el manteniment de les infraestructures, i les inversions del tot necess\u00e0ries per modernitzar espais i propiciar la seva conservaci\u00f3, aix\u00ed com tamb\u00e9 facilitar que es millorin i s\u2019ofereixin serveis de qualitat als ciutadans.<\/p>\n<p>Les dues formacions de govern a Lloret han palesat el seu comprom\u00eds en acomplir algunes de les premisses que defensaren en els respectius programes de govern, com s\u00f3n l\u2019ampliaci\u00f3 del centre escolar Ant\u00f2nia Alzina, els nous vestidors del camp de futbol municipal, la millora de la neteja al casc urb\u00e0 i al fora vila, i la\u00a0 redacci\u00f3 i aprovaci\u00f3 de les normes subsidi\u00e0ries.<\/p>\n<p>Aquest acord tamb\u00e9 es sustenta amb les persones de l\u2019equip de govern, \u201cque sempre han estat persones de consens\u201d, i amb capacitat d\u2019arribar a acords pel b\u00e9 de Lloret.<\/p>\n<p>El proper ple que es celebrar\u00e0 el dia 12 de juliol, servir\u00e0 per fer oficial els canvis en l\u2019equip de govern de Lloret, amb l\u2019entrada dels dos regidors socialistes a l\u2019equip de Govern, dins del qual, Alonso assumir\u00e0 la segona tinen\u00e7a de batlia, mentre que Arrom ser\u00e0 el cinqu\u00e8 tinent de batle.<\/p>\n<p>Aquest pacte marca \u201cl\u2019inici d\u2019una etapa millor per a Lloret, on amb consens i di\u00e0leg es podr\u00e0 seguir avan\u00e7ant pel b\u00e9 del municipi. \u00c9s una etapa per treballar conjuntament, colze amb colze deixant les difer\u00e8ncies i sumant el que els uneix\u201d, ha dit Arrom.<\/p>\n<p>El batle, Sebasti\u00e0 Amengual, ha afegit que \u2018\u2018despr\u00e8s d\u2019un any de govern en minoria, obrim la porta en aquest pacte que incorpora als regidors del Grup Socialista a l\u2019equip de govern. Aquest pacte es el resultat d\u2019una oposici\u00f3 constructiva per part dels socialistes i te l\u2019objectiu de dur a terme els importants projectes que ens hem proposat per aquests tres anys de legislatura\u2019\u2019.[\/vc_column_text][\/vc_column][\/vc_row]\n<\/div>","protected":false},"excerpt":{"rendered":"<p>[vc_row][vc_column][vc_single_image image=&#8221;27410&#8243; img_size=&#8221;full&#8221; alignment=&#8221;center&#8221;][\/vc_column][\/vc_row][vc_row][vc_column][vc_column_text]Xisco Arrom i Sofia Alonso s\u2019incorporen a l\u2019equip de govern de Lloret, com a regidors d\u2019Esport, i de serveis socials i sanitat, respectivament.[\/vc_column_text][\/vc_column][\/vc_row][vc_row][vc_column][vc_column_text]Els grups Endavant i els Socialistes de Lloret han arribat a un acord per estalonar la governabilitat del municipi. Els dos regidors socialistes, Xisco Arrom i Sofia Alonso, entren a&hellip;<\/p>\n","protected":false},"author":3,"featured_media":27410,"comment_status":"closed","ping_status":"open","sticky":false,"template":"","format":"standard","meta":{"footnotes":""},"categories":[2,1,90,92],"tags":[227,105,77,226,100,84,80,296,81],"class_list":["post-28757","post","type-post","status-publish","format-standard","has-post-thumbnail","hentry","category-federacio-de-mallorca","category-federacio-de-mallorca-portada","category-municipis","category-portada","tag-antonia-sastre","tag-catalina-cladera","tag-federacio-socialista-de-mallorca","tag-javier-de-juan","tag-miquel-cabot","tag-psib-psoe","tag-socialistes-de-lloret","tag-sofia-alonso","tag-xisco-arrom"],"_links":{"self":[{"href":"https:\/\/www.psib-psoe.org\/mallorca\/wp-json\/wp\/v2\/posts\/28757"}],"collection":[{"href":"https:\/\/www.psib-psoe.org\/mallorca\/wp-json\/wp\/v2\/posts"}],"about":[{"href":"https:\/\/www.psib-psoe.org\/mallorca\/wp-json\/wp\/v2\/types\/post"}],"author":[{"embeddable":true,"href":"https:\/\/www.psib-psoe.org\/mallorca\/wp-json\/wp\/v2\/users\/3"}],"replies":[{"embeddable":true,"href":"https:\/\/www.psib-psoe.org\/mallorca\/wp-json\/wp\/v2\/comments?post=28757"}],"version-history":[{"count":0,"href":"https:\/\/www.psib-psoe.org\/mallorca\/wp-json\/wp\/v2\/posts\/28757\/revisions"}],"wp:featuredmedia":[{"embeddable":true,"href":"https:\/\/www.psib-psoe.org\/mallorca\/wp-json\/wp\/v2\/media\/27410"}],"wp:attachment":[{"href":"https:\/\/www.psib-psoe.org\/mallorca\/wp-json\/wp\/v2\/media?parent=28757"}],"wp:term":[{"taxonomy":"category","embeddable":true,"href":"https:\/\/www.psib-psoe.org\/mallorca\/wp-json\/wp\/v2\/categories?post=28757"},{"taxonomy":"post_tag","embeddable":true,"href":"https:\/\/www.psib-psoe.org\/mallorca\/wp-json\/wp\/v2\/tags?post=28757"}],"curies":[{"name":"wp","href":"https:\/\/api.w.org\/{rel}","templated":true}]}}