{"id":28783,"date":"2024-07-10T13:14:22","date_gmt":"2024-07-10T11:14:22","guid":{"rendered":"http:\/\/www.psib-psoe.org\/mallorca\/?p=28783"},"modified":"2024-10-14T11:39:46","modified_gmt":"2024-10-14T09:39:46","slug":"els-socialistes-de-mallorca-insten-limas-a-que-aculli-el-contingent-solidari-de-menors-immigrants-no-acompanyats-dacord-amb-lestat-i-no-se-sotmeti-a-les-politiques-xenofobes-de-vox","status":"publish","type":"post","link":"https:\/\/www.psib-psoe.org\/mallorca\/els-socialistes-de-mallorca-insten-limas-a-que-aculli-el-contingent-solidari-de-menors-immigrants-no-acompanyats-dacord-amb-lestat-i-no-se-sotmeti-a-les-politiques-xenofobes-de-vox\/","title":{"rendered":"Els Socialistes de Mallorca insten l&#8217;IMAS a qu\u00e8 aculli el contingent solidari de menors immigrants no acompanyats d&#8217;acord amb l&#8217;Estat i no se sotmeti a les pol\u00edtiques xen\u00f2fobes de Vox."},"content":{"rendered":"<div class=\"wpb-content-wrapper\">[vc_row][vc_column][vc_single_image image=&#8221;28784&#8243; img_size=&#8221;full&#8221; alignment=&#8221;center&#8221;][\/vc_column][\/vc_row][vc_row][vc_column][vc_column_text]<em><u>La portaveu del Grup Socialista, Catalina Cladera, ha instat el Consell de Mallorca, a trav\u00e9s de l&#8217;Institut Mallorqu\u00ed d&#8217;Afers Socials (IMAS), a que aculli el contingent de menors migrants no acompanyats que es derivin des de la Confer\u00e8ncia sectorial d&#8217;Inf\u00e0ncia i Adolesc\u00e8ncia. Aquest ens ha apel\u00b7lat a les comunitats aut\u00f2nomes a qu\u00e8 assumeixin \u00a0l&#8217;acollida d&#8217;aquests menors que arriben majorit\u00e0riament a les Illes Can\u00e0ries, i que desborden els recursos tutelars de l&#8217;arxip\u00e8lag atl\u00e0ntic. Cladera ha demanat &#8220;valentia&#8221; a Galm\u00e9s per que prengui aquesta decisi\u00f3 &#8220;solid\u00e0ria i justa&#8221; malgrat l&#8217;amena\u00e7a plantejada pels ultradretans de VOX que han supeditat el sosteniment dels acords de govern a tot l&#8217;Estat amb el PP a no acceptar aquest contingent de menors. El Ple del Consell abordar\u00e0 dem\u00e0 aquest tema.<\/u><\/em>[\/vc_column_text][\/vc_column][\/vc_row][vc_row][vc_column][vc_column_text]El Consell de Mallorca, a trav\u00e9s de l\u2019IMAS, \u00e9s l\u2019ens que exerceix la compet\u00e8ncia en tema de menors. Disposa de 9 centres especials per a menors emigrants sense acompanyament amb m\u00e9s de 120 persones que hi resideixen. Catalina Cladera creu que \u201c\u00e9s el moment de que l\u2019IMAS i el Consell facin una passa endavant i puguin oferir els seus recursos a la Confer\u00e8ncia sectorial d\u2019Inf\u00e0ncia i Adolesc\u00e8ncia, per assumir la quota solid\u00e0ria de menors que en acollida, per poder respondre a la crisi humanit\u00e0ria que viuen els serveis tutelars de Can\u00e0ries, desbordats per la freq\u00fcent arribada de menors no acompanyats a les seves costes.<\/p>\n<p>\u201cNo podr\u00edem entendre que el Consell de Mallorca no aculli aquests menors\u201d. Cladera ha instat al PP a oposar-se radicalment al racisme i la xenof\u00f2bia de VOX, socis de Govern al Consell. Precisament dem\u00e0, en el ple de la instituci\u00f3 del mes de juliol, VOX ha presentat una moci\u00f3 que expressa amb tota la cruesa el posicionament racista i contrari a la tutela dels menors immigrants no acompanyats. La portaveu socialista creu que dem\u00e0 el PP ha d\u2019escenificar el trencament amb aquesta postura xen\u00f2foba. \u201cGalm\u00e9s i el PP del Consell ha de decidir si vol seguir governant amb VOX o si vol estar seguir treballant pels infants i adolescents emigrants de Mallorca i els seus drets\u201d, ha dit Cladera.<\/p>\n<p>\u201cDes d\u2019aqui convid al sr. Galm\u00e9s a posicionar-se amb les forces que defensem el dret a la vida dels menors. Si aix\u00f2 ha de ser a costa del seu pacte amb VOX, que es trenqui. Sigui valent\u201d.\u00a0 Cladera creu que \u201cl\u2019IMAS ara ha de moure fitxa. No pot donar l\u2019esquena als menors\u201d, per no quedar enfora de la resta de comunitats aut\u00f2nomes solid\u00e0ries.<\/p>\n<p>Cladera ha recordat que en el passat Debat de Pol\u00edtica General de Mallorca els Socialistes \u201cv\u00e0rem oferir un pacte de pa\u00eds a Galm\u00e9s per que trenqui amb la ultradreta\u201d, per fer millors pol\u00edtiques en mat\u00e8ria de llengua cultura, Igualtat i diversitat, Medi Ambient i Canvi Clim\u00e0tic, i per arribar a acords de llarga durada en mat\u00e8ria de territori, turisme i mobilitat. La dirigent socialista ha afegit ara la q\u00fcesti\u00f3 social referida als menors, com a un dels temes troncals de la legislatura que es podrien beneficiar d\u2019aquest acord de pa\u00eds entre forces dem\u00f2crates, si Galm\u00e9s expulsa del govern de Mallorca a l\u2019extrema dreta de Vox.<\/p>\n<p>En el ple de dem\u00e0, el Grup Socialista tamb\u00e9 ha previst una pregunta de control, dirigida al president de l\u2019IMAS Guillermo S\u00e1nchez, dirigida a con\u00e8ixer la disponibilitat de l\u2019IMAS per acollir menors immigrants no acompanyats.[\/vc_column_text][\/vc_column][\/vc_row]\n<\/div>","protected":false},"excerpt":{"rendered":"<p>[vc_row][vc_column][vc_single_image image=&#8221;28784&#8243; img_size=&#8221;full&#8221; alignment=&#8221;center&#8221;][\/vc_column][\/vc_row][vc_row][vc_column][vc_column_text]La portaveu del Grup Socialista, Catalina Cladera, ha instat el Consell de Mallorca, a trav\u00e9s de l&#8217;Institut Mallorqu\u00ed d&#8217;Afers Socials (IMAS), a que aculli el contingent de menors migrants no acompanyats que es derivin des de la Confer\u00e8ncia sectorial d&#8217;Inf\u00e0ncia i Adolesc\u00e8ncia. Aquest ens ha apel\u00b7lat a les comunitats aut\u00f2nomes a qu\u00e8&hellip;<\/p>\n","protected":false},"author":3,"featured_media":28784,"comment_status":"closed","ping_status":"open","sticky":false,"template":"","format":"standard","meta":{"footnotes":""},"categories":[89,2,1,92],"tags":[105,83,77,134,226,84,296],"class_list":["post-28783","post","type-post","status-publish","format-standard","has-post-thumbnail","hentry","category-consell-de-mallorca","category-federacio-de-mallorca","category-federacio-de-mallorca-portada","category-portada","tag-catalina-cladera","tag-consell-de-mallorca","tag-federacio-socialista-de-mallorca","tag-imas","tag-javier-de-juan","tag-psib-psoe","tag-sofia-alonso"],"_links":{"self":[{"href":"https:\/\/www.psib-psoe.org\/mallorca\/wp-json\/wp\/v2\/posts\/28783"}],"collection":[{"href":"https:\/\/www.psib-psoe.org\/mallorca\/wp-json\/wp\/v2\/posts"}],"about":[{"href":"https:\/\/www.psib-psoe.org\/mallorca\/wp-json\/wp\/v2\/types\/post"}],"author":[{"embeddable":true,"href":"https:\/\/www.psib-psoe.org\/mallorca\/wp-json\/wp\/v2\/users\/3"}],"replies":[{"embeddable":true,"href":"https:\/\/www.psib-psoe.org\/mallorca\/wp-json\/wp\/v2\/comments?post=28783"}],"version-history":[{"count":0,"href":"https:\/\/www.psib-psoe.org\/mallorca\/wp-json\/wp\/v2\/posts\/28783\/revisions"}],"wp:featuredmedia":[{"embeddable":true,"href":"https:\/\/www.psib-psoe.org\/mallorca\/wp-json\/wp\/v2\/media\/28784"}],"wp:attachment":[{"href":"https:\/\/www.psib-psoe.org\/mallorca\/wp-json\/wp\/v2\/media?parent=28783"}],"wp:term":[{"taxonomy":"category","embeddable":true,"href":"https:\/\/www.psib-psoe.org\/mallorca\/wp-json\/wp\/v2\/categories?post=28783"},{"taxonomy":"post_tag","embeddable":true,"href":"https:\/\/www.psib-psoe.org\/mallorca\/wp-json\/wp\/v2\/tags?post=28783"}],"curies":[{"name":"wp","href":"https:\/\/api.w.org\/{rel}","templated":true}]}}