{"id":28786,"date":"2024-07-11T14:35:55","date_gmt":"2024-07-11T12:35:55","guid":{"rendered":"http:\/\/www.psib-psoe.org\/mallorca\/?p=28786"},"modified":"2024-10-14T11:39:46","modified_gmt":"2024-10-14T09:39:46","slug":"catalina-cladera-o-galmes-esta-amb-els-menors-migrants-no-acompanyats-o-amb-els-seus-socis-feixistes-i-xenofobs-de-vox-per-servar-la-seva-cadira","status":"publish","type":"post","link":"https:\/\/www.psib-psoe.org\/mallorca\/catalina-cladera-o-galmes-esta-amb-els-menors-migrants-no-acompanyats-o-amb-els-seus-socis-feixistes-i-xenofobs-de-vox-per-servar-la-seva-cadira\/","title":{"rendered":"Catalina Cladera: &#8220;O Galm\u00e9s est\u00e0 amb els menors migrants no acompanyats, o amb els seus socis feixistes i xen\u00f2fobs de VOX per servar la seva cadira&#8221;"},"content":{"rendered":"<div class=\"wpb-content-wrapper\">[vc_row][vc_column][vc_single_image image=&#8221;28787&#8243; img_size=&#8221;full&#8221; alignment=&#8221;center&#8221;][\/vc_column][\/vc_row][vc_row][vc_column][vc_column_text]<em><u>La portaveu del Grup Socialista, Catalina Cladera, troba insostenible el pacte de govern PPVOX de Mallorca per la deriva xen\u00f2foba i racista dels ultres, que avui han defensat una iniciativa per rebutjar el contingent de menors migrants no acompanyats segons l&#8217;acord adoptat en la Confer\u00e8ncia sectorial d&#8217;Inf\u00e0ncia i Adolesc\u00e8ncia. Una moci\u00f3 de VOX que ha comptat amb el vot rotund en contra del Grup Socialista, i una t\u00e8bia abstenci\u00f3 del PP per no incomodar VOX. Cladera ha instat Galm\u00e9s a qu\u00e8 &#8220;per dignitat rompi el pacte amb VOX abans que sigui Abascal qui pitgi el bot\u00f3 per sortir de tots els pactes amb el PP a l&#8217;Estat&#8221;.<\/u><\/em>[\/vc_column_text][\/vc_column][\/vc_row][vc_row][vc_column][vc_column_text]El Grup Socialista rebutja de pla que l\u2019acord de governabilitat del Consell de Mallorca es fonamenti amb els vots d\u2019una formaci\u00f3 ultra, que fomenta l\u2019odi i la xenof\u00f2bia contra els menors no acompanyats. Per aix\u00f2 ha instat a que el president del Consell rompi el pacte amb VOX a la instituci\u00f3 per poder recuperar pol\u00edtiques de consens i d\u2019inter\u00e8s general per als ciutadans de Mallorca.<\/p>\n<p>Aix\u00ed ho ha expressat la portaveu socialista Catalina Cladera, en el decurs de la moci\u00f3 presentada per VOX en contra del contingent de repartiment de menors no acompanyats arribats a Can\u00e0ries entre totes les comunitats aut\u00f2nomes, que es va acordar ahir en el si de la Confer\u00e8ncia sectorial d\u2019Inf\u00e0ncia, que comptava amb el suport de les comunitats governades pel PP, i del mateix president estatal de la formaci\u00f3.<\/p>\n<p>Cladera ha posat l\u2019accent en la dicotomia de Galm\u00e9s entre dissimular totes les sortides de botador de la ultradreta que li mant\u00e9 la cadira, o be la dignitat de defensar la vida i el futur dels menors no acompanyats que han de ser atesos a l\u2019Estat, sigui quin sigui el seu origen, per una q\u00fcesti\u00f3 humanit\u00e0ria recollida per tota la legislaci\u00f3 internacional i la Constituci\u00f3 Espanyola. \u201cVost\u00e8 est\u00e0 devora Feij\u00f3o o devora Vox\u201d, ha dit la socialista. \u201cEls socialistes diem no als discursos xen\u00f2fobs i racistes de VOX, no a les mentides de qui acusa als immigrants de ser delinq\u00fcents\u201d.<\/p>\n<p>En comptes d\u2019escenificar un trencament radical per les postures de VOX, el PP ha preferit plantejar una transacci\u00f3 a la moci\u00f3 de VOX, que no ha estat acceptada, i finalment el vot dels populars ha estat simplement d\u2019abstenci\u00f3, amb la clara intenci\u00f3 de no tibar la corda amb els seus socis de VOX, en un moment pol\u00edtic tens per les amenaces de trencament dels pactes que les formacions ultres i de dretes mantenen a 5 comunitats aut\u00f2nomes, i tamb\u00e9 a Balears al Consell de Mallorca, a diferents ajuntaments i amb la cessi\u00f3 de la presid\u00e8ncia del Parlament a un militant de VOX.<\/p>\n<p>\u201cRompi amb VOX\u201d, ha reclamat Cladera a Galm\u00e9s, \u201csi no ho fa, demostrar\u00e0 que est\u00e0 al costat dels racistes, nom\u00e9s per guardar la seva cadira a qualsevol preu; ja \u00e9s ben hora que es planti i que sigui un president vertader de tots els mallorquins, i no es posi m\u00e9s de perfil en aquests temes\u201d.<\/p>\n[\/vc_column_text][\/vc_column][\/vc_row]\n<\/div>","protected":false},"excerpt":{"rendered":"<p>[vc_row][vc_column][vc_single_image image=&#8221;28787&#8243; img_size=&#8221;full&#8221; alignment=&#8221;center&#8221;][\/vc_column][\/vc_row][vc_row][vc_column][vc_column_text]La portaveu del Grup Socialista, Catalina Cladera, troba insostenible el pacte de govern PPVOX de Mallorca per la deriva xen\u00f2foba i racista dels ultres, que avui han defensat una iniciativa per rebutjar el contingent de menors migrants no acompanyats segons l&#8217;acord adoptat en la Confer\u00e8ncia sectorial d&#8217;Inf\u00e0ncia i Adolesc\u00e8ncia. Una moci\u00f3 de&hellip;<\/p>\n","protected":false},"author":3,"featured_media":28787,"comment_status":"closed","ping_status":"open","sticky":false,"template":"","format":"standard","meta":{"footnotes":""},"categories":[89,2,1,92],"tags":[105,83,77,134,226,84,296],"class_list":["post-28786","post","type-post","status-publish","format-standard","has-post-thumbnail","hentry","category-consell-de-mallorca","category-federacio-de-mallorca","category-federacio-de-mallorca-portada","category-portada","tag-catalina-cladera","tag-consell-de-mallorca","tag-federacio-socialista-de-mallorca","tag-imas","tag-javier-de-juan","tag-psib-psoe","tag-sofia-alonso"],"_links":{"self":[{"href":"https:\/\/www.psib-psoe.org\/mallorca\/wp-json\/wp\/v2\/posts\/28786"}],"collection":[{"href":"https:\/\/www.psib-psoe.org\/mallorca\/wp-json\/wp\/v2\/posts"}],"about":[{"href":"https:\/\/www.psib-psoe.org\/mallorca\/wp-json\/wp\/v2\/types\/post"}],"author":[{"embeddable":true,"href":"https:\/\/www.psib-psoe.org\/mallorca\/wp-json\/wp\/v2\/users\/3"}],"replies":[{"embeddable":true,"href":"https:\/\/www.psib-psoe.org\/mallorca\/wp-json\/wp\/v2\/comments?post=28786"}],"version-history":[{"count":0,"href":"https:\/\/www.psib-psoe.org\/mallorca\/wp-json\/wp\/v2\/posts\/28786\/revisions"}],"wp:featuredmedia":[{"embeddable":true,"href":"https:\/\/www.psib-psoe.org\/mallorca\/wp-json\/wp\/v2\/media\/28787"}],"wp:attachment":[{"href":"https:\/\/www.psib-psoe.org\/mallorca\/wp-json\/wp\/v2\/media?parent=28786"}],"wp:term":[{"taxonomy":"category","embeddable":true,"href":"https:\/\/www.psib-psoe.org\/mallorca\/wp-json\/wp\/v2\/categories?post=28786"},{"taxonomy":"post_tag","embeddable":true,"href":"https:\/\/www.psib-psoe.org\/mallorca\/wp-json\/wp\/v2\/tags?post=28786"}],"curies":[{"name":"wp","href":"https:\/\/api.w.org\/{rel}","templated":true}]}}