{"id":28793,"date":"2024-07-11T18:43:21","date_gmt":"2024-07-11T16:43:21","guid":{"rendered":"http:\/\/www.psib-psoe.org\/mallorca\/?p=28793"},"modified":"2024-10-14T11:39:46","modified_gmt":"2024-10-14T09:39:46","slug":"natalia-troya-presenta-lescrit-de-renuncia-a-lacta-de-regidora-a-lajuntament-de-son-servera","status":"publish","type":"post","link":"https:\/\/www.psib-psoe.org\/mallorca\/natalia-troya-presenta-lescrit-de-renuncia-a-lacta-de-regidora-a-lajuntament-de-son-servera\/","title":{"rendered":"Nat\u00e0lia Troya presenta l&#8217;escrit de ren\u00fancia a l&#8217;acta de regidora a l&#8217;Ajuntament de Son Servera"},"content":{"rendered":"<div class=\"wpb-content-wrapper\">[vc_row][vc_column][vc_single_image image=&#8221;27683&#8243; img_size=&#8221;full&#8221; alignment=&#8221;center&#8221;][\/vc_column][\/vc_row][vc_row][vc_column][vc_column_text]<em><u>La regidora socialista a Son Servera tanca d&#8217;aquesta manera una traject\u00f2ria en el grup municipal socialista a Son Servera que es va iniciar en 2003 quan entr\u00e0 a formar part com a regidora a l&#8217;oposici\u00f3. <\/u><\/em>[\/vc_column_text][\/vc_column][\/vc_row][vc_row][vc_column][vc_column_text]La regidora socialista a l\u2019Ajuntament de Son Servera, Nat\u00e0lia Troya, ha fet efectiu l\u2019escrit de ren\u00fancia a l\u2019acta de regidora en el decurs de la comissi\u00f3 informativa del consistori que s\u2019ha celebrat aquest dijous. L\u2019ad\u00e9u de Troya es far\u00e0 efectiu en el ple municipal previst pel dijous de la setmana vinent.<\/p>\n<p>Nat\u00e0lia Troya tanca aix\u00ed una etapa de 21 anys dins de la pol\u00edtica municipal de Son Servera, municipi del que fou batlessa durant 6 anys, entre 2015 i 2017 i durant tota la legislatura entre 2019 a 2023. Troya fou, per tant, la primera batlessa de la hist\u00f2ria de Son Servera.<\/p>\n<p>La secret\u00e0ria general de la Federaci\u00f3 Socialista de Mallorca ha expressat \u201ctot l\u2019agra\u00efment dels Socialistes de Mallorca per la traject\u00f2ria de na Nat\u00e0lia, que ha aportat a la pol\u00edtica el seu tarann\u00e0 dialogant i lluitador, sempre amb una marcada personalitat social i feminista, que ha aportat modernitat i proximitat a Son Servera\u201d Cladera ha expressat el desig de \u201cseguir comptant amb una persona amb la visi\u00f3 i la v\u00e0lua de na Nat\u00e0lia tant pels socialistes de Son Servera com pels de tota Mallorca\u201d.[\/vc_column_text][\/vc_column][\/vc_row]\n<\/div>","protected":false},"excerpt":{"rendered":"<p>[vc_row][vc_column][vc_single_image image=&#8221;27683&#8243; img_size=&#8221;full&#8221; alignment=&#8221;center&#8221;][\/vc_column][\/vc_row][vc_row][vc_column][vc_column_text]La regidora socialista a Son Servera tanca d&#8217;aquesta manera una traject\u00f2ria en el grup municipal socialista a Son Servera que es va iniciar en 2003 quan entr\u00e0 a formar part com a regidora a l&#8217;oposici\u00f3. [\/vc_column_text][\/vc_column][\/vc_row][vc_row][vc_column][vc_column_text]La regidora socialista a l\u2019Ajuntament de Son Servera, Nat\u00e0lia Troya, ha fet efectiu l\u2019escrit de ren\u00fancia a&hellip;<\/p>\n","protected":false},"author":3,"featured_media":27683,"comment_status":"closed","ping_status":"open","sticky":false,"template":"","format":"standard","meta":{"footnotes":""},"categories":[2,1,90,92],"tags":[403,227,105,77,226,402,84],"class_list":["post-28793","post","type-post","status-publish","format-standard","has-post-thumbnail","hentry","category-federacio-de-mallorca","category-federacio-de-mallorca-portada","category-municipis","category-portada","tag-agrupacio-socialista-de-son-servera","tag-antonia-sastre","tag-catalina-cladera","tag-federacio-socialista-de-mallorca","tag-javier-de-juan","tag-natalia-troya","tag-psib-psoe"],"_links":{"self":[{"href":"https:\/\/www.psib-psoe.org\/mallorca\/wp-json\/wp\/v2\/posts\/28793"}],"collection":[{"href":"https:\/\/www.psib-psoe.org\/mallorca\/wp-json\/wp\/v2\/posts"}],"about":[{"href":"https:\/\/www.psib-psoe.org\/mallorca\/wp-json\/wp\/v2\/types\/post"}],"author":[{"embeddable":true,"href":"https:\/\/www.psib-psoe.org\/mallorca\/wp-json\/wp\/v2\/users\/3"}],"replies":[{"embeddable":true,"href":"https:\/\/www.psib-psoe.org\/mallorca\/wp-json\/wp\/v2\/comments?post=28793"}],"version-history":[{"count":0,"href":"https:\/\/www.psib-psoe.org\/mallorca\/wp-json\/wp\/v2\/posts\/28793\/revisions"}],"wp:featuredmedia":[{"embeddable":true,"href":"https:\/\/www.psib-psoe.org\/mallorca\/wp-json\/wp\/v2\/media\/27683"}],"wp:attachment":[{"href":"https:\/\/www.psib-psoe.org\/mallorca\/wp-json\/wp\/v2\/media?parent=28793"}],"wp:term":[{"taxonomy":"category","embeddable":true,"href":"https:\/\/www.psib-psoe.org\/mallorca\/wp-json\/wp\/v2\/categories?post=28793"},{"taxonomy":"post_tag","embeddable":true,"href":"https:\/\/www.psib-psoe.org\/mallorca\/wp-json\/wp\/v2\/tags?post=28793"}],"curies":[{"name":"wp","href":"https:\/\/api.w.org\/{rel}","templated":true}]}}