{"id":28798,"date":"2024-07-12T11:16:02","date_gmt":"2024-07-12T09:16:02","guid":{"rendered":"http:\/\/www.psib-psoe.org\/mallorca\/?p=28798"},"modified":"2024-10-14T11:39:46","modified_gmt":"2024-10-14T09:39:46","slug":"xisco-arrom-i-sofia-alonso-sincorporen-a-lequip-de-govern-de-lloret-de-vistalegre-com-a-regidors-desport-i-de-serveis-socials-i-sanitat-respectivament","status":"publish","type":"post","link":"https:\/\/www.psib-psoe.org\/mallorca\/xisco-arrom-i-sofia-alonso-sincorporen-a-lequip-de-govern-de-lloret-de-vistalegre-com-a-regidors-desport-i-de-serveis-socials-i-sanitat-respectivament\/","title":{"rendered":"Xisco Arrom i Sofia Alonso s\u2019incorporen a l\u2019equip de govern de Lloret de Vistalegre com a regidors d\u2019Esport, i de Serveis Socials i Sanitat, respectivament."},"content":{"rendered":"<div class=\"wpb-content-wrapper\">[vc_row][vc_column][vc_single_image image=&#8221;28799&#8243; img_size=&#8221;full&#8221; alignment=&#8221;center&#8221;][\/vc_column][\/vc_row][vc_row][vc_column][vc_column_text]<em><u>Els dos regidors dels Socialistes de Lloret s\u2019han incorporat a l\u2019equip de Govern de Lloret, durant la sessi\u00f3 del ple ordinari de l\u2019Ajuntament que s\u2019ha celebrat aquest dijous.<\/u><\/em>[\/vc_column_text][\/vc_column][\/vc_row][vc_row][vc_column][vc_column_text]El ple de l\u2019Ajuntament de Lloret de Vistalegre celebrat aquest dijous, ha fet oficial la incorporaci\u00f3 dels dos regidors socialistes a l\u2019equip de govern del municipi, dins del qual SofiaAlonso assumir\u00e0 la segona tinen\u00e7a de batlia, mentre que Xisco Arrom ser\u00e0 el cinqu\u00e8 tinent de batle. A la sessi\u00f3 de ple hi ha assistit diferents c\u00e0rrecs de la Federaci\u00f3 Socialista, com Miquel Cabot i Beatriu Gamund\u00ed, aix\u00ed com el batle de Santa Eug\u00e8nia, Pep Llu\u00eds Urraca.<\/p>\n<p>Es dona aix\u00ed compliment a l\u2019acord signat el passat dilluns entre els grups Endavant i els Socialistes de Lloret per millorar la governabilitat del municipi. Els dos regidors socialistes, Xisco Arrom i Sofia Alonso, entren a formar part de l\u2019equip de govern del batle Sebasti\u00e0 Amengual, i dirigiran les \u00e0rees d\u2019Esport i Serveis Socials i Sanitat. Per la seva banda Endavant Lloret, mant\u00e9 la batlia i les regidories d\u2019economia, urbanisme, gesti\u00f3 de personal, interior i seguretat ciutadana, mobilitat, cultura i patrimoni, gent gran, inf\u00e0ncia i joventut, igualtat, festes, educaci\u00f3 i cementeri.<\/p>\n<p>Aquest pacte marca \u201cl\u2019inici d\u2019una etapa millor per a Lloret, on amb consens i di\u00e0leg es podr\u00e0 seguir avan\u00e7ant pel b\u00e9 del municipi. \u00c9s una etapa per treballar conjuntament, colze amb colze deixant les difer\u00e8ncies i sumant el que els uneix\u201d, ha dit Arrom. Aquest acord tamb\u00e9 es sustenta amb les persones de l\u2019equip de govern, \u201cque sempre han estat persones de consens\u201d, i amb capacitat d\u2019arribar a acords pel b\u00e9 de Lloret.<\/p>\n<p>L\u2019agrupaci\u00f3 d\u2019electors Endavant Lloret i l\u2019Agrupaci\u00f3 Socialista de Lloret de Vistalegre, han manifestat la voluntat de \u201cdur a terme un pacte de confian\u00e7a i col\u00b7laboraci\u00f3 m\u00fatua, constructiva i duradora que permeti abordar els problemes d\u2019aquest poble, tenint com a refer\u00e8ncia el benestar i servei al ciutad\u00e0\u201d, segons ha dit la nova tinent de batle de Serveis Socials, i tamb\u00e9 consellera insular del Consell de Mallorca, Sofia Alonso.[\/vc_column_text][\/vc_column][\/vc_row]\n<\/div>","protected":false},"excerpt":{"rendered":"<p>[vc_row][vc_column][vc_single_image image=&#8221;28799&#8243; img_size=&#8221;full&#8221; alignment=&#8221;center&#8221;][\/vc_column][\/vc_row][vc_row][vc_column][vc_column_text]Els dos regidors dels Socialistes de Lloret s\u2019han incorporat a l\u2019equip de Govern de Lloret, durant la sessi\u00f3 del ple ordinari de l\u2019Ajuntament que s\u2019ha celebrat aquest dijous.[\/vc_column_text][\/vc_column][\/vc_row][vc_row][vc_column][vc_column_text]El ple de l\u2019Ajuntament de Lloret de Vistalegre celebrat aquest dijous, ha fet oficial la incorporaci\u00f3 dels dos regidors socialistes a l\u2019equip de govern del&hellip;<\/p>\n","protected":false},"author":3,"featured_media":28799,"comment_status":"closed","ping_status":"open","sticky":false,"template":"","format":"standard","meta":{"footnotes":""},"categories":[2,1,90,92],"tags":[398,227,105,77,226,84,296,81],"class_list":["post-28798","post","type-post","status-publish","format-standard","has-post-thumbnail","hentry","category-federacio-de-mallorca","category-federacio-de-mallorca-portada","category-municipis","category-portada","tag-agrupacio-socialista-de-lloret","tag-antonia-sastre","tag-catalina-cladera","tag-federacio-socialista-de-mallorca","tag-javier-de-juan","tag-psib-psoe","tag-sofia-alonso","tag-xisco-arrom"],"_links":{"self":[{"href":"https:\/\/www.psib-psoe.org\/mallorca\/wp-json\/wp\/v2\/posts\/28798"}],"collection":[{"href":"https:\/\/www.psib-psoe.org\/mallorca\/wp-json\/wp\/v2\/posts"}],"about":[{"href":"https:\/\/www.psib-psoe.org\/mallorca\/wp-json\/wp\/v2\/types\/post"}],"author":[{"embeddable":true,"href":"https:\/\/www.psib-psoe.org\/mallorca\/wp-json\/wp\/v2\/users\/3"}],"replies":[{"embeddable":true,"href":"https:\/\/www.psib-psoe.org\/mallorca\/wp-json\/wp\/v2\/comments?post=28798"}],"version-history":[{"count":0,"href":"https:\/\/www.psib-psoe.org\/mallorca\/wp-json\/wp\/v2\/posts\/28798\/revisions"}],"wp:featuredmedia":[{"embeddable":true,"href":"https:\/\/www.psib-psoe.org\/mallorca\/wp-json\/wp\/v2\/media\/28799"}],"wp:attachment":[{"href":"https:\/\/www.psib-psoe.org\/mallorca\/wp-json\/wp\/v2\/media?parent=28798"}],"wp:term":[{"taxonomy":"category","embeddable":true,"href":"https:\/\/www.psib-psoe.org\/mallorca\/wp-json\/wp\/v2\/categories?post=28798"},{"taxonomy":"post_tag","embeddable":true,"href":"https:\/\/www.psib-psoe.org\/mallorca\/wp-json\/wp\/v2\/tags?post=28798"}],"curies":[{"name":"wp","href":"https:\/\/api.w.org\/{rel}","templated":true}]}}