{"id":28849,"date":"2024-07-24T12:45:31","date_gmt":"2024-07-24T10:45:31","guid":{"rendered":"http:\/\/www.psib-psoe.org\/mallorca\/?p=28849"},"modified":"2024-10-14T11:39:45","modified_gmt":"2024-10-14T09:39:45","slug":"el-grup-socialista-presenta-127-propostes-de-resolucio-al-debat-de-politica-general-del-consell-per-provocar-el-canvi-de-rumb-que-demanda-mallorca","status":"publish","type":"post","link":"https:\/\/www.psib-psoe.org\/mallorca\/el-grup-socialista-presenta-127-propostes-de-resolucio-al-debat-de-politica-general-del-consell-per-provocar-el-canvi-de-rumb-que-demanda-mallorca\/","title":{"rendered":"El Grup Socialista presenta 127 propostes de resoluci\u00f3 al Debat de Pol\u00edtica General del Consell, per provocar el \u201ccanvi de rumb que demanda Mallorca\u201d."},"content":{"rendered":"<div class=\"wpb-content-wrapper\">[vc_row][vc_column][vc_single_image image=&#8221;28850&#8243; img_size=&#8221;full&#8221; alignment=&#8221;center&#8221;][\/vc_column][\/vc_row][vc_row][vc_column][vc_column_text]<em><u>La portaveu del Grup Socialista al Consell de Mallorca, Catalina Cladera, ha presentat les propostes de resoluci\u00f3 que els socialistes presenten com a conclusi\u00f3 del Debat de Pol\u00edtica General de Mallorca. Cladera considera que \u201cdespr\u00e9s d\u2019un any sense rumb i en mans de la ultradreta, l\u2019equip de govern PPVOX al Consell necessita solucions per Mallorca\u201d, com ha quedat demostrat amb les repetides manifestacions de descontentament popular que s\u2019han produ\u00eft abans del primer any de legislatura. <\/u><\/em>[\/vc_column_text][\/vc_column][\/vc_row][vc_row][vc_column][vc_column_text]El Grup Socialista presentar\u00e0 127 propostes de resoluci\u00f3 al Debat de Pol\u00edtica General de Mallorca del passat mes de juny, que es distribueixen entre totes les \u00e0rees de govern del Consell de Mallorca. La portaveu socialista, Catalina Cladera ha argumentat que les propostes s\u00f3n en realitat una demostraci\u00f3 de \u201cla manca de rumb\u201d de l\u2019equip de govern PPVox al Consell, i la demostraci\u00f3 ferma de que hi ha una altra manera de fer les coses \u201cen favor de l\u2019inter\u00e8s general i no per a tractar de salvar les cadires com fa Galm\u00e9s\u201d.<\/p>\n<p>\u201cEl sr. Galm\u00e9s no te rumb i est\u00e0 atrapat per la ultradreta; amb aquestes propostes els socialistes els donam idees a l\u2019equip de govern, per que pugui rompre amb Vox i apostar per Mallorca i pel be de la Democr\u00e0cia\u201d.<\/p>\n<p>El gruix de les propostes es dirigeixen a temes socials, de mobilitat i sostenibilitat i turisme. \u201cLa gent ja ha sortit al carrer per a protestar contra les pol\u00edtiques del PP i els seus socis de VOX, no havia passat mai que en el primer any de legislatura un govern tingu\u00e9s tanta de gent protestant al carrer\u201d. \u201cA Mallorca li fan falta solucions a temes com els embossos a la xarxa vi\u00e0ria\u201d, mentre que el Consell espera a tenir les conclusions d\u2019un estudi de c\u00e0rrega. \u201cSabem que les solucions que posar\u00e0 en marxa Galm\u00e9s no seran valentes, per que els seus socis de Vox han votat en contra de mesures com la restricci\u00f3 d\u2019entrada de vehicles a Eivissa, i a Mallorca faran el mateix\u201d, ha dit Cladera. La restricci\u00f3 d\u2019entrada de vehicles a l\u2019illa, i de circulaci\u00f3 dins de zones sensibles de la Serra de Tramuntana, la implantaci\u00f3 de Zones de Baixes Emissions i de m\u00e9s carrils segregats per a vehicles amb m\u00e9s de dos passatgers s\u00f3n altres de les propostes socialistes en mat\u00e8ria de mobilitat.<\/p>\n<p>L\u2019obertura immediata de l\u2019estaci\u00f3 de la ITV de Calvi\u00e0, que porta m\u00e9s de 8 mesos acabada i tancada, \u00e9s tamb\u00e9 part de les demandes del Grup Socialista, en el dia en el qual l\u2019equip de Govern de Calvi\u00e0 ha votat en contra d\u2019una moci\u00f3 del grup municipal socialista que pretenia la posada en funcionament de la infraestructura, clau per a desembossar les llargues llistes d\u2019espera de 4 mesos, per passar la inspecci\u00f3.<\/p>\n<p>Les propostes socialistes aborden tamb\u00e9 un tema de gran calat social, com \u00e9s l\u2019habitatge, del qual el Consell no n\u2019ha articulat cap iniciativa. La promoci\u00f3 d\u2019habitatge social, o el lliurament de les claus dels HPO que es van acabant, les declaracions de zona tensionada i d\u2019emerg\u00e8ncia habitacional, per a poder topar el preu dels lloguers, o la creaci\u00f3 de l\u2019Ag\u00e8ncia Mallorquina del S\u00f2l en s\u00f3n algunes de les propostes socialistes a l\u2019equip de govern.<\/p>\n<p>Cladera s\u2019ha queixat tamb\u00e9 de la legalitzaci\u00f3 expr\u00e9s de 30.000 habitatges en sol r\u00fastic, per que suposen un atac sense precedents al sol r\u00fastic de Mallorca, i s\u2019ha oposat frontalment a la autoritzaci\u00f3 a l\u2019activitat del lloguer vacacional en habitatges privats dins de s\u00f2l r\u00fastic protegit a la Serra de Tramuntana. D\u2019igual manera les propostes en mat\u00e8ria de turisme insten l\u2019equip de govern a adoptar mesures reals de decreixement en el nombre de places tur\u00edstiques, i a actuar de manera decidida contra l\u2019allotjament il\u00b7legal, activant la prerrogativa legal del tancament cautelar de les instal\u00b7lacions tur\u00edstiques contr\u00e0ries a llei, per evitar que aquestes segueixin funcionant malgrat que hi hagi expedient d\u2019il\u00b7legalitat incoats.<\/p>\n<p>\u201cOn \u00e9s el sr. Galm\u00e9s que s\u2019amaga quan hi ha problemes\u201d, ha preguntat ret\u00f2ricament Cladera, per qui el president del Consell ha perdut una gran oportunitat per rompre el seu pacte amb la ultradreta a prop\u00f2sit del posicionament \u201dxen\u00f2fob\u201d de VOX en l\u2019admissi\u00f3 de contingents de menors no acompanyats provinents de Can\u00e0ries, un discurs extrem que se suma al plantejat per la ultradreta en temes com igualtat i LGTBI, llengua i cultura o Mem\u00f2ria Democr\u00e0tica, en els quals el PP ha hagut de transigir amb postures radicals \u201ca canvi de guardar la cadira\u201d.<\/p>\n<p>El ple del Consell en el qual es debatran aquestes propostes se celebrar\u00e0 el proper dilluns 29 de juliol.<\/p>\n<!--[if lt IE 9]><script>document.createElement('audio');<\/script><![endif]-->\n<audio class=\"wp-audio-shortcode\" id=\"audio-28849-1\" preload=\"none\" style=\"width: 100%;\" controls=\"controls\"><source type=\"audio\/mpeg\" src=\"http:\/\/www.psib-psoe.org\/mallorca\/wp-content\/uploads\/240724_CATALINA-CLADERA-RDP.mp3?_=1\" \/><a href=\"http:\/\/www.psib-psoe.org\/mallorca\/wp-content\/uploads\/240724_CATALINA-CLADERA-RDP.mp3\">http:\/\/www.psib-psoe.org\/mallorca\/wp-content\/uploads\/240724_CATALINA-CLADERA-RDP.mp3<\/a><\/audio>\n[\/vc_column_text][\/vc_column][\/vc_row]\n<\/div>","protected":false},"excerpt":{"rendered":"<p>[vc_row][vc_column][vc_single_image image=&#8221;28850&#8243; img_size=&#8221;full&#8221; alignment=&#8221;center&#8221;][\/vc_column][\/vc_row][vc_row][vc_column][vc_column_text]La portaveu del Grup Socialista al Consell de Mallorca, Catalina Cladera, ha presentat les propostes de resoluci\u00f3 que els socialistes presenten com a conclusi\u00f3 del Debat de Pol\u00edtica General de Mallorca. Cladera considera que \u201cdespr\u00e9s d\u2019un any sense rumb i en mans de la ultradreta, l\u2019equip de govern PPVOX al Consell necessita&hellip;<\/p>\n","protected":false},"author":3,"featured_media":28850,"comment_status":"closed","ping_status":"closed","sticky":false,"template":"","format":"standard","meta":{"footnotes":""},"categories":[89,2,1,90,92],"tags":[343,447,105,77,552,226,483,504,84,296],"class_list":["post-28849","post","type-post","status-publish","format-standard","has-post-thumbnail","hentry","category-consell-de-mallorca","category-federacio-de-mallorca","category-federacio-de-mallorca-portada","category-municipis","category-portada","tag-andreu-serra","tag-bea-gamundi","tag-catalina-cladera","tag-federacio-socialista-de-mallorca","tag-gabriel-alomar","tag-javier-de-juan","tag-joan-ferrer","tag-juana-m-adrover","tag-psib-psoe","tag-sofia-alonso"],"_links":{"self":[{"href":"https:\/\/www.psib-psoe.org\/mallorca\/wp-json\/wp\/v2\/posts\/28849"}],"collection":[{"href":"https:\/\/www.psib-psoe.org\/mallorca\/wp-json\/wp\/v2\/posts"}],"about":[{"href":"https:\/\/www.psib-psoe.org\/mallorca\/wp-json\/wp\/v2\/types\/post"}],"author":[{"embeddable":true,"href":"https:\/\/www.psib-psoe.org\/mallorca\/wp-json\/wp\/v2\/users\/3"}],"replies":[{"embeddable":true,"href":"https:\/\/www.psib-psoe.org\/mallorca\/wp-json\/wp\/v2\/comments?post=28849"}],"version-history":[{"count":0,"href":"https:\/\/www.psib-psoe.org\/mallorca\/wp-json\/wp\/v2\/posts\/28849\/revisions"}],"wp:featuredmedia":[{"embeddable":true,"href":"https:\/\/www.psib-psoe.org\/mallorca\/wp-json\/wp\/v2\/media\/28850"}],"wp:attachment":[{"href":"https:\/\/www.psib-psoe.org\/mallorca\/wp-json\/wp\/v2\/media?parent=28849"}],"wp:term":[{"taxonomy":"category","embeddable":true,"href":"https:\/\/www.psib-psoe.org\/mallorca\/wp-json\/wp\/v2\/categories?post=28849"},{"taxonomy":"post_tag","embeddable":true,"href":"https:\/\/www.psib-psoe.org\/mallorca\/wp-json\/wp\/v2\/tags?post=28849"}],"curies":[{"name":"wp","href":"https:\/\/api.w.org\/{rel}","templated":true}]}}