{"id":28859,"date":"2024-07-29T13:02:37","date_gmt":"2024-07-29T11:02:37","guid":{"rendered":"http:\/\/www.psib-psoe.org\/mallorca\/?p=28859"},"modified":"2024-10-14T11:39:45","modified_gmt":"2024-10-14T09:39:45","slug":"els-socialistes-exigeixen-galmes-que-doni-explicacions-sobre-la-situacio-laboral-de-la-portaveu-del-pp-al-consell-nuria-riera","status":"publish","type":"post","link":"https:\/\/www.psib-psoe.org\/mallorca\/els-socialistes-exigeixen-galmes-que-doni-explicacions-sobre-la-situacio-laboral-de-la-portaveu-del-pp-al-consell-nuria-riera\/","title":{"rendered":"Els socialistes exigeixen Galm\u00e9s que doni explicacions sobre la situaci\u00f3 laboral de la portaveu del PP al Consell, N\u00faria Riera."},"content":{"rendered":"<div class=\"wpb-content-wrapper\">[vc_row][vc_column][vc_single_image image=&#8221;28860&#8243; img_size=&#8221;full&#8221; alignment=&#8221;center&#8221;][\/vc_column][\/vc_row][vc_row][vc_column][vc_column_text]<em><u>El portaveu adjunt del Grup Socialista al Consell, Javier de Juan afirma que \u201c\u00e9s un absurd que Riera tingui una remuneraci\u00f3 p\u00fablica equivalent al 175% de la seva jornada laboral que suposen 127.000 \u20ac anuals de salari p\u00fablic, un esc\u00e0ndol\u201d, i que a principi de la legislatura Galm\u00e9s consent\u00eds apujar la seva dedicaci\u00f3 parcial al Consell de Mallorca, mentre que mant\u00e9 la totalitat de la seva remuneraci\u00f3 \u00edntegra com a funcion\u00e0ria del Govern de les Illes Balears. \u00a0\u00a0\u00a0<\/u><\/em>[\/vc_column_text][\/vc_column][\/vc_row][vc_row][vc_column][vc_column_text]El president del Consell de Mallorca i m\u00e0xim responsable del Grup Popular a la instituci\u00f3 ha de donar explicacions de la situaci\u00f3 laboral de la portaveu del seu grup pol\u00edtic, N\u00faria Riera, despr\u00e9s que informacions publicades hagin confirmat que compatibilitza la seva feina com a funcion\u00e0ria del govern, amb una remuneraci\u00f3 del 100% amb la de consellera electa i portaveu del PP al Consell de Mallorca, per la qual suma una nova remuneraci\u00f3 equivalent al 75% del total del salari previst. Aix\u00ed ho ha demanat el portaveu adjunt del Grup Socialista, Javier de Juan aquest mat\u00ed.<\/p>\n<p>De Juan ha criticat que en tot l\u2019any de legislatura \u201cGalm\u00e9s ha donat la callada per resposta\u201d quan des del Grup Socialista s\u2019ha referit a la situaci\u00f3 laboral de N\u00faria Riera. \u201cExigim Galm\u00e9s que surti a explicar aquest esc\u00e0ndol\u201d, ha dit el socialista, que s\u2019ha preguntat com \u00e9s possible que \u201cGalm\u00e9s permet\u00e9s Riera augmentar-se el sou com a portaveu del PP al Consell\u201d, per provocar \u201cl\u2019absurd\u201d d\u2019una remuneraci\u00f3 total del 175% d\u2019una jornada laboral ordin\u00e0ria (127.000 euros anuals), la qual cosa suposaria fer feina 14 hores cada dia.<\/p>\n<p>Per De Juan, \u201c\u00e9s evident que no s\u2019estan complint les limitacions de jornada i de percepcions salarials\u201d, que la normativa dels empleats p\u00fablics preveu en el cas que es faci compatible l\u2019activitat professional amb l\u2019exercici d\u2019un c\u00e0rrec electe. En el cas de Riera, i segons les informacions period\u00edstiques, no consta que hi hagi concedida expl\u00edcitament aquesta compatibilitat.<\/p>\n<p>Aix\u00ed les coses, el portaveu socialista tamb\u00e9 ha demanat Riera que \u201csigui conseq\u00fcent i que opti per una de les dues ocupacions remunerades, que \u00e9s el que faria tot el m\u00f3n, de d\u2019un punt de vista \u00e8tic i legal\u201d. L\u2019exercici d\u2019una compatibilitat queda limitada pel reglament que afecta a les incompatibilitats en l\u2019exercici de la funci\u00f3 p\u00fablica, en refer\u00e8ncia al nombre d\u2019hores de jornada laboral que es dediquen a les dues funcions, i tamb\u00e9 per un topall m\u00e0xim salarial. Limitacions que Riera estaria vulnerant \u00e0mpliament des de l\u2019inici de la legislatura.<\/p>\n<!--[if lt IE 9]><script>document.createElement('audio');<\/script><![endif]-->\n<audio class=\"wp-audio-shortcode\" id=\"audio-28859-1\" preload=\"none\" style=\"width: 100%;\" controls=\"controls\"><source type=\"audio\/mpeg\" src=\"http:\/\/www.psib-psoe.org\/mallorca\/wp-content\/uploads\/De-Juan-175.mp3?_=1\" \/><a href=\"http:\/\/www.psib-psoe.org\/mallorca\/wp-content\/uploads\/De-Juan-175.mp3\">http:\/\/www.psib-psoe.org\/mallorca\/wp-content\/uploads\/De-Juan-175.mp3<\/a><\/audio>\n[\/vc_column_text][\/vc_column][\/vc_row]\n<\/div>","protected":false},"excerpt":{"rendered":"<p>[vc_row][vc_column][vc_single_image image=&#8221;28860&#8243; img_size=&#8221;full&#8221; alignment=&#8221;center&#8221;][\/vc_column][\/vc_row][vc_row][vc_column][vc_column_text]El portaveu adjunt del Grup Socialista al Consell, Javier de Juan afirma que \u201c\u00e9s un absurd que Riera tingui una remuneraci\u00f3 p\u00fablica equivalent al 175% de la seva jornada laboral que suposen 127.000 \u20ac anuals de salari p\u00fablic, un esc\u00e0ndol\u201d, i que a principi de la legislatura Galm\u00e9s consent\u00eds apujar la seva&hellip;<\/p>\n","protected":false},"author":3,"featured_media":28860,"comment_status":"closed","ping_status":"closed","sticky":false,"template":"","format":"standard","meta":{"footnotes":""},"categories":[89,2,1,92],"tags":[343,447,105,77,552,226,483,504,84,296],"class_list":["post-28859","post","type-post","status-publish","format-standard","has-post-thumbnail","hentry","category-consell-de-mallorca","category-federacio-de-mallorca","category-federacio-de-mallorca-portada","category-portada","tag-andreu-serra","tag-bea-gamundi","tag-catalina-cladera","tag-federacio-socialista-de-mallorca","tag-gabriel-alomar","tag-javier-de-juan","tag-joan-ferrer","tag-juana-m-adrover","tag-psib-psoe","tag-sofia-alonso"],"_links":{"self":[{"href":"https:\/\/www.psib-psoe.org\/mallorca\/wp-json\/wp\/v2\/posts\/28859"}],"collection":[{"href":"https:\/\/www.psib-psoe.org\/mallorca\/wp-json\/wp\/v2\/posts"}],"about":[{"href":"https:\/\/www.psib-psoe.org\/mallorca\/wp-json\/wp\/v2\/types\/post"}],"author":[{"embeddable":true,"href":"https:\/\/www.psib-psoe.org\/mallorca\/wp-json\/wp\/v2\/users\/3"}],"replies":[{"embeddable":true,"href":"https:\/\/www.psib-psoe.org\/mallorca\/wp-json\/wp\/v2\/comments?post=28859"}],"version-history":[{"count":0,"href":"https:\/\/www.psib-psoe.org\/mallorca\/wp-json\/wp\/v2\/posts\/28859\/revisions"}],"wp:featuredmedia":[{"embeddable":true,"href":"https:\/\/www.psib-psoe.org\/mallorca\/wp-json\/wp\/v2\/media\/28860"}],"wp:attachment":[{"href":"https:\/\/www.psib-psoe.org\/mallorca\/wp-json\/wp\/v2\/media?parent=28859"}],"wp:term":[{"taxonomy":"category","embeddable":true,"href":"https:\/\/www.psib-psoe.org\/mallorca\/wp-json\/wp\/v2\/categories?post=28859"},{"taxonomy":"post_tag","embeddable":true,"href":"https:\/\/www.psib-psoe.org\/mallorca\/wp-json\/wp\/v2\/tags?post=28859"}],"curies":[{"name":"wp","href":"https:\/\/api.w.org\/{rel}","templated":true}]}}