{"id":28865,"date":"2024-07-29T17:31:51","date_gmt":"2024-07-29T15:31:51","guid":{"rendered":"http:\/\/www.psib-psoe.org\/mallorca\/?p=28865"},"modified":"2024-10-14T11:39:45","modified_gmt":"2024-10-14T09:39:45","slug":"el-grup-socialista-aconsegueix-aprovar-62-de-les-127-propostes-de-resolucio-al-debat-de-politica-general-del-consell-per-provocar-el-canvi-de-rumb-que-demanda-mallorca","status":"publish","type":"post","link":"https:\/\/www.psib-psoe.org\/mallorca\/el-grup-socialista-aconsegueix-aprovar-62-de-les-127-propostes-de-resolucio-al-debat-de-politica-general-del-consell-per-provocar-el-canvi-de-rumb-que-demanda-mallorca\/","title":{"rendered":"El Grup Socialista aconsegueix aprovar 62 de les 127 propostes de resoluci\u00f3 al Debat de Pol\u00edtica General del Consell, per provocar el \u201ccanvi de rumb que demanda Mallorca\u201d."},"content":{"rendered":"<div class=\"wpb-content-wrapper\">[vc_row][vc_column][vc_single_image image=&#8221;28866&#8243; img_size=&#8221;full&#8221; alignment=&#8221;center&#8221;][\/vc_column][\/vc_row][vc_row][vc_column][vc_column_text]<em><u>La portaveu del Grup Socialista al Consell de Mallorca, Catalina Cladera, ha defensat les propostes de resoluci\u00f3 que els socialistes presenten com a conclusi\u00f3 del Debat de Pol\u00edtica General de Mallorca. Cladera considera que \u201cdespr\u00e9s d\u2019un any sense rumb i en mans de la ultradreta, l\u2019equip de govern necessita solucions per Mallorca\u201d. El Grup Socialista ha plantejat una estrat\u00e8gia clarament constructiva amb les propostes de resoluci\u00f3 presentades per la resta de grups al Consell, a excepci\u00f3 de les de VOX, formaci\u00f3 que no hauria de forma part de l\u2019equip de govern del Consell, per la qual cosa la portaveu socialista ha tornat a plantejar a Galm\u00e9s un pacte de pa\u00eds per rompre l\u2019acord PPVox a Mallorca. <\/u><\/em>[\/vc_column_text][\/vc_column][\/vc_row][vc_row][vc_column][vc_column_text]El Grup Socialista ha aconseguit aprovat el 49% de les 127 propostes de resoluci\u00f3 al Debat de Pol\u00edtica General de Mallorca del passat mes de juny. La majoria de propostes aprovades ratifiquen pol\u00edtiques de la passada legislatura, en mat\u00e8ria de serveis socials o de mobilitat. En canvi, la portaveu socialista, Catalina Cladera ha afirmat que la deriva i \u00a0\u201cla manca de rumb\u201d de l\u2019equip de govern PPVox al Consell han provocat que aquest primer any de legislatura hagi estat \u201cun any perdut\u201d.<\/p>\n<p>\u201cEl sr. Galm\u00e9s no te rumb, necessita un canvi i est\u00e0 atrapat per la ultradreta; amb aquestes propostes els socialistes els donam idees a l\u2019equip de govern, per que pugui rompre amb Vox i apostar per Mallorca i pel be de la Democr\u00e0cia\u201d.<\/p>\n<p>El gruix de les propostes socialistes que no han estat acceptades s\u2019han referit a temes socials, de mobilitat i sostenibilitat i turisme. \u201cLa gent ja ha sortit al carrer per a protestar contra les pol\u00edtiques del PP i els seus socis de VOX, no havia passat mai que en el primer any de legislatura un govern tingu\u00e9s tanta de gent protestant al carrer\u201d. Les propostes socialistes aborden tamb\u00e9 un tema de gran calat social, com \u00e9s l\u2019habitatge, del qual el Consell no n\u2019ha articulat cap iniciativa.<\/p>\n<p>Cladera s\u2019ha queixat tamb\u00e9 de la legalitzaci\u00f3 expr\u00e9s de 30.000 habitatges en sol r\u00fastic, per que suposen un atac sense precedents al sol r\u00fastic de Mallorca, i s\u2019ha oposat frontalment a la autoritzaci\u00f3 a l\u2019activitat del lloguer vacacional en habitatges privats dins de s\u00f2l r\u00fastic protegit a la Serra de Tramuntana. D\u2019igual manera les propostes en mat\u00e8ria de turisme insten l\u2019equip de govern a adoptar mesures reals de decreixement en el nombre de places tur\u00edstiques, i a actuar de manera decidida contra l\u2019allotjament il\u00b7legal, activant la prerrogativa legal del tancament cautelar de les instal\u00b7lacions tur\u00edstiques contr\u00e0ries a llei, per evitar que aquestes segueixin funcionant malgrat que hi hagi expedient d\u2019il\u00b7legalitat incoats.<\/p>\n<p>Cladera ha reiterat Galm\u00e9s l\u2019oferta de pacte en temes de pa\u00eds, sempre que sigui capa\u00e7 de rompre el pacte de govern amb la ultradreta: \u201cgovernar amb VOX no dur\u00e0 res de bo. Nom\u00e9s involuci\u00f3. Es involuci\u00f3 no defensar a n\u2019Aurora Picornell filla predilecta de Mallorca fins 10 dies despr\u00e9s de l\u2019atemptat a sa democr\u00e0cia que va fer el sr. Le Senne al Parlament, per por als socis d\u2019extrema dreta que te al Consell\u201d, ha dit Cladera. \u201cEs involuci\u00f3 celebrar de forma acomplexada el 28 de juny com el dia internacional de l\u2019orgull LGTBI,\u00a0 i que el sr. Fuster qualifiqui al col\u00b7lectiu LGTBI com a \u2018persones vulnerables\u2019 (sic), com si hagu\u00e9ssim tornat enrere 100 anys. \u00c9s involuci\u00f3, no voler mantenir el suport a les entitats que protegeixen i promouen la llengua catalana com OCB i Joves per la Llengua. I \u00e9s involuci\u00f3 negar el canvi clim\u00e0tic i l\u2019agenda 2030, i que gestioni el departament un negacionista.<\/p>\n<p><strong>Posicionament del Grup Socialista davant les propostes de resoluci\u00f3 presentades per la resta de grups del Consell.<\/strong><\/p>\n<p>L\u2019actitud del Grup Socialista davant la majoria de propostes de resoluci\u00f3 de la resta de grups ha estat positiva, destacant l\u2019aprovaci\u00f3 de m\u00e9s del 90% de les propostes dels grups de consellers de MES i el PI.<\/p>\n<p>En quant a les propostes del PP, el portaveu adjunt Javier de Juan les ha dividides en tres grups, \u201cles \u00f2bvies, les incomprensibles i les obsessives\u201d. Les primeres es refereixen a propostes que poden ser votades favorablement per tothom; les segones s\u00f3n aquelles que essent cre\u00efbles, entre ne contradicci\u00f3 amb alguns dels postulats dels socis de govern de VOX, amb qui per cert, el PP ha renunciat a presentar propostes de resoluci\u00f3 conjuntes.<\/p>\n<p>En l\u2019apartat de les propostes \u201cobsessives\u201d, votades en contra pels consellers socialistes,\u00a0 De Juan ha relatat iniciatives del PP en mat\u00e8ria de cultura, \u201ca on la sra. Roca s\u2019ha hagut de menjar granots en temes de llengua\u201d en els que Vox no li fa suport. Sobre turisme, de Juan ha afirmat que el conseller Marcial Rodr\u00edguez \u201cens vol conv\u00e8ncer que estar lluitant contra l\u2019allotjament il\u00b7legal\u201d. I en l\u2019apartat de mobilitat, ha afirmat que \u201cRubio diu que vol obrir una nova ITV a Campos, mentre que te tancada i pendent d\u2019obertura l\u2019estaci\u00f3 de Calvi\u00e0 que nosaltres li v\u00e0rem deixar acabada\u201d. En relaci\u00f3 a Galm\u00e9s, el socialista s\u2019ha referit a \u201cl\u2019obsessi\u00f3 de Galm\u00e9s per voler fer creure a tots els mallorquins que no han hagut de pagar de m\u00e9s per la tarifa de residus, quan en realitat li ha destinat 43 milions d\u2019euros que surten, precisament, \u00a0de les butxaques de tots ela mallorquins.<\/p>\n<p>\u201cCap vent \u00e9s favorable quan no se sap a quin port es dirigeix\u201d ha dit De Juan, citant S\u00e8neca, per resumir el sentit de les propostes dels populars.<\/p>\n<p>Finalment el grup socialista ha decidit oposar-se a la totalitat de les 50 propostes de resoluci\u00f3 presentades per Vox. En el torn de justificaci\u00f3 del posicionament, la consellera socialista, Juana M. Adrover ha acusat els ultradretans de ser \u201cels enemics de la democr\u00e0cia\u201d, mentre que els socialistes es constitueixen en el \u201cmur contra la involuci\u00f3 en drets i l\u2019odi desfermat des de les institucions\u201d.[\/vc_column_text][\/vc_column][\/vc_row]\n<\/div>","protected":false},"excerpt":{"rendered":"<p>[vc_row][vc_column][vc_single_image image=&#8221;28866&#8243; img_size=&#8221;full&#8221; alignment=&#8221;center&#8221;][\/vc_column][\/vc_row][vc_row][vc_column][vc_column_text]La portaveu del Grup Socialista al Consell de Mallorca, Catalina Cladera, ha defensat les propostes de resoluci\u00f3 que els socialistes presenten com a conclusi\u00f3 del Debat de Pol\u00edtica General de Mallorca. Cladera considera que \u201cdespr\u00e9s d\u2019un any sense rumb i en mans de la ultradreta, l\u2019equip de govern necessita solucions per Mallorca\u201d.&hellip;<\/p>\n","protected":false},"author":3,"featured_media":28866,"comment_status":"closed","ping_status":"closed","sticky":false,"template":"","format":"standard","meta":{"footnotes":""},"categories":[89,2,1,92],"tags":[343,447,105,77,552,226,483,504,84,296],"class_list":["post-28865","post","type-post","status-publish","format-standard","has-post-thumbnail","hentry","category-consell-de-mallorca","category-federacio-de-mallorca","category-federacio-de-mallorca-portada","category-portada","tag-andreu-serra","tag-bea-gamundi","tag-catalina-cladera","tag-federacio-socialista-de-mallorca","tag-gabriel-alomar","tag-javier-de-juan","tag-joan-ferrer","tag-juana-m-adrover","tag-psib-psoe","tag-sofia-alonso"],"_links":{"self":[{"href":"https:\/\/www.psib-psoe.org\/mallorca\/wp-json\/wp\/v2\/posts\/28865"}],"collection":[{"href":"https:\/\/www.psib-psoe.org\/mallorca\/wp-json\/wp\/v2\/posts"}],"about":[{"href":"https:\/\/www.psib-psoe.org\/mallorca\/wp-json\/wp\/v2\/types\/post"}],"author":[{"embeddable":true,"href":"https:\/\/www.psib-psoe.org\/mallorca\/wp-json\/wp\/v2\/users\/3"}],"replies":[{"embeddable":true,"href":"https:\/\/www.psib-psoe.org\/mallorca\/wp-json\/wp\/v2\/comments?post=28865"}],"version-history":[{"count":0,"href":"https:\/\/www.psib-psoe.org\/mallorca\/wp-json\/wp\/v2\/posts\/28865\/revisions"}],"wp:featuredmedia":[{"embeddable":true,"href":"https:\/\/www.psib-psoe.org\/mallorca\/wp-json\/wp\/v2\/media\/28866"}],"wp:attachment":[{"href":"https:\/\/www.psib-psoe.org\/mallorca\/wp-json\/wp\/v2\/media?parent=28865"}],"wp:term":[{"taxonomy":"category","embeddable":true,"href":"https:\/\/www.psib-psoe.org\/mallorca\/wp-json\/wp\/v2\/categories?post=28865"},{"taxonomy":"post_tag","embeddable":true,"href":"https:\/\/www.psib-psoe.org\/mallorca\/wp-json\/wp\/v2\/tags?post=28865"}],"curies":[{"name":"wp","href":"https:\/\/api.w.org\/{rel}","templated":true}]}}