{"id":28873,"date":"2024-07-31T14:16:39","date_gmt":"2024-07-31T12:16:39","guid":{"rendered":"http:\/\/www.psib-psoe.org\/mallorca\/?p=28873"},"modified":"2024-10-14T11:39:45","modified_gmt":"2024-10-14T09:39:45","slug":"els-socialistes-de-mallorca-presentaran-recurs-al-contencios-administratiu-contra-laplicacio-del-decret-llei-de-prohens-i-galmes-que-legalitza-30-000-edificacions-illegals-en-rustic-per-ser","status":"publish","type":"post","link":"https:\/\/www.psib-psoe.org\/mallorca\/els-socialistes-de-mallorca-presentaran-recurs-al-contencios-administratiu-contra-laplicacio-del-decret-llei-de-prohens-i-galmes-que-legalitza-30-000-edificacions-illegals-en-rustic-per-ser\/","title":{"rendered":"Els Socialistes de Mallorca presentaran recurs al contenci\u00f3s-administratiu contra l\u2019aplicaci\u00f3 del Decret-llei de Prohens i Galm\u00e9s que legalitza 30.000 edificacions il\u00b7legals en r\u00fastic, per ser inconstitucional."},"content":{"rendered":"<div class=\"wpb-content-wrapper\">[vc_row][vc_column][vc_single_image image=&#8221;28874&#8243; img_size=&#8221;full&#8221; alignment=&#8221;center&#8221;][\/vc_column][\/vc_row][vc_row][vc_column][vc_column_text]<em><u>La secret\u00e0ria general de la Federaci\u00f3 Socialista de Mallorca, Catalina Cladera, i la secret\u00e0ria de Pol\u00edtica Auton\u00f2mica del PSIB-PSOE apunten cap a la \u201cinconstitucionalitat de la norma\u201d, i l\u2019abs\u00e8ncia total de motivaci\u00f3 en l\u2019adopci\u00f3 de la mateixa que va fer el Consell de Mallorca, de manera precipitada, sense cap informe d\u2019impacte ni guia d\u2019aplicaci\u00f3 per als responsables municipals. <\/u><\/em>[\/vc_column_text][\/vc_column][\/vc_row][vc_row][vc_column][vc_column_text]Els Socialistes de Mallorca elevaran recurs al contenci\u00f3s administratiu en contra de l\u2019aprovaci\u00f3 en el ple del Consell de Mallorca del passat 18 de juny de l\u2019acord que donava llum verda a l\u2019aplicaci\u00f3 del Decret llei de mesures de simplificaci\u00f3 administrativa sorgit de la majoria PPVOX al Parlament. En concret es q\u00fcestiona la constitucionalitat de l\u2019acord del ple del Consell, que hauria de ser nul de ple dret, per la vulneraci\u00f3 del principi de jerarquia i especialitat normativa.<\/p>\n<p>\u201cGalm\u00e9s va aprovar a Mallorca l\u2019aplicaci\u00f3 del Decret llei una setmana despr\u00e9s de la seva entrada en vigor, sense fer cap estudi, motivaci\u00f3 o guia d\u2019aplicaci\u00f3 pels municipis\u201d, ha dit Cladera, per qui aquesta norma suposa \u201cun atemptat contra el nostre territori\u201d i una mesura \u201ccontr\u00e0ria a la voluntat de milers de persones que han sortit al carrer en demanda d\u2019iniciatives que frenin la depredaci\u00f3 del nostre territori\u201d.<\/p>\n<p>Cladera ha anunciat la presentaci\u00f3 d\u2019un recurs al Tribunal Contenci\u00f3s Administratiu, per la vulneraci\u00f3 de la normativa b\u00e0sica, la manca de motivaci\u00f3 de l\u2019acord que l\u2019equip de govern PPVOX al Consell de Mallorca eleva al ple, que \u00a0i per que en conseq\u00fc\u00e8ncia, el mateix jutge pugui elevar una q\u00fcesti\u00f3 d\u2019inconstitucionalitat, que motivaria al mateix temps la suspensi\u00f3 cautelar de l\u2019aplicaci\u00f3 de la mesura que ara permet la legalitzaci\u00f3 gaireb\u00e9 incondicionada de qualsevol tipus de construcci\u00f3 en r\u00fastic a Mallorca.<\/p>\n<p>Una legalitzaci\u00f3 expr\u00e9s que emana de la Disposici\u00f3 Addicional 7\u00aa del Decret llei depredador de Prohens, una normativa que no est\u00e0 creada espec\u00edficament per a temes urban\u00edstics ni territorials, i que no podria modificar ni contravenir la normativa estatal b\u00e0sica en mat\u00e8ria de s\u00f2l.<\/p>\n<p>Per tot plegat Cladera ha reclamat Galm\u00e9s \u201cun canvi de rumb al Consell de Mallorca, per que ara torna a passar com sempre que governa la dreta, que permeten les legalitzacions de tot all\u00f2 que \u00e9s il\u00b7legal\u201d.<\/p>\n<p>Mercedes Garrido ha apuntat cap a la \u201cinconstitucionalitat de l\u2019aplicaci\u00f3 del Decret llei des dels Consells Insulars, per que apliquen actes que vulneren la Constituci\u00f3, i per tant esdevenen nuls de ple dret\u201d. Garrido ha remarcat que la suspensi\u00f3 cautelar ha d\u2019impedir \u201ccrear falses expectatives\u201d per la gent que accedeixi ara a una regularitzaci\u00f3 de les edificacions fora d\u2019ordenaci\u00f3, i despr\u00e9s s\u2019hagin de fer enrere a causa de la inconstitucionalitat de l\u2019amnistia.<\/p>\n<p>Les iniciatives judicials dels socialistes es faran de manera coordinada des de Mallorca, Eivissa i Menorca, per rec\u00f3rrer de manera respectiva els acords d\u2019aplicaci\u00f3 del Decret Llei aprovats en cada Consell. \u201cFem una acci\u00f3 coordinada des de cada Federaci\u00f3\u201d, ha dit la socialista per qui el \u201cDecret permet l\u2019amnistia a xalets i piscines en r\u00fastic, afavoreix els especuladors i expulsa a la gent del mercat de l\u2019habitatge\u201d.<\/p>\n<!--[if lt IE 9]><script>document.createElement('audio');<\/script><![endif]-->\n<audio class=\"wp-audio-shortcode\" id=\"audio-28873-1\" preload=\"none\" style=\"width: 100%;\" controls=\"controls\"><source type=\"audio\/mpeg\" src=\"http:\/\/www.psib-psoe.org\/mallorca\/wp-content\/uploads\/310724_CATALINA-CLADERA-RDP.mp3?_=1\" \/><a href=\"http:\/\/www.psib-psoe.org\/mallorca\/wp-content\/uploads\/310724_CATALINA-CLADERA-RDP.mp3\">http:\/\/www.psib-psoe.org\/mallorca\/wp-content\/uploads\/310724_CATALINA-CLADERA-RDP.mp3<\/a><\/audio>\n<audio class=\"wp-audio-shortcode\" id=\"audio-28873-2\" preload=\"none\" style=\"width: 100%;\" controls=\"controls\"><source type=\"audio\/mpeg\" src=\"http:\/\/www.psib-psoe.org\/mallorca\/wp-content\/uploads\/310724_Mercedes-Garrido-RDP.mp3?_=2\" \/><a href=\"http:\/\/www.psib-psoe.org\/mallorca\/wp-content\/uploads\/310724_Mercedes-Garrido-RDP.mp3\">http:\/\/www.psib-psoe.org\/mallorca\/wp-content\/uploads\/310724_Mercedes-Garrido-RDP.mp3<\/a><\/audio>\n[\/vc_column_text][\/vc_column][\/vc_row]\n<\/div>","protected":false},"excerpt":{"rendered":"<p>[vc_row][vc_column][vc_single_image image=&#8221;28874&#8243; img_size=&#8221;full&#8221; alignment=&#8221;center&#8221;][\/vc_column][\/vc_row][vc_row][vc_column][vc_column_text]La secret\u00e0ria general de la Federaci\u00f3 Socialista de Mallorca, Catalina Cladera, i la secret\u00e0ria de Pol\u00edtica Auton\u00f2mica del PSIB-PSOE apunten cap a la \u201cinconstitucionalitat de la norma\u201d, i l\u2019abs\u00e8ncia total de motivaci\u00f3 en l\u2019adopci\u00f3 de la mateixa que va fer el Consell de Mallorca, de manera precipitada, sense cap informe d\u2019impacte ni&hellip;<\/p>\n","protected":false},"author":3,"featured_media":28874,"comment_status":"closed","ping_status":"closed","sticky":false,"template":"","format":"standard","meta":{"footnotes":""},"categories":[89,2,1,90,92],"tags":[105,77,104,84],"class_list":["post-28873","post","type-post","status-publish","format-standard","has-post-thumbnail","hentry","category-consell-de-mallorca","category-federacio-de-mallorca","category-federacio-de-mallorca-portada","category-municipis","category-portada","tag-catalina-cladera","tag-federacio-socialista-de-mallorca","tag-mercedes-garrido","tag-psib-psoe"],"_links":{"self":[{"href":"https:\/\/www.psib-psoe.org\/mallorca\/wp-json\/wp\/v2\/posts\/28873"}],"collection":[{"href":"https:\/\/www.psib-psoe.org\/mallorca\/wp-json\/wp\/v2\/posts"}],"about":[{"href":"https:\/\/www.psib-psoe.org\/mallorca\/wp-json\/wp\/v2\/types\/post"}],"author":[{"embeddable":true,"href":"https:\/\/www.psib-psoe.org\/mallorca\/wp-json\/wp\/v2\/users\/3"}],"replies":[{"embeddable":true,"href":"https:\/\/www.psib-psoe.org\/mallorca\/wp-json\/wp\/v2\/comments?post=28873"}],"version-history":[{"count":0,"href":"https:\/\/www.psib-psoe.org\/mallorca\/wp-json\/wp\/v2\/posts\/28873\/revisions"}],"wp:featuredmedia":[{"embeddable":true,"href":"https:\/\/www.psib-psoe.org\/mallorca\/wp-json\/wp\/v2\/media\/28874"}],"wp:attachment":[{"href":"https:\/\/www.psib-psoe.org\/mallorca\/wp-json\/wp\/v2\/media?parent=28873"}],"wp:term":[{"taxonomy":"category","embeddable":true,"href":"https:\/\/www.psib-psoe.org\/mallorca\/wp-json\/wp\/v2\/categories?post=28873"},{"taxonomy":"post_tag","embeddable":true,"href":"https:\/\/www.psib-psoe.org\/mallorca\/wp-json\/wp\/v2\/tags?post=28873"}],"curies":[{"name":"wp","href":"https:\/\/api.w.org\/{rel}","templated":true}]}}