{"id":28878,"date":"2024-08-02T09:32:32","date_gmt":"2024-08-02T07:32:32","guid":{"rendered":"http:\/\/www.psib-psoe.org\/mallorca\/?p=28878"},"modified":"2024-10-14T11:39:45","modified_gmt":"2024-10-14T09:39:45","slug":"els-socialistes-de-llucmajor-denuncien-que-lequip-de-govern-municipal-abandona-els-majors-de-badia-gran-i-de-sarenal","status":"publish","type":"post","link":"https:\/\/www.psib-psoe.org\/mallorca\/els-socialistes-de-llucmajor-denuncien-que-lequip-de-govern-municipal-abandona-els-majors-de-badia-gran-i-de-sarenal\/","title":{"rendered":"Els Socialistes de Llucmajor denuncien que l\u2019equip de govern municipal abandona els majors de Badia Gran i de s\u2019Arenal."},"content":{"rendered":"<div class=\"wpb-content-wrapper\">[vc_row][vc_column][vc_single_image image=&#8221;28879&#8243; img_size=&#8221;full&#8221; alignment=&#8221;center&#8221;][\/vc_column][\/vc_row][vc_row][vc_column][vc_column_text]<em><u>L\u2019equip de govern de PP VOX i ASI rebutja una moci\u00f3 del Grup Socialista a Llucmajor que instava a completar l\u2019obertura del centre de dia de Badia Gran, i a iniciar el projecte per un altre centre per a gent major a s\u2019Arenal. El portaveu socialista, Jaume J. Oliver ha lamentat que, despr\u00e9s de cinc anys, el centre de dia de Badia Gran est\u00e0 acabat i tancat per que no es posen d\u2019acord en finan\u00e7ar el mobiliari, mentre que els majors d\u2019aquesta zona de Llucmajor no disposen d\u2019una infraestructura adequada. \u201c\u00c9s una manca de sensibilitat brutal de la batlessa Lascolas no haver fet suport aquesta moci\u00f3 socialista\u201d. <\/u><\/em>[\/vc_column_text][\/vc_column][\/vc_row][vc_row][vc_column][vc_column_text]Els Socialistes de Llucmajor han comprovat amb sorpresa com l\u2019equip de Govern PP-VOX-ASI ha tombat una moci\u00f3 presentada al ple municipal que pretenia impulsar l\u2019obertura del centre de dia de Badia Gran, i projectar un nou centre per a majors a s\u2019Arenal, dues de les zones del municipi amb m\u00e9s poblaci\u00f3 d\u2019edat amb necessitat de comptar amb aquests equipaments socials.<\/p>\n<p>La negativa no va ser justificada en cap moment per l\u2019equip de Govern, en una actitud \u201cincomprensible i injustificable\u201d. Oliver destaca que \u201cels socialistes v\u00e0rem presentar aquesta iniciativa amb \u00e0nim constructiu, per instar al Govern a que posi en marxa els centres de dia que tant necessitem a Llucmajor, per\u00f2 la batlessa Lascolas ho va rebutjar, han decidit abandonar la gent gran de Llucmajor i molt especialment els residents de s\u2019Arenal, que s\u00f3n tractats com si no fossin part del poble\u201d.<\/p>\n<p>Oliver ha destacat que la negativa de l\u2019equip de Govern es va produir davant dels ve\u00efnats de Badia Gran i de s\u2019Arenal que varen ser presents al ple amb pancartes en favor dels equipaments socials als quals l\u2019Ajuntament dona l\u2019esquena.<\/p>\n<p>El Centre de Dia per a persones majors de Badia Gran, ja acabat des de 2019 a l\u2019espera que l\u2019Ajuntament de Llucmajor disposi la signatura d\u2019un conveni amb el Govern per a la dotaci\u00f3 del mobiliari. \u201cClama al cel que en 5 anys l\u2019Ajuntament de Llucmajor no hagi aconseguit obrir el centre de dia\u201d, ha dit Oliver. \u201cDe qu\u00e8 serveix tenir m\u00e9s de 40 milions d\u2019euros de romanent en el banc si no pots obrir un simple centre de dia\u201d. Aquest centre de dia i el projecte del nou centre de dia a s&#8217;Arenal de Llucmajor, permetrien incrementar la xarxa d&#8217;equipaments i serveis d&#8217;atenci\u00f3 sociosanit\u00e0ria, alleugerint la llista d&#8217;espera de persones majors en situaci\u00f3 de depend\u00e8ncia a Llucmajor. El centre de Badis Gran espera la signatura d\u2019un conveni amb l\u2019IMAS que reculli la dotaci\u00f3 del mobiliari necessari per la seva obertura.<\/p>\n<p>Oliver ha recordat que els socialistes presentaran al Parlament aquesta mateixa petici\u00f3 que ara ha rebutjat PP-VOX-ASI a Llucmajor, en forma de Proposici\u00f3 no de llei, per seguir recordant al Govern el \u201ccomprom\u00eds que han de mantenir amb la gent gran de Llucmajor\u201d.[\/vc_column_text][\/vc_column][\/vc_row]\n<\/div>","protected":false},"excerpt":{"rendered":"<p>[vc_row][vc_column][vc_single_image image=&#8221;28879&#8243; img_size=&#8221;full&#8221; alignment=&#8221;center&#8221;][\/vc_column][\/vc_row][vc_row][vc_column][vc_column_text]L\u2019equip de govern de PP VOX i ASI rebutja una moci\u00f3 del Grup Socialista a Llucmajor que instava a completar l\u2019obertura del centre de dia de Badia Gran, i a iniciar el projecte per un altre centre per a gent major a s\u2019Arenal. El portaveu socialista, Jaume J. Oliver ha lamentat que,&hellip;<\/p>\n","protected":false},"author":3,"featured_media":28879,"comment_status":"closed","ping_status":"closed","sticky":false,"template":"","format":"standard","meta":{"footnotes":""},"categories":[2,1,90,92],"tags":[130,77,497,84],"class_list":["post-28878","post","type-post","status-publish","format-standard","has-post-thumbnail","hentry","category-federacio-de-mallorca","category-federacio-de-mallorca-portada","category-municipis","category-portada","tag-agrupacio-socialista-de-llucmajor","tag-federacio-socialista-de-mallorca","tag-jaume-j-oliver","tag-psib-psoe"],"_links":{"self":[{"href":"https:\/\/www.psib-psoe.org\/mallorca\/wp-json\/wp\/v2\/posts\/28878"}],"collection":[{"href":"https:\/\/www.psib-psoe.org\/mallorca\/wp-json\/wp\/v2\/posts"}],"about":[{"href":"https:\/\/www.psib-psoe.org\/mallorca\/wp-json\/wp\/v2\/types\/post"}],"author":[{"embeddable":true,"href":"https:\/\/www.psib-psoe.org\/mallorca\/wp-json\/wp\/v2\/users\/3"}],"replies":[{"embeddable":true,"href":"https:\/\/www.psib-psoe.org\/mallorca\/wp-json\/wp\/v2\/comments?post=28878"}],"version-history":[{"count":0,"href":"https:\/\/www.psib-psoe.org\/mallorca\/wp-json\/wp\/v2\/posts\/28878\/revisions"}],"wp:featuredmedia":[{"embeddable":true,"href":"https:\/\/www.psib-psoe.org\/mallorca\/wp-json\/wp\/v2\/media\/28879"}],"wp:attachment":[{"href":"https:\/\/www.psib-psoe.org\/mallorca\/wp-json\/wp\/v2\/media?parent=28878"}],"wp:term":[{"taxonomy":"category","embeddable":true,"href":"https:\/\/www.psib-psoe.org\/mallorca\/wp-json\/wp\/v2\/categories?post=28878"},{"taxonomy":"post_tag","embeddable":true,"href":"https:\/\/www.psib-psoe.org\/mallorca\/wp-json\/wp\/v2\/tags?post=28878"}],"curies":[{"name":"wp","href":"https:\/\/api.w.org\/{rel}","templated":true}]}}