{"id":28887,"date":"2024-08-07T13:05:14","date_gmt":"2024-08-07T11:05:14","guid":{"rendered":"http:\/\/www.psib-psoe.org\/mallorca\/?p=28887"},"modified":"2024-10-14T11:39:45","modified_gmt":"2024-10-14T09:39:45","slug":"els-socialistes-de-soller-denuncien-la-manca-de-reaccio-de-lajuntament-davant-els-vessaments-de-fecals-i-la-mala-qualitat-de-les-aigues-a-les-platges-del-port","status":"publish","type":"post","link":"https:\/\/www.psib-psoe.org\/mallorca\/els-socialistes-de-soller-denuncien-la-manca-de-reaccio-de-lajuntament-davant-els-vessaments-de-fecals-i-la-mala-qualitat-de-les-aigues-a-les-platges-del-port\/","title":{"rendered":"Els Socialistes de S\u00f3ller denuncien la manca de reacci\u00f3 de l\u2019Ajuntament davant els vessaments de fecals i la mala qualitat de les aig\u00fces a les platges del Port."},"content":{"rendered":"<div class=\"wpb-content-wrapper\">[vc_row][vc_column][vc_single_image image=&#8221;28280&#8243; img_size=&#8221;full&#8221; alignment=&#8221;center&#8221;][\/vc_column][\/vc_row][vc_row][vc_column][vc_column_text]<em><u>El portaveu socialista a l\u2019Ajuntament de S\u00f3ller, Jaume Mateu, lamenta \u201cla manca de reacci\u00f3 i informaci\u00f3 per part de l\u2019Ajuntament\u201d a la recomanaci\u00f3 de no nedar a les platges d\u2019en Repic i es Trav\u00e9s durant l\u2019episodi de contaminaci\u00f3 ocorregut els darrers dies.<\/u><\/em>[\/vc_column_text][\/vc_column][\/vc_row][vc_row][vc_column][vc_column_text]El portaveu socialista a S\u00f3ller, Jaume Mateu creu \u201cinacceptable\u201d que no s\u2019inform\u00e9s sobre l\u2019estat de les aig\u00fces de bany als usuaris i ciutadania en general, davant de l\u2019episodi de contaminaci\u00f3 a la badia del Port de S\u00f3ller que feia inviable l\u2019\u00fas de les platges, pel risc evident per a la salut dels banyistes.<\/p>\n<p>Mateu considera \u201cintolerable que no s\u2019inform\u00e9s als ciutadans, a trav\u00e9s de cartells o dels canals de comunicaci\u00f3 de l\u2019Ajuntament\u201d, per evitar que des del mateix moment que es va tenir const\u00e0ncia de la contaminaci\u00f3 i dels vessaments a la mar, es segu\u00eds fent \u00fas de la platja. \u201cNing\u00fa no va advertir que a en Repic i es Trav\u00e9s no s\u2019hi podia banyar\u201d.<\/p>\n<p>La neglig\u00e8ncia dels responsables municipals en la comunicaci\u00f3 de l\u2019anomalia va provocar que desenes de banyistes seguissin fent \u00fas de les platges d\u2019en Repic i es Trav\u00e9s, quan ja feia hores que l\u2019Ajuntament tenia en poder els resultats de les anal\u00edtiques que palesaven la contaminaci\u00f3 de la mar i la perillositat per la integritat f\u00edsica de les persones que es banyaven que \u00f2bviament s\u2019ha posat en risc.<\/p>\n<p>Els Socialistes de S\u00f3ller emmarquen aquesta neglig\u00e8ncia en un context de gesti\u00f3 molt deficient dels recursos municipals. \u201cDespr\u00e9s de cinc anys de govern de la dreta no s\u2019ha fet cap passa per millorar el problema dels vessaments d\u2019aig\u00fces fecals i de la contaminaci\u00f3 de les aig\u00fces de la badia del Port de S\u00f3ller. Ni s\u2019ha resolt el mal funcionament de l\u2019estaci\u00f3 de bombeig de la Pla\u00e7a de sa Torre, ni s\u2019ha impulsat el camp de boies previst per l\u2019anterior govern, ni s\u2019ha pres cap mesura, ni que sigui provisional, davant aquesta problem\u00e0tica\u201d, ha dit Jaume Mateu.<\/p>\n<p>El portaveu socialista es mostra preocupat per que l\u2019\u00fanica resposta que s\u2019hagi donat des de l\u2019Ajuntament sigui la d\u2019encarregar un estudi a Aqualia, justament una setmana m\u00e9s tard d\u2019haver anunciat la intenci\u00f3 de prorrogar-li la concessi\u00f3. \u201cEns sembla una broma de mal gust. Si el Batle i els seus regidors no saben fer la feina que tenen encomanada potser han de fer una reflexi\u00f3 sobre la seva idone\u00eftat per seguir al seu c\u00e0rrec\u201d.<\/p>\n<p>Els Socialistes de S\u00f3ller consideren que hi ha motius m\u00e9s que suficients per convocar una comissi\u00f3 informativa extraordin\u00e0ria i urgent per tenir acc\u00e9s a tota la informaci\u00f3 i documentaci\u00f3 sobre la situaci\u00f3 dels vessaments de fecals i de contaminaci\u00f3 de les aig\u00fces del Port.<\/p>\n[\/vc_column_text][\/vc_column][\/vc_row]\n<\/div>","protected":false},"excerpt":{"rendered":"<p>[vc_row][vc_column][vc_single_image image=&#8221;28280&#8243; img_size=&#8221;full&#8221; alignment=&#8221;center&#8221;][\/vc_column][\/vc_row][vc_row][vc_column][vc_column_text]El portaveu socialista a l\u2019Ajuntament de S\u00f3ller, Jaume Mateu, lamenta \u201cla manca de reacci\u00f3 i informaci\u00f3 per part de l\u2019Ajuntament\u201d a la recomanaci\u00f3 de no nedar a les platges d\u2019en Repic i es Trav\u00e9s durant l\u2019episodi de contaminaci\u00f3 ocorregut els darrers dies.[\/vc_column_text][\/vc_column][\/vc_row][vc_row][vc_column][vc_column_text]El portaveu socialista a S\u00f3ller, Jaume Mateu creu \u201cinacceptable\u201d que no&hellip;<\/p>\n","protected":false},"author":3,"featured_media":28280,"comment_status":"closed","ping_status":"closed","sticky":false,"template":"","format":"standard","meta":{"footnotes":""},"categories":[2,1,90,92],"tags":[95,105,77,186,84],"class_list":["post-28887","post","type-post","status-publish","format-standard","has-post-thumbnail","hentry","category-federacio-de-mallorca","category-federacio-de-mallorca-portada","category-municipis","category-portada","tag-agrupacio-socialista-de-soller","tag-catalina-cladera","tag-federacio-socialista-de-mallorca","tag-jaume-mateu","tag-psib-psoe"],"_links":{"self":[{"href":"https:\/\/www.psib-psoe.org\/mallorca\/wp-json\/wp\/v2\/posts\/28887"}],"collection":[{"href":"https:\/\/www.psib-psoe.org\/mallorca\/wp-json\/wp\/v2\/posts"}],"about":[{"href":"https:\/\/www.psib-psoe.org\/mallorca\/wp-json\/wp\/v2\/types\/post"}],"author":[{"embeddable":true,"href":"https:\/\/www.psib-psoe.org\/mallorca\/wp-json\/wp\/v2\/users\/3"}],"replies":[{"embeddable":true,"href":"https:\/\/www.psib-psoe.org\/mallorca\/wp-json\/wp\/v2\/comments?post=28887"}],"version-history":[{"count":0,"href":"https:\/\/www.psib-psoe.org\/mallorca\/wp-json\/wp\/v2\/posts\/28887\/revisions"}],"wp:featuredmedia":[{"embeddable":true,"href":"https:\/\/www.psib-psoe.org\/mallorca\/wp-json\/wp\/v2\/media\/28280"}],"wp:attachment":[{"href":"https:\/\/www.psib-psoe.org\/mallorca\/wp-json\/wp\/v2\/media?parent=28887"}],"wp:term":[{"taxonomy":"category","embeddable":true,"href":"https:\/\/www.psib-psoe.org\/mallorca\/wp-json\/wp\/v2\/categories?post=28887"},{"taxonomy":"post_tag","embeddable":true,"href":"https:\/\/www.psib-psoe.org\/mallorca\/wp-json\/wp\/v2\/tags?post=28887"}],"curies":[{"name":"wp","href":"https:\/\/api.w.org\/{rel}","templated":true}]}}