{"id":28900,"date":"2024-08-24T17:27:48","date_gmt":"2024-08-24T15:27:48","guid":{"rendered":"http:\/\/www.psib-psoe.org\/mallorca\/?p=28900"},"modified":"2024-10-14T11:39:44","modified_gmt":"2024-10-14T09:39:44","slug":"els-socialistes-de-santa-margalida-consideren-que-joan-monjo-no-pot-seguir-com-a-batle-i-exigeixen-al-pp-que-assumeixi-responsabilitats-i-trii-si-vol-seguir-a-donant-li-el-seu-suport","status":"publish","type":"post","link":"https:\/\/www.psib-psoe.org\/mallorca\/els-socialistes-de-santa-margalida-consideren-que-joan-monjo-no-pot-seguir-com-a-batle-i-exigeixen-al-pp-que-assumeixi-responsabilitats-i-trii-si-vol-seguir-a-donant-li-el-seu-suport\/","title":{"rendered":"Els socialistes de Santa Margalida consideren que Joan Monjo no pot seguir com a batle i exigeixen al PP que assumeixi responsabilitats i tri\u00ef si vol seguir a donant-li el seu suport"},"content":{"rendered":"<div class=\"wpb-content-wrapper\">[vc_row][vc_column][vc_single_image image=&#8221;28902&#8243; img_size=&#8221;full&#8221; alignment=&#8221;center&#8221;][\/vc_column][\/vc_row][vc_row][vc_column][vc_column_text]<em><u>Per la seva banda, els socialistes de Mallorca demanen explicacions al president del Consell de Mallorca i al conseller de turisme, Marcial Rodr\u00edguez sobre el tema<\/u><\/em><\/p>\n[\/vc_column_text][\/vc_column][\/vc_row][vc_row][vc_column][vc_column_text]Davant informacions publicades per un diari local que relacionen al balte de Santa Margalida, Joan Monjo, amb una agroturisme il\u00b7legal els socialistes de Santa Margalida exigeixen la dimissi\u00f3 Monjo.<\/p>\n<p>A tot aix\u00f2, segons expliquen els socialistes de Santa Margalida, s\u2019hi ha de sumar la mala gesti\u00f3 de Monjo al capdavant de l\u2019Ajuntament en temes de personal. El portaveu dels socialistes de Santa Margalida, Xisco Bergas, ha declarat \u00a0que \u201cla situaci\u00f3 \u00e9s insostenible i les explicacions que dona el senyor Monjo no s\u00f3n convincents, no pot seguir com a batle\u201d. Bergas ha afegit que \u201cel PP de Santa Margalida ha d\u2019assumir responsabilitats i prendre una decisi\u00f3, o b\u00e9 seguir governant amb Joan Monjo i les seves respectives conseq\u00fc\u00e8ncies o retirar-li el seu suport i sortir de l\u2019equip de govern\u201d.<\/p>\n<p>Bergas ha fet inc\u00eds en qu\u00e8 \u201cara entenem que el pacte PP-Converg\u00e8ncia es va negociar a Palma i no a Santa Margalida. Tamb\u00e9 entenem per qu\u00e8 la carretera de Llub\u00ed o el PAC de Can Picafort no arriben i, en canvi, si que arriben canvis d\u2019informes mediambientals per fer festivals o el DRIAT per l\u2019agroturisme del senyor Monjo\u201d.<\/p>\n<p>Per la seva banda, el Grup Socialista al Consell de Mallorca, ha demanat explicacions del president del Consell de Mallorca, Lloren\u00e7 Galm\u00e9s i el conseller de turisme, Marcial Rodr\u00edguez per explicar la seva relaci\u00f3 amb l\u2019agroturisme il\u00b7legal de la fam\u00edlia del batle de Santa Margalida, Joan Monjo.<\/p>\n<p>La portaveu del Grup Socialista al Consell de Mallorca, Catalina Cladera, ha denunciat un possible \u201ctracte de favor\u201d per part del Partit Popular, en aquest cas, amb el batle de Santa Margalida, Joan Monjo. Cladera ha explicat que el DRIAT es va fer en juny de 2024 per no enviar inspectors fins setembre i aix\u00ed poder operar tota la temporada alta sense problema. Aquest DRIAT ha quedat demostrat que \u00e9s fals, com es ja es va fer amb el Cas Porsell.<\/p>\n<p>Cladera ha concl\u00f2s que \u201cels mallorquins i mallorquines han de saber com lluiten contra l\u2019oferta tur\u00edstica il\u00b7legal l\u2019eguip de govern del Consell de Mallorca\u201d.[\/vc_column_text][\/vc_column][\/vc_row]\n<\/div>","protected":false},"excerpt":{"rendered":"<p>[vc_row][vc_column][vc_single_image image=&#8221;28902&#8243; img_size=&#8221;full&#8221; alignment=&#8221;center&#8221;][\/vc_column][\/vc_row][vc_row][vc_column][vc_column_text]Per la seva banda, els socialistes de Mallorca demanen explicacions al president del Consell de Mallorca i al conseller de turisme, Marcial Rodr\u00edguez sobre el tema [\/vc_column_text][\/vc_column][\/vc_row][vc_row][vc_column][vc_column_text]Davant informacions publicades per un diari local que relacionen al balte de Santa Margalida, Joan Monjo, amb una agroturisme il\u00b7legal els socialistes de Santa Margalida exigeixen&hellip;<\/p>\n","protected":false},"author":6,"featured_media":28901,"comment_status":"closed","ping_status":"closed","sticky":false,"template":"","format":"standard","meta":{"footnotes":""},"categories":[89,90,92],"tags":[105,553,84,205,494,206],"class_list":["post-28900","post","type-post","status-publish","format-standard","has-post-thumbnail","hentry","category-consell-de-mallorca","category-municipis","category-portada","tag-catalina-cladera","tag-joan-monjo","tag-psib-psoe","tag-santa-margalida","tag-xisca-gamundi","tag-xisco-bergas"],"_links":{"self":[{"href":"https:\/\/www.psib-psoe.org\/mallorca\/wp-json\/wp\/v2\/posts\/28900"}],"collection":[{"href":"https:\/\/www.psib-psoe.org\/mallorca\/wp-json\/wp\/v2\/posts"}],"about":[{"href":"https:\/\/www.psib-psoe.org\/mallorca\/wp-json\/wp\/v2\/types\/post"}],"author":[{"embeddable":true,"href":"https:\/\/www.psib-psoe.org\/mallorca\/wp-json\/wp\/v2\/users\/6"}],"replies":[{"embeddable":true,"href":"https:\/\/www.psib-psoe.org\/mallorca\/wp-json\/wp\/v2\/comments?post=28900"}],"version-history":[{"count":0,"href":"https:\/\/www.psib-psoe.org\/mallorca\/wp-json\/wp\/v2\/posts\/28900\/revisions"}],"wp:featuredmedia":[{"embeddable":true,"href":"https:\/\/www.psib-psoe.org\/mallorca\/wp-json\/wp\/v2\/media\/28901"}],"wp:attachment":[{"href":"https:\/\/www.psib-psoe.org\/mallorca\/wp-json\/wp\/v2\/media?parent=28900"}],"wp:term":[{"taxonomy":"category","embeddable":true,"href":"https:\/\/www.psib-psoe.org\/mallorca\/wp-json\/wp\/v2\/categories?post=28900"},{"taxonomy":"post_tag","embeddable":true,"href":"https:\/\/www.psib-psoe.org\/mallorca\/wp-json\/wp\/v2\/tags?post=28900"}],"curies":[{"name":"wp","href":"https:\/\/api.w.org\/{rel}","templated":true}]}}