{"id":28904,"date":"2024-08-26T14:15:35","date_gmt":"2024-08-26T12:15:35","guid":{"rendered":"http:\/\/www.psib-psoe.org\/mallorca\/?p=28904"},"modified":"2024-10-14T11:39:44","modified_gmt":"2024-10-14T09:39:44","slug":"el-grup-socialista-al-consell-de-mallorca-exigeix-a-galmes-i-a-rodriguez-que-expliquin-quines-informacions-privilegiades-van-donar-a-joan-monjo","status":"publish","type":"post","link":"https:\/\/www.psib-psoe.org\/mallorca\/el-grup-socialista-al-consell-de-mallorca-exigeix-a-galmes-i-a-rodriguez-que-expliquin-quines-informacions-privilegiades-van-donar-a-joan-monjo\/","title":{"rendered":"El Grup Socialista al Consell de Mallorca exigeix a Galm\u00e9s i a Rodr\u00edguez que expliquin quines informacions privilegiades van donar a Joan Monjo"},"content":{"rendered":"<div class=\"wpb-content-wrapper\">[vc_row][vc_column][vc_single_image image=&#8221;28905&#8243; img_size=&#8221;full&#8221; alignment=&#8221;center&#8221;][\/vc_column][\/vc_row][vc_row][vc_column][vc_column_text]<em><u>Catalina Cladera: \u201cDemanam la compareixen\u00e7a del president del Consell de Mallorca, Lloren\u00e7 Galm\u00e9s i el conseller de turisme, Marcial Rodr\u00edguez per explicar la seva relaci\u00f3 amb l\u2019agroturisme il\u00b7legal del batle de Santa Margalida, Joan Monjo\u201d<\/u><\/em>[\/vc_column_text][\/vc_column][\/vc_row][vc_row][vc_column][vc_column_text]El Grup Socialista al Consell de Mallorca, ha exigit la compareixen\u00e7a del president del Consell de Mallorca, Lloren\u00e7 Galm\u00e9s i el conseller de turisme, Marcial Rodr\u00edguez, per explicar quines informacions privilegiades i quin tracte de favor van donar a \u00a0Joan Monjo per l\u2019agroturisme de Sa Talaia Blanca.<\/p>\n<p>La portaveu del Grup Socialista al Consell de Mallorca, Catalina Cladera, ha declarat que \u201ccada dia surten informacions que vinculen a la Directora Insular de Turisme, Clara del Moral, amb la presentaci\u00f3 d&#8217;una la declaraci\u00f3 responsable d\u2019inici d\u2019activitat tur\u00edstica (DRIAT) de l\u2019agroturisme del sneyopr Monjo i que \u00e9s manifestament falsa. Per aquest motiu, exigim explicacions al senyor Galm\u00e9s sobre la implicaci\u00f3 de la Directora Insular de Turisme i el conseller en aquest assumpte\u201d.<\/p>\n<p>Cladera ha recordat que \u201cel Consell de Mallorca \u00e9s el que t\u00e9 les compet\u00e8ncies en turisme i, per tant, \u00e9s el responsable de fer les inspeccions tur\u00edstiques i d\u2019autoritzar la declaraci\u00f3 responsable d\u2019inici d\u2019activitat tur\u00edstica (DRIAT). Per aquest motiu, exigim la compareixen\u00e7a de Marcial Rodr\u00edguez i Lloren\u00e7 Galm\u00e9s\u201d.<\/p>\n<p>La portaveu ha concl\u00f2s que \u201cels mallorquins i mallorquines han de saber quins han estat els procediments que s\u2019han seguit, quines informacions privilegiades s\u2019han donat i quin tracte de favor s\u2019ha donat al senyor Monjo\u201d.[\/vc_column_text][\/vc_column][\/vc_row]\n<\/div>","protected":false},"excerpt":{"rendered":"<p>[vc_row][vc_column][vc_single_image image=&#8221;28905&#8243; img_size=&#8221;full&#8221; alignment=&#8221;center&#8221;][\/vc_column][\/vc_row][vc_row][vc_column][vc_column_text]Catalina Cladera: \u201cDemanam la compareixen\u00e7a del president del Consell de Mallorca, Lloren\u00e7 Galm\u00e9s i el conseller de turisme, Marcial Rodr\u00edguez per explicar la seva relaci\u00f3 amb l\u2019agroturisme il\u00b7legal del batle de Santa Margalida, Joan Monjo\u201d[\/vc_column_text][\/vc_column][\/vc_row][vc_row][vc_column][vc_column_text]El Grup Socialista al Consell de Mallorca, ha exigit la compareixen\u00e7a del president del Consell de Mallorca, Lloren\u00e7&hellip;<\/p>\n","protected":false},"author":6,"featured_media":28905,"comment_status":"closed","ping_status":"closed","sticky":false,"template":"","format":"standard","meta":{"footnotes":""},"categories":[89,90,92],"tags":[105,553,84,205],"class_list":["post-28904","post","type-post","status-publish","format-standard","has-post-thumbnail","hentry","category-consell-de-mallorca","category-municipis","category-portada","tag-catalina-cladera","tag-joan-monjo","tag-psib-psoe","tag-santa-margalida"],"_links":{"self":[{"href":"https:\/\/www.psib-psoe.org\/mallorca\/wp-json\/wp\/v2\/posts\/28904"}],"collection":[{"href":"https:\/\/www.psib-psoe.org\/mallorca\/wp-json\/wp\/v2\/posts"}],"about":[{"href":"https:\/\/www.psib-psoe.org\/mallorca\/wp-json\/wp\/v2\/types\/post"}],"author":[{"embeddable":true,"href":"https:\/\/www.psib-psoe.org\/mallorca\/wp-json\/wp\/v2\/users\/6"}],"replies":[{"embeddable":true,"href":"https:\/\/www.psib-psoe.org\/mallorca\/wp-json\/wp\/v2\/comments?post=28904"}],"version-history":[{"count":0,"href":"https:\/\/www.psib-psoe.org\/mallorca\/wp-json\/wp\/v2\/posts\/28904\/revisions"}],"wp:featuredmedia":[{"embeddable":true,"href":"https:\/\/www.psib-psoe.org\/mallorca\/wp-json\/wp\/v2\/media\/28905"}],"wp:attachment":[{"href":"https:\/\/www.psib-psoe.org\/mallorca\/wp-json\/wp\/v2\/media?parent=28904"}],"wp:term":[{"taxonomy":"category","embeddable":true,"href":"https:\/\/www.psib-psoe.org\/mallorca\/wp-json\/wp\/v2\/categories?post=28904"},{"taxonomy":"post_tag","embeddable":true,"href":"https:\/\/www.psib-psoe.org\/mallorca\/wp-json\/wp\/v2\/tags?post=28904"}],"curies":[{"name":"wp","href":"https:\/\/api.w.org\/{rel}","templated":true}]}}