{"id":28912,"date":"2024-08-27T15:52:30","date_gmt":"2024-08-27T13:52:30","guid":{"rendered":"http:\/\/www.psib-psoe.org\/mallorca\/?p=28912"},"modified":"2024-10-14T11:39:44","modified_gmt":"2024-10-14T09:39:44","slug":"catalina-cladera-el-pp-segueix-sense-contestar-perque-i-quin-tracte-de-favor-ha-donat-al-batle-de-santa-margalida-per-la-llicencia-turistica-del-seu-agroturisme","status":"publish","type":"post","link":"https:\/\/www.psib-psoe.org\/mallorca\/catalina-cladera-el-pp-segueix-sense-contestar-perque-i-quin-tracte-de-favor-ha-donat-al-batle-de-santa-margalida-per-la-llicencia-turistica-del-seu-agroturisme\/","title":{"rendered":"Catalina Cladera:  \u201cEl PP segueix sense contestar perqu\u00e8 i quin tracte de favor ha donat al batle de Santa Margalida per la llic\u00e8ncia tur\u00edstica del seu agroturisme\u201d"},"content":{"rendered":"<div class=\"wpb-content-wrapper\">[vc_row][vc_column][vc_single_image image=&#8221;28766&#8243; img_size=&#8221;full&#8221; alignment=&#8221;center&#8221;][\/vc_column][\/vc_row][vc_row][vc_column][vc_column_text]<em><u>La portaveu del Grup Socialista al Consell de Mallorca ha mostrat la seva \u201cdecepci\u00f3\u201d despr\u00e9s de les declaracions del conseller de turisme, Marcial Rodr\u00edguez<\/u><\/em>[\/vc_column_text][\/vc_column][\/vc_row][vc_row][vc_column][vc_column_text]El Grup Socialista al Consell de Mallorca ha mostrat la seva \u201cdecepci\u00f3\u201d despr\u00e9s de les declaracions del conseller de turisme, Marcial Rodr\u00edguez, als mitjans de comunicaci\u00f3 pel Cas Monjo.<\/p>\n<p>La portaveu del Grup Socialista al Consell de Mallorca ha declarat que \u201cel PP ha tornat a demostrar la seva forma de governar: mirar cap un altre costat i no assumir responsabilitats\u201d.<\/p>\n<p>Cladera ha mostrat la seva sorpresa quan Rodr\u00edguez ha afirmat que el mes de maig de 2024 hi va haver una inspecci\u00f3 a l\u2019agroturisme del senyor Monjo. \u201cSi la inspecci\u00f3 va ser en maig, perqu\u00e8 van permetre que el mes de juny de 2024 es present\u00e9s el DRIAT i no va fer res?\u201d<\/p>\n<p>La portaveu ha afegit que \u201cl\u2019\u00fanic que ha fet el senyor Rodr\u00edguez en les seves declaracions \u00e9s mirar cap un altre costat i no assumir responsabilitats. \u00a0\u00a0No ha contestat perqu\u00e8 ha perm\u00e8s o quin tracte de favor ha donat perqu\u00e8 es permet\u00e9s un DRIAT que no reunia els m\u00ednims requisits i que li ha perm\u00e8s operar aquest estiu.\u201d<\/p>\n<p>Davant les acusacions del senyor Rodr\u00edguez, Cladera ha explicat que \u201cel socialistes quan governam sempre atenem a qualsevol ciutad\u00e0 que ens ho demani. Sempre s\u2019ha tractat a tots els ciutadans i ciutadanes per igual quan han sol\u00b7licitat informaci\u00f3 o han gestionat amb el Consell de Mallorca, no com amb el cas que ens ocupa\u201d.<\/p>\n<p>Cladera ha concl\u00f2s que \u201cel senyor Rodr\u00edguez no ha estat capa\u00e7 d\u2019explicar quina relaci\u00f3 hi ha amb la seva directora insular, Clara del Moral, i que en que el mes de juny es presenti un possible DRIAT fals per encobrir una possible activitat irregular. Cosa del tot reprovable\u201d.<\/p>\n<p>Pel que fa a Santa Margalida, Cladera ha tornat demanar al Partit Popular local que expliqui clarament \u201cquin \u00e9s el seu posicionament, si vol seguir governant amb Joan Monjo o no. Tamb\u00e9 han d\u2019explicar si la llic\u00e8ncia tur\u00edstica del senyor Monjo va ser moneda de canvi pel pacte de govern d\u2019aquesta legislatura entre senyor Monjo i el PP\u201d.[\/vc_column_text][\/vc_column][\/vc_row]\n<\/div>","protected":false},"excerpt":{"rendered":"<p>[vc_row][vc_column][vc_single_image image=&#8221;28766&#8243; img_size=&#8221;full&#8221; alignment=&#8221;center&#8221;][\/vc_column][\/vc_row][vc_row][vc_column][vc_column_text]La portaveu del Grup Socialista al Consell de Mallorca ha mostrat la seva \u201cdecepci\u00f3\u201d despr\u00e9s de les declaracions del conseller de turisme, Marcial Rodr\u00edguez[\/vc_column_text][\/vc_column][\/vc_row][vc_row][vc_column][vc_column_text]El Grup Socialista al Consell de Mallorca ha mostrat la seva \u201cdecepci\u00f3\u201d despr\u00e9s de les declaracions del conseller de turisme, Marcial Rodr\u00edguez, als mitjans de comunicaci\u00f3 pel Cas Monjo.&hellip;<\/p>\n","protected":false},"author":6,"featured_media":28766,"comment_status":"closed","ping_status":"closed","sticky":false,"template":"","format":"standard","meta":{"footnotes":""},"categories":[89,90,92],"tags":[105,553,84,205],"class_list":["post-28912","post","type-post","status-publish","format-standard","has-post-thumbnail","hentry","category-consell-de-mallorca","category-municipis","category-portada","tag-catalina-cladera","tag-joan-monjo","tag-psib-psoe","tag-santa-margalida"],"_links":{"self":[{"href":"https:\/\/www.psib-psoe.org\/mallorca\/wp-json\/wp\/v2\/posts\/28912"}],"collection":[{"href":"https:\/\/www.psib-psoe.org\/mallorca\/wp-json\/wp\/v2\/posts"}],"about":[{"href":"https:\/\/www.psib-psoe.org\/mallorca\/wp-json\/wp\/v2\/types\/post"}],"author":[{"embeddable":true,"href":"https:\/\/www.psib-psoe.org\/mallorca\/wp-json\/wp\/v2\/users\/6"}],"replies":[{"embeddable":true,"href":"https:\/\/www.psib-psoe.org\/mallorca\/wp-json\/wp\/v2\/comments?post=28912"}],"version-history":[{"count":0,"href":"https:\/\/www.psib-psoe.org\/mallorca\/wp-json\/wp\/v2\/posts\/28912\/revisions"}],"wp:featuredmedia":[{"embeddable":true,"href":"https:\/\/www.psib-psoe.org\/mallorca\/wp-json\/wp\/v2\/media\/28766"}],"wp:attachment":[{"href":"https:\/\/www.psib-psoe.org\/mallorca\/wp-json\/wp\/v2\/media?parent=28912"}],"wp:term":[{"taxonomy":"category","embeddable":true,"href":"https:\/\/www.psib-psoe.org\/mallorca\/wp-json\/wp\/v2\/categories?post=28912"},{"taxonomy":"post_tag","embeddable":true,"href":"https:\/\/www.psib-psoe.org\/mallorca\/wp-json\/wp\/v2\/tags?post=28912"}],"curies":[{"name":"wp","href":"https:\/\/api.w.org\/{rel}","templated":true}]}}