{"id":28916,"date":"2024-08-29T16:26:51","date_gmt":"2024-08-29T14:26:51","guid":{"rendered":"http:\/\/www.psib-psoe.org\/mallorca\/?p=28916"},"modified":"2024-10-14T11:39:44","modified_gmt":"2024-10-14T09:39:44","slug":"la-sentencia-sobre-lagroturisme-de-joan-monjo-confirma-la-inaccio-del-conseller-rodriguez-i-la-possible-connivencia-amb-lesmentat-establiment","status":"publish","type":"post","link":"https:\/\/www.psib-psoe.org\/mallorca\/la-sentencia-sobre-lagroturisme-de-joan-monjo-confirma-la-inaccio-del-conseller-rodriguez-i-la-possible-connivencia-amb-lesmentat-establiment\/","title":{"rendered":"La sent\u00e8ncia sobre l\u2019Agroturisme de Joan Monjo confirma la inacci\u00f3 del conseller Rodr\u00edguez i la possible conniv\u00e8ncia amb l\u2019esmentat establiment"},"content":{"rendered":"<div class=\"wpb-content-wrapper\">[vc_row][vc_column][vc_single_image image=&#8221;28917&#8243; img_size=&#8221;full&#8221; alignment=&#8221;center&#8221;][\/vc_column][\/vc_row][vc_row][vc_column][vc_column_text]<em><u>El Grup Socialista al Consell de Mallorca denuncia que el conseller de turisme, Marcial Rodr\u00edguez, hagi perm\u00e8s fer un nou DRIAT (Declaraci\u00f3 Responsable d\u2019Inici d\u2019Activitat Tur\u00edstica) coneixent la sent\u00e8ncia del Tribunal Superior de Just\u00edcia<\/u><\/em>[\/vc_column_text][\/vc_column][\/vc_row][vc_row][vc_column][vc_column_text]El Grup Socialista al Consell de Mallorca ha denunciat la \u201cinacci\u00f3 i conniv\u00e8ncia\u201d per part del conseller de turisme, Marcial Rodr\u00edguez. Han explicat que \u201csent coneixedor de la sent\u00e8ncia del Tribunal Superior de Just\u00edcia, va autoritzar fer un nou DRIAT (Declaraci\u00f3 Responsable d\u2019Inici d\u2019Activitat Tur\u00edstica)\u201d.<\/p>\n<p>A m\u00e9s, han afegit que \u201cla sent\u00e8ncia va ser dictada \u00a0dia 15 de Mar\u00e7 de 2023 i, amb possibilitat de recurs de 30 dies. Aix\u00f2 vol dir que no pot ser imputable a l\u2019anterior legislatura, que ni tenia const\u00e0ncia i que va arribar en ple canvi de govern\u201d.<\/p>\n<p>Des del Grup socialista han criticat que \u201cel senyor Rodr\u00edguez tenia la sent\u00e8ncia des del seu primer dia de mandat i no va fer res per executar-la.<\/p>\n<p>Amb una sent\u00e8ncia ferma d\u2019anul\u00b7laci\u00f3 de la Declaraci\u00f3 Responsable (DRIAT) que obligava a tancar l\u2019establiment, el senyor Rodr\u00edguez ha perm\u00e9s al senyor Monjo fer una nova declaraci\u00f3 responsable el juny de 2024, sabent els antecedents judicials, amb impossibilitat de que sigui legal\u201d.<\/p>\n<p>La Sent\u00e8ncia esmentada confirma la desestimaci\u00f3 del recurs que varen presentar els propietaris. L\u2019actual equip de govern del Consell de Mallorca (PPVOX) t\u00e9 acc\u00e9s a la sent\u00e8ncia que diu, textualment, que era \u201cinviable jur\u00eddicament per quant que incomplien requisits de car\u00e0cter essencial\u201d.<\/p>\n<p>Per tant, l\u2019actual DRIAT que ells han presentat segueix amb aquesta inviabilitat jur\u00eddica, que ara permet l\u2019actual equip de Govern, que durant 14 mesos que duen governant no han executat en cap moment.\u00a0 Per tant, l\u2019anterior equip de govern va obrar correctament prohibint l\u2019activitat i l\u2019actual equip del PPVOX no ha executat i a m\u00e9s ha perm\u00e8s nous documents per \u201csalvar\u201d l\u2019actual temporada tur\u00edstica.<\/p>\n<p>Els socialistes han concl\u00f2s que \u201ccada dia coneixem dades m\u00e9s preocupats. Ens trobem davant un nou esc\u00e0ndol a una \u00e0rea que ha de vetllar per la lluita contra l\u2019activitat il\u00b7legal i que, suposadament, ajuda als il\u00b7legals a que puguin operar amb impunitat. Tornem a demanar el tancament perqu\u00e8 ara amb totes les dades la situaci\u00f3 \u00e9s insostenible\u201d.[\/vc_column_text][\/vc_column][\/vc_row][vc_row][vc_column][vc_empty_space height=&#8221;50px&#8221;][vc_column_text]\n<h3 style=\"color: #e30613;\"><span class=\"bold\">Recursos addicionals<\/span><\/h3>\n[\/vc_column_text][vc_separator color=&#8221;custom&#8221; align=&#8221;align_left&#8221; border_width=&#8221;3&#8243; el_width=&#8221;10&#8243; accent_color=&#8221;#e30613&#8243;][vc_empty_space height=&#8221;50px&#8221;][vc_column_text]\n<ul>\n<li><a href=\"http:\/\/www.psib-psoe.org\/mallorca\/stsj_bal_402_2023\/\" target=\"_blank\" rel=\"noopener noreferrer\">Sent\u00e8ncia<\/a><\/li>\n<\/ul>\n[\/vc_column_text][vc_empty_space height=&#8221;50px&#8221;][\/vc_column][\/vc_row]\n<\/div>","protected":false},"excerpt":{"rendered":"<p>[vc_row][vc_column][vc_single_image image=&#8221;28917&#8243; img_size=&#8221;full&#8221; alignment=&#8221;center&#8221;][\/vc_column][\/vc_row][vc_row][vc_column][vc_column_text]El Grup Socialista al Consell de Mallorca denuncia que el conseller de turisme, Marcial Rodr\u00edguez, hagi perm\u00e8s fer un nou DRIAT (Declaraci\u00f3 Responsable d\u2019Inici d\u2019Activitat Tur\u00edstica) coneixent la sent\u00e8ncia del Tribunal Superior de Just\u00edcia[\/vc_column_text][\/vc_column][\/vc_row][vc_row][vc_column][vc_column_text]El Grup Socialista al Consell de Mallorca ha denunciat la \u201cinacci\u00f3 i conniv\u00e8ncia\u201d per part del conseller de turisme,&hellip;<\/p>\n","protected":false},"author":6,"featured_media":28917,"comment_status":"closed","ping_status":"closed","sticky":false,"template":"","format":"standard","meta":{"footnotes":""},"categories":[90,92],"tags":[105,83,553,84],"class_list":["post-28916","post","type-post","status-publish","format-standard","has-post-thumbnail","hentry","category-municipis","category-portada","tag-catalina-cladera","tag-consell-de-mallorca","tag-joan-monjo","tag-psib-psoe"],"_links":{"self":[{"href":"https:\/\/www.psib-psoe.org\/mallorca\/wp-json\/wp\/v2\/posts\/28916"}],"collection":[{"href":"https:\/\/www.psib-psoe.org\/mallorca\/wp-json\/wp\/v2\/posts"}],"about":[{"href":"https:\/\/www.psib-psoe.org\/mallorca\/wp-json\/wp\/v2\/types\/post"}],"author":[{"embeddable":true,"href":"https:\/\/www.psib-psoe.org\/mallorca\/wp-json\/wp\/v2\/users\/6"}],"replies":[{"embeddable":true,"href":"https:\/\/www.psib-psoe.org\/mallorca\/wp-json\/wp\/v2\/comments?post=28916"}],"version-history":[{"count":0,"href":"https:\/\/www.psib-psoe.org\/mallorca\/wp-json\/wp\/v2\/posts\/28916\/revisions"}],"wp:featuredmedia":[{"embeddable":true,"href":"https:\/\/www.psib-psoe.org\/mallorca\/wp-json\/wp\/v2\/media\/28917"}],"wp:attachment":[{"href":"https:\/\/www.psib-psoe.org\/mallorca\/wp-json\/wp\/v2\/media?parent=28916"}],"wp:term":[{"taxonomy":"category","embeddable":true,"href":"https:\/\/www.psib-psoe.org\/mallorca\/wp-json\/wp\/v2\/categories?post=28916"},{"taxonomy":"post_tag","embeddable":true,"href":"https:\/\/www.psib-psoe.org\/mallorca\/wp-json\/wp\/v2\/tags?post=28916"}],"curies":[{"name":"wp","href":"https:\/\/api.w.org\/{rel}","templated":true}]}}