{"id":28934,"date":"2024-09-06T11:57:00","date_gmt":"2024-09-06T09:57:00","guid":{"rendered":"http:\/\/www.psib-psoe.org\/mallorca\/?p=28934"},"modified":"2024-10-14T11:39:44","modified_gmt":"2024-10-14T09:39:44","slug":"els-socialistes-insten-al-consell-de-mallorca-el-tancament-cautelar-de-lagroturisme-illegal-vinculat-al-batle-de-santa-margalida-i-que-el-pp-rompi-el-pacte-de-govern-al-municipi","status":"publish","type":"post","link":"https:\/\/www.psib-psoe.org\/mallorca\/els-socialistes-insten-al-consell-de-mallorca-el-tancament-cautelar-de-lagroturisme-illegal-vinculat-al-batle-de-santa-margalida-i-que-el-pp-rompi-el-pacte-de-govern-al-municipi\/","title":{"rendered":"Els Socialistes insten al Consell de Mallorca el tancament cautelar de l\u2019agroturisme il\u00b7legal vinculat al batle de Santa Margalida i que el PP rompi el pacte de govern al municipi."},"content":{"rendered":"<div class=\"wpb-content-wrapper\">[vc_row][vc_column][vc_single_image image=&#8221;28935&#8243; img_size=&#8221;full&#8221; alignment=&#8221;center&#8221;][\/vc_column][\/vc_row][vc_row][vc_column][vc_column_text]<em><u>La portaveu socialista al Consell, Catalina Cladera, critica que Galm\u00e9s i el conseller Marcial Rodr\u00edguez usin l\u2019Ordenaci\u00f3 Tur\u00edstica del Consell per a fer \u201ctractes de favor a afins pol\u00edtics\u201d. El cas de l\u2019agroturisme de Muro vinculat a Joan Monjo se suma ara a l\u2019establiment sa Talaia d\u2019Andratx, de l\u2019ex batle popular Porsell, que tamb\u00e9 va tenir el pl\u00e0cet del Consell de Galm\u00e9s i Rodr\u00edguez fins que el cas no va ser conegut, malgrat la il\u00b7legalitat urban\u00edstica que impedia el seu funcionament com a establiment tur\u00edstic.<\/u><\/em>[\/vc_column_text][\/vc_column][\/vc_row][vc_row][vc_column][vc_column_text]El cas de l\u2019agroturisme Il\u00b7legal de Muro, vinculat al batle de Santa Margalida, Joan Monjo, centra la pol\u00e8mica pol\u00edtica en la represa del curs a Mallorca. Aix\u00ed la portaveu socialista al Consell de Mallorca, Catalina Cladera, ha demanat al Consell que s\u2019executi el tancament cautelar de l\u2019establiment, per haver estat funcionant sense els corresponents permisos, i que el PP rompi el pacte de govern que mantenen a Santa Margalida precisament amb l\u2019actual batle Joan Monjo, qui est\u00e0 relacionat directament amb la propietat de l\u2019agroturisme il\u00b7legal ubicat a Muro.<\/p>\n<p>La sent\u00e8ncia ferma del Contenci\u00f3s Administratiu de Palma emesa en 2023 deixa sense efecte qualsevol perm\u00eds de funcionament de l\u2019establiment, i insta a qu\u00e8 el Consell decreti el cessament de l\u2019activitat. No obstant aix\u00f2, els actuals responsables de l\u2019Ordenaci\u00f3 Tur\u00edstica de Mallorca, el conseller Marcial Rodr\u00edguez i Lloren\u00e7 Galm\u00e9s, no ho han fet i han \u201cmirat cap a una altra banda amb sa Talaia Blanca\u201d. Cladera s\u2019ha queixat de l\u2019obscurantisme del Consell de Mallorca, que en cap cas ha aclarit aspectes fonamentals de l\u2019expedient de sa Talaia Blanca, ni tampoc han obert, fins ara, l\u2019expedient del cas per a la seva consulta, com ja s\u2019ha demanat des del Grup Socialista.<\/p>\n<p>Cladera ha preguntat com \u00e9s que un any despr\u00e9s de que la sent\u00e8ncia sigui ferma, l\u2019establiment roman obert, i considera important saber qui \u201cha aconsellat la propietat de l\u2019establiment\u201d des de la instituci\u00f3 insular per tramitar una nova declaraci\u00f3 responsable d\u2019inici d\u2019activitats el passat m\u00e9s de juny. Aix\u00ed mateix es desconeixen el nombre de places demanades en aquesta nova DRIAT, i si aquest cas es relaciona amb la sortida de la secret\u00e0ria general del departament de Turisme del Consell aquest mateix any.<\/p>\n<p>\u201cA qui va donar ordres el sr. Galm\u00e9s per regularitzar la situaci\u00f3 de sa Talaia Blanca\u201d ha demanat Cladera, que considera que aquest tema amaga \u201cmassa preguntes i ofereix poques respostes\u201d.<\/p>\n<p><strong>Nou curs pol\u00edtic tacat per l\u2019ombra de la corrupci\u00f3<\/strong><\/p>\n<p>El cas de Sa Talaia Blanca de Muro alimenta la llegenda de la corrupci\u00f3 sist\u00e8mica que acompanya el PP cada cop que governa, i ara es complementa amb l\u2019eliminaci\u00f3 total de l\u2019Oficina Anticorrupci\u00f3 de les Illes Balears executat de manera implacable per PPVOX, quan aquest era precisament era l\u2019\u00f2rgan encarregat d\u2019estudiar gran part d\u2019aquests casos.<\/p>\n<p>Cladera ha destacat que el curs pol\u00edtic a Mallorca \u201ccomen\u00e7a amb un Lloren\u00e7 Galm\u00e9s absent i amagat\u201d, i ha criticat el viatge realitzat a Perpiny\u00e0 aquesta setmana \u201cper agermanar pobles governants per la ultradreta\u201d, en comptes de romandre a l\u2019illa amb una previsi\u00f3 d\u2019una DANA que va deixar forts aiguats, una persona morta i una altra de desapareguda per ser arrossegats per la crescuda de les aig\u00fces al Torrent de Pareis.<\/p>\n<p>Igualment el mes d\u2019agost no ha servit per que Galm\u00e9s hagi pres la iniciativa respecte la situaci\u00f3 laboral de la portaveu del PP al Consell de Mallorca, N\u00faria Riera, la pol\u00edtica amb el salari m\u00e9s elevat de les illes en poder compatibilitzar al 100% la seva feina com a funcion\u00e0ria de la CAIB amb el salari del 75% de la dedicaci\u00f3 a la portavocia del Grup Popular al Consell de Mallorca. Un fet que suposa de facto una jornada laboral de 14 hores di\u00e0ries, sumades les dues activitats, jornada que en cap cas no es compleix.<\/p>\n<p>La portaveu socialista ha qualificat de \u201cvergonya\u201d l\u2019estrat\u00e8gia pol\u00edtica del PP respecte el menors immigrants no acompanyats, un nou exemple de \u201cl\u2019\u00fas que el PP fa dels menors m\u00e9s vulnerables per fer pol\u00edtica bruta\u201d. \u201cUsa aquesta excusa per atacar el Govern de l\u2019Estat i per acostar-se a VOX, quan \u00e9s a Mallorca on es tenen aquestes compet\u00e8ncies\u201d. Cladera ha qualificat de \u201cgran irresponsabilitat\u201d l\u2019actitud de Galm\u00e9s, i li ha demanat com \u00e9s possible que el mateix PP hagi evitat ni tant sols debatre la modificaci\u00f3 de la Llei d\u2019estrangeria al Congr\u00e9s dels Diputats, que aportava solucions comunes al repartiment solidari dels menors no acompanyats arribats a l\u2019Estat. Igualment Cladera considera que Galm\u00e9s \u201cmalbarata recursos de l\u2019IMAS que es podien dedicar a l\u2019atenci\u00f3 dels menors\u201d, quan decideix posar a la venda un immoble a Puntir\u00f3 que es podria dedicar a temes socials, en el cas que exist\u00eds la voluntat real de servei social.<\/p>\n<!--[if lt IE 9]><script>document.createElement('audio');<\/script><![endif]-->\n<audio class=\"wp-audio-shortcode\" id=\"audio-28934-1\" preload=\"none\" style=\"width: 100%;\" controls=\"controls\"><source type=\"audio\/mpeg\" src=\"http:\/\/www.psib-psoe.org\/mallorca\/wp-content\/uploads\/060924_Catalina-Cladera-inici-curs-poli\u0301tic-Mallorca.mp3?_=1\" \/><a href=\"http:\/\/www.psib-psoe.org\/mallorca\/wp-content\/uploads\/060924_Catalina-Cladera-inici-curs-poli\u0301tic-Mallorca.mp3\">http:\/\/www.psib-psoe.org\/mallorca\/wp-content\/uploads\/060924_Catalina-Cladera-inici-curs-poli\u0301tic-Mallorca.mp3<\/a><\/audio>\n[\/vc_column_text][\/vc_column][\/vc_row]\n<\/div>","protected":false},"excerpt":{"rendered":"<p>[vc_row][vc_column][vc_single_image image=&#8221;28935&#8243; img_size=&#8221;full&#8221; alignment=&#8221;center&#8221;][\/vc_column][\/vc_row][vc_row][vc_column][vc_column_text]La portaveu socialista al Consell, Catalina Cladera, critica que Galm\u00e9s i el conseller Marcial Rodr\u00edguez usin l\u2019Ordenaci\u00f3 Tur\u00edstica del Consell per a fer \u201ctractes de favor a afins pol\u00edtics\u201d. El cas de l\u2019agroturisme de Muro vinculat a Joan Monjo se suma ara a l\u2019establiment sa Talaia d\u2019Andratx, de l\u2019ex batle popular Porsell,&hellip;<\/p>\n","protected":false},"author":3,"featured_media":28935,"comment_status":"closed","ping_status":"closed","sticky":false,"template":"","format":"standard","meta":{"footnotes":""},"categories":[89,2,1,90,92],"tags":[209,447,105,84,206],"class_list":["post-28934","post","type-post","status-publish","format-standard","has-post-thumbnail","hentry","category-consell-de-mallorca","category-federacio-de-mallorca","category-federacio-de-mallorca-portada","category-municipis","category-portada","tag-agrupacio-socialista-de-santa-margalida","tag-bea-gamundi","tag-catalina-cladera","tag-psib-psoe","tag-xisco-bergas"],"_links":{"self":[{"href":"https:\/\/www.psib-psoe.org\/mallorca\/wp-json\/wp\/v2\/posts\/28934"}],"collection":[{"href":"https:\/\/www.psib-psoe.org\/mallorca\/wp-json\/wp\/v2\/posts"}],"about":[{"href":"https:\/\/www.psib-psoe.org\/mallorca\/wp-json\/wp\/v2\/types\/post"}],"author":[{"embeddable":true,"href":"https:\/\/www.psib-psoe.org\/mallorca\/wp-json\/wp\/v2\/users\/3"}],"replies":[{"embeddable":true,"href":"https:\/\/www.psib-psoe.org\/mallorca\/wp-json\/wp\/v2\/comments?post=28934"}],"version-history":[{"count":0,"href":"https:\/\/www.psib-psoe.org\/mallorca\/wp-json\/wp\/v2\/posts\/28934\/revisions"}],"wp:featuredmedia":[{"embeddable":true,"href":"https:\/\/www.psib-psoe.org\/mallorca\/wp-json\/wp\/v2\/media\/28935"}],"wp:attachment":[{"href":"https:\/\/www.psib-psoe.org\/mallorca\/wp-json\/wp\/v2\/media?parent=28934"}],"wp:term":[{"taxonomy":"category","embeddable":true,"href":"https:\/\/www.psib-psoe.org\/mallorca\/wp-json\/wp\/v2\/categories?post=28934"},{"taxonomy":"post_tag","embeddable":true,"href":"https:\/\/www.psib-psoe.org\/mallorca\/wp-json\/wp\/v2\/tags?post=28934"}],"curies":[{"name":"wp","href":"https:\/\/api.w.org\/{rel}","templated":true}]}}