{"id":28957,"date":"2024-09-18T11:33:13","date_gmt":"2024-09-18T09:33:13","guid":{"rendered":"http:\/\/www.psib-psoe.org\/mallorca\/?p=28957"},"modified":"2024-10-14T11:39:43","modified_gmt":"2024-10-14T09:39:43","slug":"ppvox-abandona-les-residencies-per-a-la-gent-gran-de-mallorca","status":"publish","type":"post","link":"https:\/\/www.psib-psoe.org\/mallorca\/ppvox-abandona-les-residencies-per-a-la-gent-gran-de-mallorca\/","title":{"rendered":"PPVox abandona les resid\u00e8ncies per a la gent gran de Mallorca."},"content":{"rendered":"<div class=\"wpb-content-wrapper\">[vc_row][vc_column][vc_single_image image=&#8221;28958&#8243; img_size=&#8221;full&#8221; alignment=&#8221;center&#8221;][\/vc_column][\/vc_row][vc_row][vc_column][vc_column_text]<em><u>Davant la inacci\u00f3 de PPVox a tots els nivells, els Socialistes presenten un bloc d\u2019iniciatives al Parlament, al Consell de Mallorca i a l\u2019Ajuntament de Palma per que s\u2019acabin i es posin en servei les noves resid\u00e8ncies de Son Martorell i Son Dureta a Palma i la Miquel Mir a Inca, mentre exigeixen acciones definides per que l\u2019IMAS pugui assumir d\u2019una vegada la gesti\u00f3 de les resid\u00e8ncies municipals que ho han sol\u00b7licitat. <\/u><\/em>[\/vc_column_text][\/vc_column][\/vc_row][vc_row][vc_column][vc_column_text]Ni a Palma, ni a Mallorca ni a nivell de Balears. Les pol\u00edtiques de PPVox deixen de banda a les persones majors. Malgrat els repetits anuncis electorals, la realitat demostra que despr\u00e9s de 15 mesos de legislatura no s\u2019ha vist cap avan\u00e7 per a les resid\u00e8ncies de gent gran iniciades durant la passada legislatura, que no s\u2019han posat en marxa, com les de Son Martorell i Son Dureta a Palma. Especialment lamentable \u00e9s el cas de la Miquel Mir d\u2019Inca, que es troba ja finalitzada des del passat any 2023 i amb la dotaci\u00f3 de personal preparada, per\u00f2 que a dia d\u2019avui continua sense entrar en servei. Els portaveus socialistes Catalina Cladera, Xisco Ducr\u00f3s i Omar Lam\u00edn, conjuntament amb la consellera insular Sofia Alonso, i la regidora a Palma, Silvana Gonz\u00e1lez, han comparegut per a anunciar un seguit d\u2019iniciatives per revertir aquesta par\u00e0lisi institucional respecte les infraestructures de gent gran.<\/p>\n<p>Dem\u00e0 el Grup Socialista al Consell presenta al ple una moci\u00f3 dirigida a donar suport a les resid\u00e8ncies de gent gran municipals, a les quals es proposa destinar una quantitat de 5 milions d\u2019euros des de l\u2019IMAS, a banda del comprom\u00eds ferm de que el Consell assumeixi la gesti\u00f3 d\u2019aquelles resid\u00e8ncies que ara sota direcci\u00f3 dels ajuntaments. \u201cVolem que l\u2019IMAS faci suport als ajuntaments que tenen resid\u00e8ncies de gent gran municipals, per\u00f2 que prefereixen que les gestioni l\u2019IMAS; amb un model de gesti\u00f3 que els socialistes v\u00e0rem potenciar\u201d, ha dit la portaveu socialista al Consell, Catalina Cladera, seguint la l\u00ednia d\u2019un model de gesti\u00f3 d\u2019\u00e8xit que es va implantar en les dues darreres legislatures, que combina atenci\u00f3 residencial amb el servei adomicili SAID, \u201cque refor\u00e7a la capacitat de decisi\u00f3 de cada persona per decidir a on vol envellir\u201d.<\/p>\n<p>Cladera ha carregat en contra de l\u2019oblit institucional que PPVox exerceix sobre la gent gran de l\u2019illa: \u201cdurant la campanya electoral el PP va insistir en la rebaixa de les llistes d\u2019espera de gent gran a l\u2019espera de pla\u00e7a de resid\u00e8ncia, i en aquest any no nom\u00e9s no han fet davallar la llista, sin\u00f3 que s\u2019ha incrementat en unes 200 persones\u201d.<\/p>\n<p><strong>Ni Son Martorell ni Son Dureta s\u00f3n infraestructures priorit\u00e0ries per l\u2019Ajuntament de Palma<\/strong><\/p>\n<p>El Grup Municipal Socialista de l&#8217;Ajuntament de Palma ha presentat una moci\u00f3 en el ple que insta l&#8217;equip de govern a exigir al Govern Balear que agilitzi les gestions necess\u00e0ries per finalitzar les obres del centre de majors de Son Martorell, situat a Ciutat Jard\u00ed. Aquesta infraestructura, dissenyada per proporcionar 120 places a persones majors en situaci\u00f3 de depend\u00e8ncia, es troba paralitzada, malgrat que les obres estan molt avan\u00e7ades.<\/p>\n<p>Els socialistes de Palma estan molt preocupats per l&#8217;increment de les llistes d&#8217;espera per resid\u00e8ncies i el servei d&#8217;ajuda a domicili, que s&#8217;han duplicat en el darrer any. No podem oblidar que s\u00f3n centenars els palmesans i palmesanes que esperen per una pla\u00e7a residencial, de centre de dia o per l&#8217;ajuda domicili\u00e0ria imprescindible pel dia a dia de persones majors en situaci\u00f3 de depend\u00e8ncia i les seves fam\u00edlies.<\/p>\n<p>Xisco Ducr\u00f3s, portaveu del Grup Municipal Socialista, ha estat contundent en la seva cr\u00edtica al batle Jaime Mart\u00ednez: &#8220;La inactivitat del batle Mart\u00ednez est\u00e0 perjudicant greument els ve\u00efnats de Palma. Manca lideratge i reivindicaci\u00f3 del govern municipal davant la resta d&#8217;institucions. Lluny de lluitar per millorar els serveis, la submissi\u00f3 del govern Mart\u00ednez al govern de Marga Prohens resta oportunitats i qualitat de vida als ve\u00efns i ve\u00efnes de Palma. No podem permetre tenir aturades obres tan importants com la resid\u00e8ncia de Son Martorell o la de Son Dureta.&#8221;<\/p>\n<p>Els socialistes assenyalen que, tot i que les necessitats d&#8217;atenci\u00f3 a persones majors han augmentat considerablement, les infraestructures sociosanit\u00e0ries continuen sent insuficients a Palma, i no s&#8217;ha vist cap aven\u00e7 sota el lideratge de l&#8217;actual batle. &#8220;\u00c9s inacceptable que projectes com aquest es paralitzin mentre les llistes d&#8217;espera per places en resid\u00e8ncies continuen creixent,&#8221; ha afegit Ducr\u00f3s.<\/p>\n<p>L&#8217;Ajuntament ha de posar tots els seus esfor\u00e7os i reclamar al govern que faci tot el que sigui necessari, que prioritzi la posada en funcionament d&#8217;aquestes dues resid\u00e8ncies, que sumarien 240 places en total. La moci\u00f3 tamb\u00e9 sol\u00b7licita l&#8217;ampliaci\u00f3 de la xarxa de centres de dia i resid\u00e8ncies, fonamentals per garantir una atenci\u00f3 digna i propera a la creixent poblaci\u00f3 major de la ciutat.<\/p>\n<p><strong>La par\u00e0lisi de Prohens i Cirer en pol\u00edtiques de gent gran genera malestar a la ciutadania<\/strong>.<\/p>\n<p>El diputat socialista al Parlament, Omar Lam\u00edn, ha lamentat la \u201cpar\u00e0lisi de Prohens i Cirer\u201d per la manca d\u2019impuls en la posada en servei de les infraestructures destinades a gent gran. \u00a0Lam\u00edn ha destacat l\u2019increment del \u201c125% de la llista d\u2019espera per accedir al Servei d\u2019Atenci\u00f3 Domicili\u00e0ria, el SAID\u201d, mentre que tamb\u00e9 arriba a 1.800 les persones que esperen per disposar del servei de teleassist\u00e8ncia, el doble que durant la passada legislatura.<\/p>\n<p>\u201cEst\u00e0 clar que Prohens nom\u00e9s governa per a un pocs\u201d, per que mant\u00e9 tancades infraestructures ja acabades com la Miquel Mir, mentre que obliga als ciutadans a acudir a les resid\u00e8ncies privades de gent gran, a on cada pla\u00e7a costa uns 4.000 \u20ac al mes. Per Lam\u00edn, \u201cel gran canvi de Prohens \u00e9s la par\u00e0lisi i el foment de la llibertat d\u2019uns pocs privilegiats\u201d.<\/p>\n<!--[if lt IE 9]><script>document.createElement('audio');<\/script><![endif]-->\n<audio class=\"wp-audio-shortcode\" id=\"audio-28957-1\" preload=\"none\" style=\"width: 100%;\" controls=\"controls\"><source type=\"audio\/mpeg\" src=\"http:\/\/www.psib-psoe.org\/mallorca\/wp-content\/uploads\/180924_CATALINA-CLADERA-RESIDE\u0300NCIA-SON-MARTORELL.mp3?_=1\" \/><a href=\"http:\/\/www.psib-psoe.org\/mallorca\/wp-content\/uploads\/180924_CATALINA-CLADERA-RESIDE\u0300NCIA-SON-MARTORELL.mp3\">http:\/\/www.psib-psoe.org\/mallorca\/wp-content\/uploads\/180924_CATALINA-CLADERA-RESIDE\u0300NCIA-SON-MARTORELL.mp3<\/a><\/audio>\n<audio class=\"wp-audio-shortcode\" id=\"audio-28957-2\" preload=\"none\" style=\"width: 100%;\" controls=\"controls\"><source type=\"audio\/mpeg\" src=\"http:\/\/www.psib-psoe.org\/mallorca\/wp-content\/uploads\/180924_OMAR-LAMIN-RESIDE\u0300NCIA-SON-MARTORELL.mp3?_=2\" \/><a href=\"http:\/\/www.psib-psoe.org\/mallorca\/wp-content\/uploads\/180924_OMAR-LAMIN-RESIDE\u0300NCIA-SON-MARTORELL.mp3\">http:\/\/www.psib-psoe.org\/mallorca\/wp-content\/uploads\/180924_OMAR-LAMIN-RESIDE\u0300NCIA-SON-MARTORELL.mp3<\/a><\/audio>\n<audio class=\"wp-audio-shortcode\" id=\"audio-28957-3\" preload=\"none\" style=\"width: 100%;\" controls=\"controls\"><source type=\"audio\/mpeg\" src=\"http:\/\/www.psib-psoe.org\/mallorca\/wp-content\/uploads\/180924_XISCO-DUCRO\u0301S-RESIDE\u0300NCIA-SON-MARTORELL.mp3?_=3\" \/><a href=\"http:\/\/www.psib-psoe.org\/mallorca\/wp-content\/uploads\/180924_XISCO-DUCRO\u0301S-RESIDE\u0300NCIA-SON-MARTORELL.mp3\">http:\/\/www.psib-psoe.org\/mallorca\/wp-content\/uploads\/180924_XISCO-DUCRO\u0301S-RESIDE\u0300NCIA-SON-MARTORELL.mp3<\/a><\/audio>\n[\/vc_column_text][\/vc_column][\/vc_row]\n<\/div>","protected":false},"excerpt":{"rendered":"<p>[vc_row][vc_column][vc_single_image image=&#8221;28958&#8243; img_size=&#8221;full&#8221; alignment=&#8221;center&#8221;][\/vc_column][\/vc_row][vc_row][vc_column][vc_column_text]Davant la inacci\u00f3 de PPVox a tots els nivells, els Socialistes presenten un bloc d\u2019iniciatives al Parlament, al Consell de Mallorca i a l\u2019Ajuntament de Palma per que s\u2019acabin i es posin en servei les noves resid\u00e8ncies de Son Martorell i Son Dureta a Palma i la Miquel Mir a Inca, mentre&hellip;<\/p>\n","protected":false},"author":3,"featured_media":28958,"comment_status":"closed","ping_status":"closed","sticky":false,"template":"","format":"standard","meta":{"footnotes":""},"categories":[89,2,1,90,92],"tags":[105,83,548,551,84,276,312],"class_list":["post-28957","post","type-post","status-publish","format-standard","has-post-thumbnail","hentry","category-consell-de-mallorca","category-federacio-de-mallorca","category-federacio-de-mallorca-portada","category-municipis","category-portada","tag-catalina-cladera","tag-consell-de-mallorca","tag-francesc-ducros","tag-omar-lamin","tag-psib-psoe","tag-psoe-palma","tag-silvana-gonzalez"],"_links":{"self":[{"href":"https:\/\/www.psib-psoe.org\/mallorca\/wp-json\/wp\/v2\/posts\/28957"}],"collection":[{"href":"https:\/\/www.psib-psoe.org\/mallorca\/wp-json\/wp\/v2\/posts"}],"about":[{"href":"https:\/\/www.psib-psoe.org\/mallorca\/wp-json\/wp\/v2\/types\/post"}],"author":[{"embeddable":true,"href":"https:\/\/www.psib-psoe.org\/mallorca\/wp-json\/wp\/v2\/users\/3"}],"replies":[{"embeddable":true,"href":"https:\/\/www.psib-psoe.org\/mallorca\/wp-json\/wp\/v2\/comments?post=28957"}],"version-history":[{"count":0,"href":"https:\/\/www.psib-psoe.org\/mallorca\/wp-json\/wp\/v2\/posts\/28957\/revisions"}],"wp:featuredmedia":[{"embeddable":true,"href":"https:\/\/www.psib-psoe.org\/mallorca\/wp-json\/wp\/v2\/media\/28958"}],"wp:attachment":[{"href":"https:\/\/www.psib-psoe.org\/mallorca\/wp-json\/wp\/v2\/media?parent=28957"}],"wp:term":[{"taxonomy":"category","embeddable":true,"href":"https:\/\/www.psib-psoe.org\/mallorca\/wp-json\/wp\/v2\/categories?post=28957"},{"taxonomy":"post_tag","embeddable":true,"href":"https:\/\/www.psib-psoe.org\/mallorca\/wp-json\/wp\/v2\/tags?post=28957"}],"curies":[{"name":"wp","href":"https:\/\/api.w.org\/{rel}","templated":true}]}}