{"id":28970,"date":"2024-09-23T10:44:49","date_gmt":"2024-09-23T08:44:49","guid":{"rendered":"http:\/\/www.psib-psoe.org\/mallorca\/?p=28970"},"modified":"2024-10-14T11:39:43","modified_gmt":"2024-10-14T09:39:43","slug":"els-centres-de-salut-dalcudia-tenen-llista-despera-dun-mes-per-atendre-els-pacients-per-que-la-conselleria-no-substitueix-els-metges-que-causen-baixa-laboral","status":"publish","type":"post","link":"https:\/\/www.psib-psoe.org\/mallorca\/els-centres-de-salut-dalcudia-tenen-llista-despera-dun-mes-per-atendre-els-pacients-per-que-la-conselleria-no-substitueix-els-metges-que-causen-baixa-laboral\/","title":{"rendered":"Els centres de salut d\u2019Alc\u00fadia tenen llista d\u2019espera d\u2019un mes per atendre els pacients, per que la Conselleria no substitueix els metges que causen baixa laboral."},"content":{"rendered":"<div class=\"wpb-content-wrapper\">[vc_row][vc_column][vc_single_image image=&#8221;28971&#8243; img_size=&#8221;full&#8221; alignment=&#8221;center&#8221;][\/vc_column][\/vc_row][vc_row][vc_column][vc_column_text]<em><u>El Grup Socialista a Alc\u00fadia reclama a l\u2019Ajuntament i al Govern que posi remei a una situaci\u00f3 que afecta als dos centres sanitaris p\u00fablics d\u2019Alc\u00fadia, i que provoca les queixes dels usuaris que han d\u2019esperar un mes en rebre la primera cita per Atenci\u00f3 Prim\u00e0ria. \u201cNo podem tolerar aquest abandonament dels serveis p\u00fablics b\u00e0sics als quals te dret la poblaci\u00f3 d\u2019Alc\u00fadia, ha dit el regidor socialista, Joan Gaspar Vallori. \u00a0<\/u><\/em>[\/vc_column_text][\/vc_column][\/vc_row][vc_row][vc_column][vc_column_text]El Grup Socialista a l\u2019Ajuntament d\u2019Alc\u00fadia ha reclamat a l\u2019Ajuntament i a la Conselleria de Salut del Govern, que es posi soluci\u00f3 a la mancan\u00e7a de personal als centres de salut de la localitat. Els centres pateixen baixes de personal sanitari des de fa mesos, en concret es tracta de dos metges, sense que els responsables de Salut del Govern hagin col\u00b7locat personal de reempla\u00e7ament a les respectives places. El resultat ha estat la demora superior a un mes en la concessi\u00f3 de cites per Atenci\u00f3 Prim\u00e0ria. \u201cNo \u00e9s possible que els alcudiencs hagin d\u2019esperar un mes a veure el metge de cap\u00e7alera\u201d ha dit Vallori.<\/p>\n<p>Els Socialistes no entenen com \u00e9s possible que no s\u2019hagin enviat els substituts per als professionals que estan de baixa, i \u201cencara \u00e9s m\u00e9s incre\u00efble que en tot aquest temps cap responsable de l\u2019equip de govern municipal hagi tingut la iniciativa de demanar solucions\u201d.\u00a0 Per Vallori, aquesta minva en l\u2019atenci\u00f3 sanit\u00e0ria \u00e9s una nova demostraci\u00f3 del \u201cpoc respecte de PPVox pels serveis p\u00fablics dels alcudiencs\u201d.<\/p>\n<p>\u201cFa pocs dies hem llegit com Balears \u00e9s de les comunitats aut\u00f2nomes a on m\u00e9s assegurances privades sanit\u00e0ries es contracten, i creiem que la dreta de PPVox \u00e9s causant d\u2019aquesta tend\u00e8ncia, amb la sistem\u00e0tica degradaci\u00f3 dels serveis p\u00fablics, com es torna a demostrar un cop m\u00e9s amb aquesta mala gesti\u00f3 de personal a Alc\u00fadia\u201d, ha reblat Vallori.<\/p>\n[\/vc_column_text][\/vc_column][\/vc_row]\n<\/div>","protected":false},"excerpt":{"rendered":"<p>[vc_row][vc_column][vc_single_image image=&#8221;28971&#8243; img_size=&#8221;full&#8221; alignment=&#8221;center&#8221;][\/vc_column][\/vc_row][vc_row][vc_column][vc_column_text]El Grup Socialista a Alc\u00fadia reclama a l\u2019Ajuntament i al Govern que posi remei a una situaci\u00f3 que afecta als dos centres sanitaris p\u00fablics d\u2019Alc\u00fadia, i que provoca les queixes dels usuaris que han d\u2019esperar un mes en rebre la primera cita per Atenci\u00f3 Prim\u00e0ria. \u201cNo podem tolerar aquest abandonament dels serveis&hellip;<\/p>\n","protected":false},"author":3,"featured_media":28971,"comment_status":"closed","ping_status":"closed","sticky":false,"template":"","format":"standard","meta":{"footnotes":""},"categories":[2,1,90,92],"tags":[348,349,105,83,77,304,84],"class_list":["post-28970","post","type-post","status-publish","format-standard","has-post-thumbnail","hentry","category-federacio-de-mallorca","category-federacio-de-mallorca-portada","category-municipis","category-portada","tag-agrupacio-socialista-dalcudia","tag-barbara-rebassa","tag-catalina-cladera","tag-consell-de-mallorca","tag-federacio-socialista-de-mallorca","tag-joan-gaspar-vallori","tag-psib-psoe"],"_links":{"self":[{"href":"https:\/\/www.psib-psoe.org\/mallorca\/wp-json\/wp\/v2\/posts\/28970"}],"collection":[{"href":"https:\/\/www.psib-psoe.org\/mallorca\/wp-json\/wp\/v2\/posts"}],"about":[{"href":"https:\/\/www.psib-psoe.org\/mallorca\/wp-json\/wp\/v2\/types\/post"}],"author":[{"embeddable":true,"href":"https:\/\/www.psib-psoe.org\/mallorca\/wp-json\/wp\/v2\/users\/3"}],"replies":[{"embeddable":true,"href":"https:\/\/www.psib-psoe.org\/mallorca\/wp-json\/wp\/v2\/comments?post=28970"}],"version-history":[{"count":0,"href":"https:\/\/www.psib-psoe.org\/mallorca\/wp-json\/wp\/v2\/posts\/28970\/revisions"}],"wp:featuredmedia":[{"embeddable":true,"href":"https:\/\/www.psib-psoe.org\/mallorca\/wp-json\/wp\/v2\/media\/28971"}],"wp:attachment":[{"href":"https:\/\/www.psib-psoe.org\/mallorca\/wp-json\/wp\/v2\/media?parent=28970"}],"wp:term":[{"taxonomy":"category","embeddable":true,"href":"https:\/\/www.psib-psoe.org\/mallorca\/wp-json\/wp\/v2\/categories?post=28970"},{"taxonomy":"post_tag","embeddable":true,"href":"https:\/\/www.psib-psoe.org\/mallorca\/wp-json\/wp\/v2\/tags?post=28970"}],"curies":[{"name":"wp","href":"https:\/\/api.w.org\/{rel}","templated":true}]}}