{"id":28973,"date":"2024-09-23T15:29:18","date_gmt":"2024-09-23T13:29:18","guid":{"rendered":"http:\/\/www.psib-psoe.org\/mallorca\/?p=28973"},"modified":"2024-10-14T11:39:43","modified_gmt":"2024-10-14T09:39:43","slug":"el-grup-socialista-demana-a-limas-que-aclareixi-les-circumstancies-de-la-mort-dun-usuari-de-86-anys-a-una-residencia-privada-de-gent-gran-a-palma","status":"publish","type":"post","link":"https:\/\/www.psib-psoe.org\/mallorca\/el-grup-socialista-demana-a-limas-que-aclareixi-les-circumstancies-de-la-mort-dun-usuari-de-86-anys-a-una-residencia-privada-de-gent-gran-a-palma\/","title":{"rendered":"El Grup Socialista demana a l\u2019IMAS que aclareixi les circumst\u00e0ncies de la mort d\u2019un usuari de 86 anys a una resid\u00e8ncia privada de gent gran a Palma."},"content":{"rendered":"<div class=\"wpb-content-wrapper\">[vc_row][vc_column][vc_single_image image=&#8221;28699&#8243; img_size=&#8221;full&#8221; alignment=&#8221;center&#8221;][\/vc_column][\/vc_row][vc_row][vc_column][vc_column_text]<em><u>El Grup Socialista ha presentat una bateria de q\u00fcestions dirigides als responsables de l\u2019Institut Mallorqu\u00ed d\u2019Afers Socials, com a responsable les compet\u00e8ncies a Mallorca en mat\u00e8ria d\u2019inspecci\u00f3 i control de les resid\u00e8ncies de gent major. La resid\u00e8ncia a on van passar els fets ahir diumenge, Domus VI Palma, comptava amb diverses queixes sobre el servei prestat a residents, i durant la pand\u00e8mia del COVID 19 va ser un dels centres que va haver de ser intervingut i gestionat directament per la Conselleria de Salut a causa de l\u2019elevat nombre de contagis que va enregistrar. <\/u><\/em>[\/vc_column_text][\/vc_column][\/vc_row][vc_row][vc_column][vc_column_text]El Grup Socialista al Consell de Mallorca ha demanat a l\u2019IMAS que informi sobre les circumst\u00e0ncies que han envoltat la mort d\u2019un usuari de 86 anys a la resid\u00e8ncia Domus VI de Palma, produ\u00efda aquest cap de setmana. La consellera socialista, Sofia Alonso, requereix sobre l\u2019actuaci\u00f3 del Servei d\u2019Inspecci\u00f3 de Resid\u00e8ncies de l\u2019IMAS en relaci\u00f3 als fets, i tamb\u00e9 ha demanat l\u2019historial de visites a aquesta resid\u00e8ncia de gent gran de Palma.<\/p>\n<p>Alonso ha recordat que \u201cl\u2019ens competent per garantir el compliment de les normes a les resid\u00e8ncies p\u00fabliques i privades de Mallorca \u00e9s el Consell, a trav\u00e9s de l\u2019IMAS\u201d, i per tant \u201c\u00e9s l\u2019IMAS qui ha d\u2019aclarir els dubtes\u201d. La resid\u00e8ncia a on es va produir el luctu\u00f3s succ\u00e9s compta amb un historial de queixes de familiars d\u2019usuaris, que han estat elevades a l\u2019IMAS. \u201cEs tracta d\u2019una resid\u00e8ncia a on ja hi ha hagut casos en qu\u00e8 s\u2019ha requerit l\u2019actuaci\u00f3 de la inspecci\u00f3 de l\u2019IMAS a principis d\u2019enguany, i ens preocupa que ara aquest desgraciat fet d\u2019ara hagi tornat a passar en aquest centre\u201d.<\/p>\n<p>El centre Domus VI Palma fou una de les resid\u00e8ncies que va haver de ser intervinguda per la Conselleria de Salut, l\u2019abril de 2020 a causa de l\u2019elevat nombre de contagis per COVID 19 que es va produir en poc temps des de l\u2019inici de la propagaci\u00f3 de la pand\u00e8mia. \u201cEls residents de la resid\u00e8ncia i els seus familiars han de tenir garantida la qualitat assistencial ja sigui en un centre p\u00fablic o un de privat a Mallorca, i els responsables de vigilar el compliment de la legalitat i la qualitat del servei i l\u2019atenci\u00f3 \u00e9s l\u2019IMAS, i ara els demanem un cop m\u00e9s que verifiquin les circumst\u00e0ncies que han envoltat el succ\u00e9s\u201d.<\/p>\n<p>Sofia Alonso ha aprofitat per traslladar tot el condol i el respecte als familiars de la persona major morta aquest cap de setmana, en nom de tot el Grup Socialista.[\/vc_column_text][\/vc_column][\/vc_row]\n<\/div>","protected":false},"excerpt":{"rendered":"<p>[vc_row][vc_column][vc_single_image image=&#8221;28699&#8243; img_size=&#8221;full&#8221; alignment=&#8221;center&#8221;][\/vc_column][\/vc_row][vc_row][vc_column][vc_column_text]El Grup Socialista ha presentat una bateria de q\u00fcestions dirigides als responsables de l\u2019Institut Mallorqu\u00ed d\u2019Afers Socials, com a responsable les compet\u00e8ncies a Mallorca en mat\u00e8ria d\u2019inspecci\u00f3 i control de les resid\u00e8ncies de gent major. La resid\u00e8ncia a on van passar els fets ahir diumenge, Domus VI Palma, comptava amb diverses queixes&hellip;<\/p>\n","protected":false},"author":3,"featured_media":28699,"comment_status":"closed","ping_status":"closed","sticky":false,"template":"","format":"standard","meta":{"footnotes":""},"categories":[2,1,90,92],"tags":[105,83,77,84,296],"class_list":["post-28973","post","type-post","status-publish","format-standard","has-post-thumbnail","hentry","category-federacio-de-mallorca","category-federacio-de-mallorca-portada","category-municipis","category-portada","tag-catalina-cladera","tag-consell-de-mallorca","tag-federacio-socialista-de-mallorca","tag-psib-psoe","tag-sofia-alonso"],"_links":{"self":[{"href":"https:\/\/www.psib-psoe.org\/mallorca\/wp-json\/wp\/v2\/posts\/28973"}],"collection":[{"href":"https:\/\/www.psib-psoe.org\/mallorca\/wp-json\/wp\/v2\/posts"}],"about":[{"href":"https:\/\/www.psib-psoe.org\/mallorca\/wp-json\/wp\/v2\/types\/post"}],"author":[{"embeddable":true,"href":"https:\/\/www.psib-psoe.org\/mallorca\/wp-json\/wp\/v2\/users\/3"}],"replies":[{"embeddable":true,"href":"https:\/\/www.psib-psoe.org\/mallorca\/wp-json\/wp\/v2\/comments?post=28973"}],"version-history":[{"count":0,"href":"https:\/\/www.psib-psoe.org\/mallorca\/wp-json\/wp\/v2\/posts\/28973\/revisions"}],"wp:featuredmedia":[{"embeddable":true,"href":"https:\/\/www.psib-psoe.org\/mallorca\/wp-json\/wp\/v2\/media\/28699"}],"wp:attachment":[{"href":"https:\/\/www.psib-psoe.org\/mallorca\/wp-json\/wp\/v2\/media?parent=28973"}],"wp:term":[{"taxonomy":"category","embeddable":true,"href":"https:\/\/www.psib-psoe.org\/mallorca\/wp-json\/wp\/v2\/categories?post=28973"},{"taxonomy":"post_tag","embeddable":true,"href":"https:\/\/www.psib-psoe.org\/mallorca\/wp-json\/wp\/v2\/tags?post=28973"}],"curies":[{"name":"wp","href":"https:\/\/api.w.org\/{rel}","templated":true}]}}