{"id":28993,"date":"2024-09-26T17:25:57","date_gmt":"2024-09-26T15:25:57","guid":{"rendered":"http:\/\/www.psib-psoe.org\/mallorca\/?p=28993"},"modified":"2024-10-14T11:39:42","modified_gmt":"2024-10-14T09:39:42","slug":"ppvox-es-nega-a-fer-una-planificacio-territorial-racional-pels-parcs-fotovoltaics-a-mallorca","status":"publish","type":"post","link":"https:\/\/www.psib-psoe.org\/mallorca\/ppvox-es-nega-a-fer-una-planificacio-territorial-racional-pels-parcs-fotovoltaics-a-mallorca\/","title":{"rendered":"PPVox es nega a fer una planificaci\u00f3 territorial racional pels parcs fotovoltaics a Mallorca."},"content":{"rendered":"<div class=\"wpb-content-wrapper\">[vc_row][vc_column][vc_single_image image=&#8221;28874&#8243; img_size=&#8221;full&#8221; alignment=&#8221;center&#8221;][\/vc_column][\/vc_row][vc_row][vc_column][vc_column_text]<em><u>Els vots de PPVox al Parlament impedeixen que prosperi una esmena socialista al Decret Llei \u00d2mnibus del Govern que atorgava als Consells la potestat de zonificar la instal\u00b7laci\u00f3 de parcs fotovoltaics dins de les Zones de Desenvolupament Prioritari, en decisi\u00f3 vinculant per a qualsevol parc. Aquest divendres la Comissi\u00f3 d\u2019Ordenaci\u00f3 del Territori i Urbanisme se reuneix amb set projectes de parcs fotovoltaics a l\u2019ordre del dia. La portaveu socialista al Consell, Catalina Cladera lamenta \u201cl\u2019obstruccionisme d\u2019un any de govern PPVox, que no vol concretar com i a on es poden implantar aquests parcs, per no adoptar les solucions que proposem els socialistes\u201d. \u00a0<\/u><\/em>[\/vc_column_text][\/vc_column][\/vc_row][vc_row][vc_column][vc_column_text]PPVox insisteix en deixar desregulats al m\u00e0xim possible els projectes d\u2019implantaci\u00f3 de nous parcs fotovoltaics per a la producci\u00f3 d\u2019energia solar. Davant la realitat social de la creixent alarma ciutadana per l\u2019anunci de nous projectes que proliferen, els Socialistes de Mallorca han intentat, de manera infructuosa fins al moment, que es perfeccioni la legislaci\u00f3 vigent en aquesta mat\u00e8ria, inclosa dins de la Llei de Canvi Clim\u00e0tic i que hauria de desenvolupar pel Consell de Mallorca a partir de la inclusi\u00f3 de nous articles dins del Pla Territorial de l\u2019Illa (PTI).<\/p>\n<p>El darrer cap\u00edtol d\u2019aquesta manca de voluntat reguladora per part del PP, amb el suport de Vox, s\u2019ha produ\u00eft aquest dimecres al Parlament, en la pon\u00e8ncia d\u2019estudi d\u2019esmenes al tr\u00e0mit de convalidaci\u00f3 del Decret llei de simplificaci\u00f3 administrativa que ha presentat el Govern. La majoria d\u2019ultradreta de la cambra ha rebutjat una esmena del PSIB que pretenia clarificar les \u00e0rees d\u2019implantaci\u00f3 dels parcs fotovoltaics dins les zones denominades de desenvolupament prioritari, que els consells podran definir d\u2019acord amb els ajuntaments.<\/p>\n<p>\u201cEs tractava un cop m\u00e9s de posar llum i definir clarament els paratges a on es poden fer parcs fotovoltaics, a unes zones convenients, per resultar sols de poc inter\u00e8s agrari, o simplement degradats, que no generen impacte visual ni incid\u00e8ncia als ciutadans\u201d, ha dit Catalina Cladera. En la pr\u00e0ctica es pretenia que els Consells insulars, a trav\u00e9s dels seus plans territorials, tinguessin la potestat de definir primer les Zones de Desenvolupament Prioritari de manera consensuada, i que dins d\u2019aquestes zones i nom\u00e9s en aquestes, es pogu\u00e9s admetre qualsevol projecte de parc fotovoltaic, en decisi\u00f3 vinculant.<\/p>\n<p>\u201cDes de finals de la passada legislatura el Consell te enllestida una modificaci\u00f3 del Pla Territorial, en la qual hi vam treballar intensament, precisament per regular les instal\u00b7lacions fotovoltaiques, per\u00f2 l\u2019actual equip de govern de Galm\u00e9s \u00a0prefereix mirar cap a una altra banda\u201d, ha afirmat Cladera. Ara, la no acceptaci\u00f3 de l\u2019esmena al Parlament suposa un nou exemple de la voluntat de PPVox de mantenir el sector de les fotovoltaiques amb una regulaci\u00f3 m\u00ednima, que pugui fer possible en la realitat qualsevol dels projectes que es presenten.<\/p>\n<p>La nova mostra d\u2019aquesta laxitud en la normativa que regula el sector el tornem a trobar en la sessi\u00f3 de la CIOTU que se celebra aquest divendres, i en la que hi van 7 projectes per a sengles instal\u00b7lacions d\u2019energia solar. Es tracta de projectes ubicats a Alc\u00fadia, dos a Palma, a Sencelles, a Santa Maria, a Muro i a Marratx\u00ed.<\/p>\n<p>\u201c\u00c9s cert que hem comen\u00e7at a trobar informes t\u00e8cnics desfavorables a alguns dels projectes que es presenten a la CIOTU, i aix\u00f2 \u00e9s positiu per que demostra que es valoren criteris ambientals, paisatg\u00edstics o socials per decidir la idone\u00eftat o no d\u2019un projecte\u201d, ha dit Cladera. Malgrat tot \u201camb aix\u00f2 no n\u2019hi ha prou, per que al final all\u00f2 que pesa m\u00e9s en el moment d\u2019autoritzar un projecte \u00e9s que s\u2019ajusti a la normativa vigent i que el Consell disposi de les eines legals per decidir\u201d.<\/p>\n<p>Un dels informes negatius \u00e9s precisament per al projecte de Sencelles, que ha aixecat polseguera al municipi per que es precisa arrabassar tota una zona boscosa del municipi per a la seva implantaci\u00f3. \u201cSi dispos\u00e9ssim d\u2019un PTI 4 aprovat i l\u2019esmena amb l\u2019obligaci\u00f3 de fer els parcs fotovoltaics dins de les zones de desenvolupament prioritari, ajuntaments i consells tindrien eines clares per denegar o autoritzar la instal\u00b7laci\u00f3 dels parcs amb els seus informes vinculants\u201d.<\/p>\n<!--[if lt IE 9]><script>document.createElement('audio');<\/script><![endif]-->\n<audio class=\"wp-audio-shortcode\" id=\"audio-28993-1\" preload=\"none\" style=\"width: 100%;\" controls=\"controls\"><source type=\"audio\/mpeg\" src=\"http:\/\/www.psib-psoe.org\/mallorca\/wp-content\/uploads\/Cladera-esmena-Parcs-fotovoltaics-260924-online-audio-converter.com_.mp3?_=1\" \/><a href=\"http:\/\/www.psib-psoe.org\/mallorca\/wp-content\/uploads\/Cladera-esmena-Parcs-fotovoltaics-260924-online-audio-converter.com_.mp3\">http:\/\/www.psib-psoe.org\/mallorca\/wp-content\/uploads\/Cladera-esmena-Parcs-fotovoltaics-260924-online-audio-converter.com_.mp3<\/a><\/audio>\n[\/vc_column_text][\/vc_column][\/vc_row]\n<\/div>","protected":false},"excerpt":{"rendered":"<p>[vc_row][vc_column][vc_single_image image=&#8221;28874&#8243; img_size=&#8221;full&#8221; alignment=&#8221;center&#8221;][\/vc_column][\/vc_row][vc_row][vc_column][vc_column_text]Els vots de PPVox al Parlament impedeixen que prosperi una esmena socialista al Decret Llei \u00d2mnibus del Govern que atorgava als Consells la potestat de zonificar la instal\u00b7laci\u00f3 de parcs fotovoltaics dins de les Zones de Desenvolupament Prioritari, en decisi\u00f3 vinculant per a qualsevol parc. Aquest divendres la Comissi\u00f3 d\u2019Ordenaci\u00f3 del Territori&hellip;<\/p>\n","protected":false},"author":3,"featured_media":28874,"comment_status":"closed","ping_status":"closed","sticky":false,"template":"","format":"standard","meta":{"footnotes":""},"categories":[89,2,1,90,92],"tags":[105,77,226,104,84],"class_list":["post-28993","post","type-post","status-publish","format-standard","has-post-thumbnail","hentry","category-consell-de-mallorca","category-federacio-de-mallorca","category-federacio-de-mallorca-portada","category-municipis","category-portada","tag-catalina-cladera","tag-federacio-socialista-de-mallorca","tag-javier-de-juan","tag-mercedes-garrido","tag-psib-psoe"],"_links":{"self":[{"href":"https:\/\/www.psib-psoe.org\/mallorca\/wp-json\/wp\/v2\/posts\/28993"}],"collection":[{"href":"https:\/\/www.psib-psoe.org\/mallorca\/wp-json\/wp\/v2\/posts"}],"about":[{"href":"https:\/\/www.psib-psoe.org\/mallorca\/wp-json\/wp\/v2\/types\/post"}],"author":[{"embeddable":true,"href":"https:\/\/www.psib-psoe.org\/mallorca\/wp-json\/wp\/v2\/users\/3"}],"replies":[{"embeddable":true,"href":"https:\/\/www.psib-psoe.org\/mallorca\/wp-json\/wp\/v2\/comments?post=28993"}],"version-history":[{"count":0,"href":"https:\/\/www.psib-psoe.org\/mallorca\/wp-json\/wp\/v2\/posts\/28993\/revisions"}],"wp:featuredmedia":[{"embeddable":true,"href":"https:\/\/www.psib-psoe.org\/mallorca\/wp-json\/wp\/v2\/media\/28874"}],"wp:attachment":[{"href":"https:\/\/www.psib-psoe.org\/mallorca\/wp-json\/wp\/v2\/media?parent=28993"}],"wp:term":[{"taxonomy":"category","embeddable":true,"href":"https:\/\/www.psib-psoe.org\/mallorca\/wp-json\/wp\/v2\/categories?post=28993"},{"taxonomy":"post_tag","embeddable":true,"href":"https:\/\/www.psib-psoe.org\/mallorca\/wp-json\/wp\/v2\/tags?post=28993"}],"curies":[{"name":"wp","href":"https:\/\/api.w.org\/{rel}","templated":true}]}}