{"id":29031,"date":"2024-10-04T14:15:59","date_gmt":"2024-10-04T12:15:59","guid":{"rendered":"http:\/\/www.psib-psoe.org\/mallorca\/?p=29031"},"modified":"2024-10-14T11:39:42","modified_gmt":"2024-10-14T09:39:42","slug":"els-socialistes-insten-al-consell-de-mallorca-a-lobertura-de-la-residencia-de-gent-gran-miquel-mir-dinca-amb-caracter-imminent","status":"publish","type":"post","link":"https:\/\/www.psib-psoe.org\/mallorca\/els-socialistes-insten-al-consell-de-mallorca-a-lobertura-de-la-residencia-de-gent-gran-miquel-mir-dinca-amb-caracter-imminent\/","title":{"rendered":"Els Socialistes insten al Consell de Mallorca a l\u2019obertura de la resid\u00e8ncia de gent gran Miquel Mir d\u2019Inca amb car\u00e0cter imminent"},"content":{"rendered":"<div class=\"wpb-content-wrapper\">[vc_row][vc_column][vc_single_image image=&#8221;29034&#8243; img_size=&#8221;full&#8221; alignment=&#8221;center&#8221;][\/vc_column][\/vc_row][vc_row][vc_column][vc_raw_html]JTNDaWZyYW1lJTIwc3JjJTNEJTIyaHR0cHMlM0ElMkYlMkZ3d3cuaXZvb3guY29tJTJGcGxheWVyX2VqXzEzNDQ5NDI5Ml82XzEuaHRtbCUzRmMxJTNEZTQwNDIyJTIyJTIwd2lkdGglM0QlMjIxMDAlMjUlMjIlMjBoZWlnaHQlM0QlMjIyMDAlMjIlMjBmcmFtZWJvcmRlciUzRCUyMjAlMjIlMjBhbGxvd2Z1bGxzY3JlZW4lM0QlMjIlMjIlMjBzY3JvbGxpbmclM0QlMjJubyUyMiUyMGxvYWRpbmclM0QlMjJsYXp5JTIyJTNFJTNDJTJGaWZyYW1lJTNF[\/vc_raw_html][\/vc_column][\/vc_row][vc_row][vc_column][vc_column_text]<em><u><i><span lang=\"CA\">La Resid\u00e8ncia Miquel Mir d\u2019Inca porta prop d\u2019una any amb la reforma acabada i el final d\u2019obra concedit. El personal necessari per al seu funcionament tamb\u00e9 est\u00e0 contractat, per\u00f2 l\u2019IMAS no ha fet les passes necess\u00e0ries en tot aquest temps per obrir les seves portes i oferir les seves places a la gent gran del Raiguer, per alleugerir el nombre creixent de persones majors que estan a les llistes d\u2019espera per a una pla\u00e7a residencial. Una moci\u00f3 del Grup Socialista al Consell per al ple de dijous que ve tracta de consensuar el procediment d\u2019obertura per que la Miquel Mir allotgi els primers usuaris dins del primer trimestre de 2025<\/span><\/i><\/u><\/em>[\/vc_column_text][\/vc_column][\/vc_row][vc_row][vc_column][vc_column_text]\n<p style=\"font-weight: 400;\">L\u2019actuaci\u00f3 poc diligent de l\u2019IMAS amb la resid\u00e8ncia Miquel Mir d\u2019Inca ha provocat que s\u2019hagi retardat en prop d\u2019un any l\u2019obertura d\u2019aquest centre residencial per a la gent gran del Raiguer. El centre est\u00e0 acabat i amb el final d\u2019obra concedit des de finals de 2023. Una moci\u00f3 del Grup Socialista al pr\u00f2xim ple del Consell de Mallorca torna a posar damunt de la taula la necessitat d\u2019obrir la Miquel Mir. \u201cVolem veure el comprom\u00eds de l\u2019equip de Govern per qu\u00e8 com m\u00e9s aviat millor el centre residencial i de dia Miquel Mir es posi en funcionament\u201d, ha afirmat la consellera socialista Sofia Alonso. La moci\u00f3 socialista planteja que l\u2019IMAS es comprometi a tenir la Miquel Mir en marxa dins del primer trimestre de 2025, i que el centre estigui a ple rendiment just dos mesos despr\u00e9s.<\/p>\n<p style=\"font-weight: 400;\">La moci\u00f3 posa l\u2019accent en completar la redacci\u00f3, elaboraci\u00f3 i aprovaci\u00f3 de la Relaci\u00f3 de Llocs de Feina (RLLT) per tenir totes les places laborals a punt, per completar la plantilla existent, transferits en el conveni de trasp\u00e0s de l\u2019any 2018.<\/p>\n<p style=\"font-weight: 400;\">Tamb\u00e9 \u00e9s necessari que s\u2019elaborin i licitin tots els contractes de subministraments i serveis que calguin perqu\u00e8 el centre pugui funcionar amb els par\u00e0metres de qualitat i bon servei. \u201cSabem que s\u2019han iniciat algunes licitacions, per\u00f2 s\u2019han de programar la contractaci\u00f3 de la resta, perqu\u00e8 no tenir serveis o subministraments no retardi encara m\u00e9s l\u2019obertura del centre\u201d, ha dit Alonso.<\/p>\n<p style=\"font-weight: 400;\">La consellera socialista ha insistit en que s\u2019ha de planificar l\u2019obertura del centre i l\u2019ingr\u00e9s de les persones que han de gaudir del servei residencial i del centre de dia, atesa la gran llista d\u2019espera que hi ha tant per places residencials, com places d\u2019estada di\u00fcrna i del Servei d\u2019Atenci\u00f3 Integral a Domicili (SAID), amb m\u00e9s demanda d\u2019en\u00e7\u00e0 el canvi de legislatura. La moci\u00f3 fa refer\u00e8ncia a la necessitat de millorar la qualitat i l&#8217;atenci\u00f3 a les persones en situaci\u00f3 de depend\u00e8ncia a trav\u00e9s d&#8217;una gesti\u00f3 eficient i coordinada entre administracions, centrant-se a garantir que els serveis siguin de proximitat. I amb aquest objectiu, s\u2019insta al Govern a seguir apostant per incrementar la formaci\u00f3 de professionals de l&#8217;\u00e0mbit sociosanitari, i no deixar perdre els recursos provinents de l&#8217;Estat i dels Fons Europeus per a incrementar l\u2019oferta de la Formaci\u00f3 Professional P\u00fablica.<\/p>\n[\/vc_column_text][\/vc_column][\/vc_row]\n<\/div>","protected":false},"excerpt":{"rendered":"<p>[vc_row][vc_column][vc_single_image image=&#8221;29034&#8243; img_size=&#8221;full&#8221; alignment=&#8221;center&#8221;][\/vc_column][\/vc_row][vc_row][vc_column][vc_raw_html]JTNDaWZyYW1lJTIwc3JjJTNEJTIyaHR0cHMlM0ElMkYlMkZ3d3cuaXZvb3guY29tJTJGcGxheWVyX2VqXzEzNDQ5NDI5Ml82XzEuaHRtbCUzRmMxJTNEZTQwNDIyJTIyJTIwd2lkdGglM0QlMjIxMDAlMjUlMjIlMjBoZWlnaHQlM0QlMjIyMDAlMjIlMjBmcmFtZWJvcmRlciUzRCUyMjAlMjIlMjBhbGxvd2Z1bGxzY3JlZW4lM0QlMjIlMjIlMjBzY3JvbGxpbmclM0QlMjJubyUyMiUyMGxvYWRpbmclM0QlMjJsYXp5JTIyJTNFJTNDJTJGaWZyYW1lJTNF[\/vc_raw_html][\/vc_column][\/vc_row][vc_row][vc_column][vc_column_text]La Resid\u00e8ncia Miquel Mir d\u2019Inca porta prop d\u2019una any amb la reforma acabada i el final d\u2019obra concedit. El personal necessari per al seu funcionament tamb\u00e9 est\u00e0 contractat, per\u00f2 l\u2019IMAS no ha fet les passes necess\u00e0ries en tot aquest temps per obrir les seves portes i oferir les seves places a la&hellip;<\/p>\n","protected":false},"author":6,"featured_media":29034,"comment_status":"closed","ping_status":"closed","sticky":false,"template":"","format":"standard","meta":{"footnotes":""},"categories":[89,92],"tags":[83,246,84,296],"class_list":["post-29031","post","type-post","status-publish","format-standard","has-post-thumbnail","hentry","category-consell-de-mallorca","category-portada","tag-consell-de-mallorca","tag-inca","tag-psib-psoe","tag-sofia-alonso"],"_links":{"self":[{"href":"https:\/\/www.psib-psoe.org\/mallorca\/wp-json\/wp\/v2\/posts\/29031"}],"collection":[{"href":"https:\/\/www.psib-psoe.org\/mallorca\/wp-json\/wp\/v2\/posts"}],"about":[{"href":"https:\/\/www.psib-psoe.org\/mallorca\/wp-json\/wp\/v2\/types\/post"}],"author":[{"embeddable":true,"href":"https:\/\/www.psib-psoe.org\/mallorca\/wp-json\/wp\/v2\/users\/6"}],"replies":[{"embeddable":true,"href":"https:\/\/www.psib-psoe.org\/mallorca\/wp-json\/wp\/v2\/comments?post=29031"}],"version-history":[{"count":0,"href":"https:\/\/www.psib-psoe.org\/mallorca\/wp-json\/wp\/v2\/posts\/29031\/revisions"}],"wp:featuredmedia":[{"embeddable":true,"href":"https:\/\/www.psib-psoe.org\/mallorca\/wp-json\/wp\/v2\/media\/29034"}],"wp:attachment":[{"href":"https:\/\/www.psib-psoe.org\/mallorca\/wp-json\/wp\/v2\/media?parent=29031"}],"wp:term":[{"taxonomy":"category","embeddable":true,"href":"https:\/\/www.psib-psoe.org\/mallorca\/wp-json\/wp\/v2\/categories?post=29031"},{"taxonomy":"post_tag","embeddable":true,"href":"https:\/\/www.psib-psoe.org\/mallorca\/wp-json\/wp\/v2\/tags?post=29031"}],"curies":[{"name":"wp","href":"https:\/\/api.w.org\/{rel}","templated":true}]}}