{"id":29112,"date":"2024-10-24T13:15:59","date_gmt":"2024-10-24T11:15:59","guid":{"rendered":"https:\/\/www.psib-psoe.org\/mallorca\/?p=29112"},"modified":"2024-10-24T13:34:13","modified_gmt":"2024-10-24T11:34:13","slug":"cladera-volem-valentia-i-compromis-un-pla-i-un-calendari-daplicacio-de-mesures-per-una-mobilitat-sostenible-a-mallorca","status":"publish","type":"post","link":"https:\/\/www.psib-psoe.org\/mallorca\/cladera-volem-valentia-i-compromis-un-pla-i-un-calendari-daplicacio-de-mesures-per-una-mobilitat-sostenible-a-mallorca\/","title":{"rendered":"Cladera: \u201cVolem valentia i comprom\u00eds, un pla i un calendari d\u2019aplicaci\u00f3 de mesures per una mobilitat sostenible a Mallorca&#8221;"},"content":{"rendered":"<div class=\"wpb-content-wrapper\">[vc_row][vc_column][vc_single_image image=&#8221;29113&#8243; img_size=&#8221;full&#8221; alignment=&#8221;center&#8221;][\/vc_column][\/vc_row][vc_row][vc_column][vc_column_text]<em><u>La portaveu del Grup Socialista al Consell de Mallorca ha valorat positivament les primeres conclusions extretes de l\u2019Informe de c\u00e0rrega de la xarxa vi\u00e0ria de Mallorca, per\u00f2 demana que les mesures que es proposen a l\u2019estudi es puguin aplicar i que no siguin \u201ccortines de fum\u201d. Cladera apunta que gran part de les mesures que aconsella l\u2019Informe \u201cja es feien durant els governs socialistes\u201d, per\u00f2 exigeix al Consell que \u201cels passi de l\u2019estudi a un pla, un calendari amb un comprom\u00eds d\u2019aplicaci\u00f3 concret, per saber el com i el quan\u201d es posaran en marxa les mesures anunciades com les limitacions d\u2019entrada de vehicles a no residents o el topall als vehicles de lloguer que circulen per Mallorca. <\/u><\/em>[\/vc_column_text][\/vc_column][\/vc_row][vc_row][vc_column][vc_column_text]\n<div class=\"wpb_column columns small-12 medium-6 thb-dark-column\">\n<div class=\"vc_column-inner \">\n<div class=\"wpb_wrapper\">\n<div class=\"wpb_text_column wpb_content_element \">\n<div class=\"wpb_wrapper\">\n<p>La portaveu del Grup Socialista al Consell, Catalina Cladera, ha palesat que l\u2019Informe de c\u00e0rrega de les carreteres de Mallorca serveix per confirmar que la xarxa vi\u00e0ria est\u00e0 saturada, i xifra els vehicles sobrants en una forquilla entre els 90.000 i els 120.000. \u201cLa primera conclusi\u00f3 de l\u2019estudi \u00e9s que hem de reduir l\u2019\u00fas del vehicle privat i \u00e9s positiu que el sr. Galm\u00e9s ho assumeixi i vulgui adoptar mesures en aquest sentit\u201d.<\/p>\n<p>La portaveu socialista ha posat de manifest que l\u2019estudi encarregat pel Consell de Mallorca planteja mesures de mobilitat sostenible que ja han executat els socialistes durant la passada legislatura, com s\u00f3n la gratu\u00eftat del transport p\u00fablic, els aparcaments dissuasius vinculats al tren i a l\u2019autob\u00fas, els vials c\u00edvics, el Pla de Rutes ciclistes, carrils prioritaris per al transport col\u00b7lectiu com el BUS VAO (\u201ccontra el que ha fet tanta batalla pol\u00edtica el sr. Galm\u00e9s\u201d, ha recordat Cladera), la limitaci\u00f3 d\u2019acc\u00e9s provisional a zones amb alta densitat (com les restriccions de pas a Formentor), o l\u2019ampliaci\u00f3 de la xarxa ferrovi\u00e0ria (\u201ctot i que el PP atura el projecte del tren de Llevant i el del tramvia de Palma\u201d).<\/p>\n<p>Per tot aix\u00f2 Cladera ha donat \u201cla benvinguda a Galm\u00e9s, 16 mesos despr\u00e9s de prendre possessi\u00f3, a les pol\u00edtiques de mobilitat sostenible que hem defensat i defensem els socialistes\u201d. Mesures que el Grup Socialista ha defensat en diverses mocions al ple del Consell durant aquesta mateixa legislatura i que el PP ha tombat en tots els casos.<\/p>\n<p>No obstant aix\u00f2, Cladera ha fet notar algunes q\u00fcestions que l\u2019Informe de c\u00e0rrega no aborda, i que suposen conceptes rellevants en el cam\u00ed cap a una mobilitat m\u00e9s sostenible a Mallorca, com resoldre els embossos als accessos a Palma, o que s\u2019insisteixi en proposar solucions que incrementen sempre el flux de tr\u00e0nsit com les rondes de circumval\u00b7laci\u00f3 (Campos, Can Picafort, Manacor) o mesures que encara atreuen m\u00e9s vehicles a la Serra Tramuntana i que la saturaran m\u00e9s.<\/p>\n<p>\u201cL\u2019estudi no planteja prou alternatives de mobilitat sostenible per reduir l\u2019\u00fas del cotxe privat, ni restriccions significatives; no promou les zones de baixes emissions ni menciona els Objectius de Desenvolupament Sostenible de l\u2019Agenda 2030, se suposa que per \u201cacontentar als seus socis de VOX que hi estan en contra\u201d.<\/p>\n<p>Cladera reclama Galm\u00e9s \u201cmesures valentes, m\u00e9s ambici\u00f3 i comprom\u00eds\u201d: \u201cno volem que digui una cosa i en faci una altra\u201d, posant per exemple l\u2019anunci de limitaci\u00f3 de places tur\u00edstiques que va fer el president del Consell de Mallorca, sense que despr\u00e9s s\u2019hagi adoptat ni una sola mesura per assolir el seu compliment. \u00c9s per aix\u00f2 que Cladera ha exigit que el Consell \u201cpassi de l\u2019estudi a un pla, amb comprom\u00eds i valentia, per saber quan i a on es comencen a adoptar les mesures anunciades\u201d.<\/p>\n<p>Cladera ha assenyalat la paradoxa que suposa que mentre que l\u2019Estudi de c\u00e0rrega aconsella incrementar el nombre de carrils segregats per afavorir la circulaci\u00f3 del transport p\u00fablic, el Consell de Galm\u00e9s mantingui un litigi amb la DGT per for\u00e7ar a la retirada del carril de la Ma-19. Per aix\u00f2 \u201cli demanarem a Galm\u00e9s que el Consell retiri el contenci\u00f3s que ha presentat contra la DGT per mantenir el carril BUS VAO de l\u2019Autopista de Llucmajor\u201d. Per que no \u00e9s massa coherent mantenir un plet amb la DGT per llevar l\u2019\u00fanic carril d\u2019aquestes caracter\u00edstiques.<\/p>\n<p>Cladera tamb\u00e9 ha assenyalat que la millor manera d\u2019aplicar mesures de mobilitat sostenible a Mallorca \u00e9s que el Consell assumeixi d\u2019una vegada les compet\u00e8ncies en mat\u00e8ria de transport de passatgers, i per aix\u00f2 ha instat a \u201creclamar-les\u201d. \u201cSi el PP va en aquesta direcci\u00f3, de bon de veres i sense cortines de fum, en favor de la mobilitat sostenible, ens hi trobar\u00e0 en el cam\u00ed perqu\u00e8 fa estona que hi som i l\u2019estem esperant\u201d, ha dit Cladera. \u201cS\u2019han acabat les excuses, s\u2019han de prendre mesures valentes envers la mobilitat sostenible i la saturaci\u00f3 de vehicles\u201d.<\/p>\n<!--[if lt IE 9]><script>document.createElement('audio');<\/script><![endif]-->\n<audio class=\"wp-audio-shortcode\" id=\"audio-29112-1\" preload=\"none\" style=\"width: 100%;\" controls=\"controls\"><source type=\"audio\/mpeg\" src=\"http:\/\/www.psib-psoe.org\/mallorca\/wp-content\/uploads\/241024_CATALINA-CLADERA-RDP-ESTUDI-DE-CARREGA.mp3?_=1\" \/><a href=\"http:\/\/www.psib-psoe.org\/mallorca\/wp-content\/uploads\/241024_CATALINA-CLADERA-RDP-ESTUDI-DE-CARREGA.mp3\">http:\/\/www.psib-psoe.org\/mallorca\/wp-content\/uploads\/241024_CATALINA-CLADERA-RDP-ESTUDI-DE-CARREGA.mp3<\/a><\/audio>\n<\/div>\n<\/div>\n<\/div>\n<\/div>\n<\/div>\n[\/vc_column_text][\/vc_column][\/vc_row]\n<\/div>","protected":false},"excerpt":{"rendered":"<p>[vc_row][vc_column][vc_single_image image=&#8221;29113&#8243; img_size=&#8221;full&#8221; alignment=&#8221;center&#8221;][\/vc_column][\/vc_row][vc_row][vc_column][vc_column_text]La portaveu del Grup Socialista al Consell de Mallorca ha valorat positivament les primeres conclusions extretes de l\u2019Informe de c\u00e0rrega de la xarxa vi\u00e0ria de Mallorca, per\u00f2 demana que les mesures que es proposen a l\u2019estudi es puguin aplicar i que no siguin \u201ccortines de fum\u201d. Cladera apunta que gran part de&hellip;<\/p>\n","protected":false},"author":3,"featured_media":29114,"comment_status":"closed","ping_status":"closed","sticky":false,"template":"","format":"standard","meta":{"footnotes":""},"categories":[2,1,90,92],"tags":[105,226,84,79],"class_list":["post-29112","post","type-post","status-publish","format-standard","has-post-thumbnail","hentry","category-federacio-de-mallorca","category-federacio-de-mallorca-portada","category-municipis","category-portada","tag-catalina-cladera","tag-javier-de-juan","tag-psib-psoe","tag-socialistes-de-mallorca"],"_links":{"self":[{"href":"https:\/\/www.psib-psoe.org\/mallorca\/wp-json\/wp\/v2\/posts\/29112"}],"collection":[{"href":"https:\/\/www.psib-psoe.org\/mallorca\/wp-json\/wp\/v2\/posts"}],"about":[{"href":"https:\/\/www.psib-psoe.org\/mallorca\/wp-json\/wp\/v2\/types\/post"}],"author":[{"embeddable":true,"href":"https:\/\/www.psib-psoe.org\/mallorca\/wp-json\/wp\/v2\/users\/3"}],"replies":[{"embeddable":true,"href":"https:\/\/www.psib-psoe.org\/mallorca\/wp-json\/wp\/v2\/comments?post=29112"}],"version-history":[{"count":4,"href":"https:\/\/www.psib-psoe.org\/mallorca\/wp-json\/wp\/v2\/posts\/29112\/revisions"}],"predecessor-version":[{"id":29120,"href":"https:\/\/www.psib-psoe.org\/mallorca\/wp-json\/wp\/v2\/posts\/29112\/revisions\/29120"}],"wp:featuredmedia":[{"embeddable":true,"href":"https:\/\/www.psib-psoe.org\/mallorca\/wp-json\/wp\/v2\/media\/29114"}],"wp:attachment":[{"href":"https:\/\/www.psib-psoe.org\/mallorca\/wp-json\/wp\/v2\/media?parent=29112"}],"wp:term":[{"taxonomy":"category","embeddable":true,"href":"https:\/\/www.psib-psoe.org\/mallorca\/wp-json\/wp\/v2\/categories?post=29112"},{"taxonomy":"post_tag","embeddable":true,"href":"https:\/\/www.psib-psoe.org\/mallorca\/wp-json\/wp\/v2\/tags?post=29112"}],"curies":[{"name":"wp","href":"https:\/\/api.w.org\/{rel}","templated":true}]}}