{"id":29159,"date":"2024-10-29T14:48:47","date_gmt":"2024-10-29T12:48:47","guid":{"rendered":"https:\/\/www.psib-psoe.org\/mallorca\/?p=29159"},"modified":"2024-10-29T14:48:49","modified_gmt":"2024-10-29T12:48:49","slug":"el-consell-de-mallorca-i-lajuntament-de-soller-demoren-injustificadament-lobertura-al-public-de-la-torre-picada","status":"publish","type":"post","link":"https:\/\/www.psib-psoe.org\/mallorca\/el-consell-de-mallorca-i-lajuntament-de-soller-demoren-injustificadament-lobertura-al-public-de-la-torre-picada\/","title":{"rendered":"El Consell de Mallorca i l\u2019Ajuntament de S\u00f3ller demoren injustificadament l\u2019obertura al p\u00fablic de la Torre Picada"},"content":{"rendered":"<div class=\"wpb-content-wrapper\">\n<figure class=\"wp-block-image size-large\"><img loading=\"lazy\" decoding=\"async\" width=\"1024\" height=\"768\" src=\"http:\/\/www.psib-psoe.org\/mallorca\/wp-content\/uploads\/Torre-Picada-1-1024x768.jpeg\" alt=\"\" class=\"wp-image-28501\" srcset=\"https:\/\/www.psib-psoe.org\/mallorca\/wp-content\/uploads\/Torre-Picada-1-1024x768.jpeg 1024w, https:\/\/www.psib-psoe.org\/mallorca\/wp-content\/uploads\/Torre-Picada-1-300x225.jpeg 300w, https:\/\/www.psib-psoe.org\/mallorca\/wp-content\/uploads\/Torre-Picada-1-768x576.jpeg 768w, https:\/\/www.psib-psoe.org\/mallorca\/wp-content\/uploads\/Torre-Picada-1-150x113.jpeg 150w, https:\/\/www.psib-psoe.org\/mallorca\/wp-content\/uploads\/Torre-Picada-1-600x450.jpeg 600w, https:\/\/www.psib-psoe.org\/mallorca\/wp-content\/uploads\/Torre-Picada-1-900x675.jpeg 900w, https:\/\/www.psib-psoe.org\/mallorca\/wp-content\/uploads\/Torre-Picada-1-20x16.jpeg 20w\" sizes=\"(max-width: 1024px) 100vw, 1024px\" \/><\/figure>\n\n\n[vc_row][vc_column][vc_column_text]\n<p><em><u>La titular del departament de Cultura evita donar cap dada en refer\u00e8ncia a l\u2019obertura del monument hist\u00f2ric de S\u00f2ller en el decurs de la Comissi\u00f3 Insular de Patrimoni que s\u2019ha celebrat aquest dimarts. El conseller socialista Joan Ferrer lamenta les \u201cpilotes fora\u201d que ha llen\u00e7at Roca i creu que \u201cni el PP de Galm\u00e9s ni el PP de S\u00f3ller compten amb la Torre Picada entre els seus objectius per aquesta legislatura, per que no es coneix cap termini d\u2019obertura ni tampoc les condicions sota les que es dur\u00e0 a terme\u201d, per aquest monument hist\u00f2ric que des de 2022 forma part del cat\u00e0leg del patrimoni p\u00fablic del Consell de Mallorca. El portaveu socialista a S\u00f3ller, Jaume Mateu, ha instat Consell i Ajuntament a qu\u00e8 \u201ces posin les piles\u201d per garantir l\u2019obertura en plenes condicions de la Torre <\/u><\/em><\/p>\n[\/vc_column_text][\/vc_column][\/vc_row]\n\n\n[vc_row][vc_column][vc_column_text]\n<p>Obscurantisme i ocultaci\u00f3 del departament del Cultura del Consell de Mallorca en refer\u00e8ncia a quin \u00e9s el projecte que la instituci\u00f3 insular i l\u2019Ajuntament de S\u00f3ller preveuen per l\u2019obertura al p\u00fablic de la Torre Picada de S\u00f3ller. Avui a la Comissi\u00f3 de Patrimoni, s\u2019ha limitat a presentar un projecte per a unes actuacions a l\u2019entorn de Torre Picada, per incrementar-ne la seguretat, recollint un informe municipal de fa 8 mesos, sense que en aquest temps s\u2019hagi avan\u00e7at en cap dels aspectes que haurien de fer possible l\u2019obertura del monument. \u201cLa consellera Roca no ha contestat cap de les nostres preguntes concretes sobre quan i com obrir\u00e0 la Torre Picada, i com es repartiran les diferents obligacions entre el Consell de Mallorca l\u2019Ajuntament de S\u00f3ller\u201d ha afirmat el conseller socialista, Joan Ferrer. <\/p>\n<p>La Torre Picada va ser adquirida pel Consell de Mallorca ara fa dos anys, despr\u00e9s d\u2019un proc\u00e9s llarg que compt\u00e0 amb el suport de l\u2019Ajuntament de S\u00f3ller, en l\u2019\u00e8poca de la batlia de Carlos Simarro. Es tracta d\u2019un lloc emblem\u00e0tic pels sollerics, i de gran simbolisme durant les festes del Fir\u00f3. \u201cNo veiem cap inter\u00e8s del PP del Consell ni del de S\u00f3ller per que aquest pr\u00f2xim Fir\u00f3 els sollerics ja puguin accedir a l\u2019interior i al capdamunt de la Torre, i creiem que no estan posant tots els esfor\u00e7os en la tramitaci\u00f3\u201d. El portaveu del Grup Municipal Socialista a S\u00f3ller, Jaume Mateu, ha afegit que \u201cel desinter\u00e8s del l\u2019Ajuntament ha motivat que a dia d\u2019avui cap dels col\u00b7lectius que sempre han fet \u00fas de la Torre, vinculats al Fir\u00f3, escoles i altres entitats, no tenen ni idea de qu\u00e8 han de fer per seguir accedint al recinte, per que l\u2019equip de govern s\u2019ha desent\u00e8s totalment del tema\u201d. <\/p>\n<p>La visita t\u00e8cnica a la Torre es va fer el passat 12 de febrer, i l\u2019informe de l\u2019Ajuntament de S\u00f3ller s\u2019enregistra al Consell a finals de mar\u00e7. Des d\u2019aleshores no s\u2019ha mogut ni un dit per avan\u00e7ar en l\u2019obertura de la Torre, malgrat que el Grup Socialista ha insistit p\u00fablicament en la q\u00fcesti\u00f3, amb diferents iniciatives, i una moci\u00f3 al ple del Consell del passat mes de desembre que es va aprovar i que insta va a la signatura d\u2019un conveni entre Consell i Ajuntament de S\u00f3ller que detall\u00e9s les obligacions de cada instituci\u00f3 en la gesti\u00f3 del monument en un termini de 15 dies que tampoc s\u2019ha signat, gaireb\u00e9 un any despr\u00e9s. <\/p>\n<p>\u201cTot plegat denota que la Torre Picada s\u2019ha convertit en una patata calenta i que en cap cas \u00e9s una prioritat pol\u00edtica pel PP\u201d, ha dit Ferrer. Aix\u00ed s\u2019acumulen retards injustificats en la proposta d\u2019actuaci\u00f3 i en la diagnosi de l\u2019estat de la Torre que li haurien de pert\u00e0nyer a  l\u2019Ajuntament, mentre que al Consell es van passant la responsabilitat de fer coses entre els departaments de Cultura i el d\u2019Hisenda. <\/p>\n<p>De la seva banda, Jaume Mateu ha destacat la inacci\u00f3 de l\u2019equip de govern i del Consell, que \u201cen un any i mig de govern nom\u00e9s han presentat un projecte de licitaci\u00f3 que suposaria mantenir tancada la part superior de la Torre\u201d i ha instat Ajuntament i Consell a qu\u00e8 \u201ces posin les piles\u201d per tancar d\u2019una vegada el conveni i garantir l\u2019\u00fas p\u00fablic i la conservaci\u00f3 del monument i de tota la finca que l\u2019envolta\u201d.  <\/p>\n[\/vc_column_text][\/vc_column][\/vc_row]\n<\/div>","protected":false},"excerpt":{"rendered":"[vc_row][vc_column][vc_column_text] La titular del departament de Cultura evita donar cap dada en refer\u00e8ncia a l\u2019obertura del monument hist\u00f2ric de S\u00f2ller en el decurs de la Comissi\u00f3 Insular de Patrimoni que s\u2019ha celebrat aquest dimarts. El conseller socialista Joan Ferrer lamenta les \u201cpilotes fora\u201d que ha llen\u00e7at Roca i creu que \u201cni el PP de Galm\u00e9s&hellip;","protected":false},"author":6,"featured_media":28501,"comment_status":"closed","ping_status":"closed","sticky":false,"template":"","format":"standard","meta":{"footnotes":""},"categories":[89,2,1,92],"tags":[105,77,186,84,568,566,567],"class_list":["post-29159","post","type-post","status-publish","format-standard","has-post-thumbnail","hentry","category-consell-de-mallorca","category-federacio-de-mallorca","category-federacio-de-mallorca-portada","category-portada","tag-catalina-cladera","tag-federacio-socialista-de-mallorca","tag-jaume-mateu","tag-psib-psoe","tag-socialistes-de-soller-2","tag-soller-2","tag-torre-picada"],"_links":{"self":[{"href":"https:\/\/www.psib-psoe.org\/mallorca\/wp-json\/wp\/v2\/posts\/29159"}],"collection":[{"href":"https:\/\/www.psib-psoe.org\/mallorca\/wp-json\/wp\/v2\/posts"}],"about":[{"href":"https:\/\/www.psib-psoe.org\/mallorca\/wp-json\/wp\/v2\/types\/post"}],"author":[{"embeddable":true,"href":"https:\/\/www.psib-psoe.org\/mallorca\/wp-json\/wp\/v2\/users\/6"}],"replies":[{"embeddable":true,"href":"https:\/\/www.psib-psoe.org\/mallorca\/wp-json\/wp\/v2\/comments?post=29159"}],"version-history":[{"count":1,"href":"https:\/\/www.psib-psoe.org\/mallorca\/wp-json\/wp\/v2\/posts\/29159\/revisions"}],"predecessor-version":[{"id":29160,"href":"https:\/\/www.psib-psoe.org\/mallorca\/wp-json\/wp\/v2\/posts\/29159\/revisions\/29160"}],"wp:featuredmedia":[{"embeddable":true,"href":"https:\/\/www.psib-psoe.org\/mallorca\/wp-json\/wp\/v2\/media\/28501"}],"wp:attachment":[{"href":"https:\/\/www.psib-psoe.org\/mallorca\/wp-json\/wp\/v2\/media?parent=29159"}],"wp:term":[{"taxonomy":"category","embeddable":true,"href":"https:\/\/www.psib-psoe.org\/mallorca\/wp-json\/wp\/v2\/categories?post=29159"},{"taxonomy":"post_tag","embeddable":true,"href":"https:\/\/www.psib-psoe.org\/mallorca\/wp-json\/wp\/v2\/tags?post=29159"}],"curies":[{"name":"wp","href":"https:\/\/api.w.org\/{rel}","templated":true}]}}