{"id":29168,"date":"2024-11-04T15:03:08","date_gmt":"2024-11-04T13:03:08","guid":{"rendered":"https:\/\/www.psib-psoe.org\/mallorca\/?p=29168"},"modified":"2024-11-05T20:01:51","modified_gmt":"2024-11-05T18:01:51","slug":"cladera-galmes-converteix-la-principal-eina-politica-duna-institucio-els-pressuposts-en-una-arma-contra-els-infants-i-adolescents-els-mes-vulnerables","status":"publish","type":"post","link":"https:\/\/www.psib-psoe.org\/mallorca\/cladera-galmes-converteix-la-principal-eina-politica-duna-institucio-els-pressuposts-en-una-arma-contra-els-infants-i-adolescents-els-mes-vulnerables\/","title":{"rendered":"Cladera: \u201cGalm\u00e9s converteix la principal eina pol\u00edtica d\u2019una instituci\u00f3, els pressuposts, en una arma contra els infants i adolescents, els m\u00e9s vulnerables\u201d"},"content":{"rendered":"<div class=\"wpb-content-wrapper\">\n<figure class=\"wp-block-image size-large\"><img loading=\"lazy\" decoding=\"async\" width=\"1024\" height=\"768\" src=\"https:\/\/www.psib-psoe.org\/mallorca\/wp-content\/uploads\/041124_Catalina-Cladera-RDP-Pressuposts-Consell-2025-1024x768.jpg\" alt=\"\" class=\"wp-image-29169\" srcset=\"https:\/\/www.psib-psoe.org\/mallorca\/wp-content\/uploads\/041124_Catalina-Cladera-RDP-Pressuposts-Consell-2025-1024x768.jpg 1024w, https:\/\/www.psib-psoe.org\/mallorca\/wp-content\/uploads\/041124_Catalina-Cladera-RDP-Pressuposts-Consell-2025-300x225.jpg 300w, https:\/\/www.psib-psoe.org\/mallorca\/wp-content\/uploads\/041124_Catalina-Cladera-RDP-Pressuposts-Consell-2025-768x576.jpg 768w, https:\/\/www.psib-psoe.org\/mallorca\/wp-content\/uploads\/041124_Catalina-Cladera-RDP-Pressuposts-Consell-2025-1536x1152.jpg 1536w, https:\/\/www.psib-psoe.org\/mallorca\/wp-content\/uploads\/041124_Catalina-Cladera-RDP-Pressuposts-Consell-2025-2048x1536.jpg 2048w, https:\/\/www.psib-psoe.org\/mallorca\/wp-content\/uploads\/041124_Catalina-Cladera-RDP-Pressuposts-Consell-2025-150x113.jpg 150w, https:\/\/www.psib-psoe.org\/mallorca\/wp-content\/uploads\/041124_Catalina-Cladera-RDP-Pressuposts-Consell-2025-600x450.jpg 600w, https:\/\/www.psib-psoe.org\/mallorca\/wp-content\/uploads\/041124_Catalina-Cladera-RDP-Pressuposts-Consell-2025-900x675.jpg 900w, https:\/\/www.psib-psoe.org\/mallorca\/wp-content\/uploads\/041124_Catalina-Cladera-RDP-Pressuposts-Consell-2025-20x16.jpg 20w\" sizes=\"(max-width: 1024px) 100vw, 1024px\" \/><\/figure>\n\n\n<p>La portaveu del Grup Socialista a Consell de Mallorca, Catalina Cladera, ha valorat els pressuposts de la instituci\u00f3 insular per a l\u2019any 2025<\/p>\n\n\n[vc_row][vc_column][vc_column_text]\nLa portaveu del Grup Socialista a Consell de Mallorca, Catalina Cladera, ha valorat en roda de premsa els pressuposts de la instituci\u00f3 insular per a l\u2019any 2025. Cladera ha destacat que \u201cGalm\u00e9s converteix la principal eina pol\u00edtica d\u2019una instituci\u00f3, els pressuposts, en una arma contra els infants i adolescents, els m\u00e9s vulnerables\u201d.<\/p>\n<p>Abans d\u2019entrar a comentar els pressuposts, la portaveu socialista ha volgut fer arribar \u201cel condol, la solidaritat i tota la for\u00e7a i \u00e0nims\u201d a tots els afectats per la trag\u00e8dia de Val\u00e8ncia. \u201cNo \u00e9s moment de fer viol\u00e8ncia, ni pol\u00edtica ni us partidista d\u2019una cat\u00e0strofe d\u2019aquesta indole, \u00e9s el moment d\u2019estar devora els que tant pateixen. Els Socialistes de Mallorca hem respectat els tres dies de dol i, per aix\u00f2, no hem fet declaracions pol\u00edtiques de cap casta\u201d.<\/p>\n<p>Comentant els pressuposts, Cladera ha criticat que Galm\u00e9s hagi cedit, una vegada m\u00e9s, davant les exig\u00e8ncies de VOX demostrant que PPVOX s\u00f3n \u201cun sol cos\u201d. <\/p>\n<p>Cladera ha comentat que \u201cGalm\u00e9s va presentar els pressuposts de 2025 acompanyat de Pedro Bestard que, obertament, s\u2019ha declarat negacionista del canvi clim\u00e0tic. En els moments que vivim, on els cient\u00edfics i experts determinen que el canvi clim\u00e0tic \u00e9s un dels grans culpables de la trag\u00e8dia de Val\u00e8ncia, \u00e9s vergony\u00f3s que Galm\u00e9s es faci fotos i surti en roda de premsa amb ell\u201d.<\/p>\n<p>La portaveu socialista ha lamentat que  \u201cla moneda de canvi per aconseguir el suport de VOX han estat els menors no acompanyats. Galm\u00e9s posa el seu inter\u00e8s personal per davant de la dignitat, els Drets Humans i els drets universals de la inf\u00e0ncia, de les persones m\u00e9s vulnerables\u201d.<\/p>\n<p>Cladera ha afegit que \u201cGalm\u00e9s no ha descobert la p\u00f3lvora (paraules textuals seves), ha dinamitat la pol\u00edtica de protecci\u00f3 dels menors. Just avui que l\u2019Ajuntament de Calvi\u00e0 rebutja una moci\u00f3 de Vox en contra de la protecci\u00f3 dels menors no acompanyats, en Galm\u00e9s consent fer aquest discurs amb els Pressupostos del Consell\u201d.<\/p>\n<p>Tamb\u00e9 ha criticat que, per analitzar els pressuposts, \u201cnom\u00e9s tenim el power point que va lliurar a la premsa, aix\u00f2 \u00e9s tot. Una altra mostra del tarann\u00e0 de Galm\u00e9s, tot un mal exemple de transpar\u00e8ncia i bon govern, que brillen per la seva abs\u00e8ncia amb tota la gesti\u00f3 pol\u00edtica den Galm\u00e9s.\u201d<\/p>\n<p>Cladera ha desgranat els pressuposts i ha explicat que la primera gran mentida de Galm\u00e9s va ser quan va dir que Prohens incrementava els recursos que aporta al Consell de Mallorca. \u201cProhens destina 26 milions d\u2019euros menys al Consell de Mallorca. Per compensar aix\u00f2, Galm\u00e9s s\u2019ha inventat un conveni futurible (que encara no s\u2019ha signat) espec\u00edfic per carreteres de 30 milions, fora de la llei de finan\u00e7ament de consells insulars. Un finan\u00e7ament que ve del fons d\u2019insularitat del r\u00e8gim especial de les Illes Balears, que va concedir Pedro S\u00e1nchez\u201d.<\/p>\n<p>L\u2019altre gran mentida dels pressuposts presentats per Galm\u00e9s t\u00e9 a veure amb els ingressos. \u201cEns desquadra que si el pressupost augmenta 50 milions i la Comunitat Aut\u00f2noma nom\u00e9s augmenta 4 milions, els 46 milions restants han de venir de l\u2019Estat o d\u2019endeutament. Ens agradaria que el senyor Bosch i el senyor Galm\u00e9s ens expliquessin aix\u00f2, ho expliquessin als mallorquins i mallorquines\u201d.<\/p>\n<p>Cladera ha concl\u00f2s que \u201cGalm\u00e9s desaprofita una oportunitat amb els pressupostos del Consell per transformar Mallorca. Galm\u00e9s converteix la principal eina pol\u00edtica d\u2019una instituci\u00f3, els pressupostos, en una arma contra els infants i adolescents, els m\u00e9s vulnerables\u201d.<\/p>\n[\/vc_column_text][\/vc_column][\/vc_row]\n<\/div>","protected":false},"excerpt":{"rendered":"La portaveu del Grup Socialista a Consell de Mallorca, Catalina Cladera, ha valorat els pressuposts de la instituci\u00f3 insular per a l\u2019any 2025 [vc_row][vc_column][vc_column_text] La portaveu del Grup Socialista a Consell de Mallorca, Catalina Cladera, ha valorat en roda de premsa els pressuposts de la instituci\u00f3 insular per a l\u2019any 2025. Cladera ha destacat que&hellip;","protected":false},"author":6,"featured_media":29169,"comment_status":"closed","ping_status":"closed","sticky":false,"template":"","format":"standard","meta":{"footnotes":""},"categories":[89,2,1,92],"tags":[105,77],"class_list":["post-29168","post","type-post","status-publish","format-standard","has-post-thumbnail","hentry","category-consell-de-mallorca","category-federacio-de-mallorca","category-federacio-de-mallorca-portada","category-portada","tag-catalina-cladera","tag-federacio-socialista-de-mallorca"],"_links":{"self":[{"href":"https:\/\/www.psib-psoe.org\/mallorca\/wp-json\/wp\/v2\/posts\/29168"}],"collection":[{"href":"https:\/\/www.psib-psoe.org\/mallorca\/wp-json\/wp\/v2\/posts"}],"about":[{"href":"https:\/\/www.psib-psoe.org\/mallorca\/wp-json\/wp\/v2\/types\/post"}],"author":[{"embeddable":true,"href":"https:\/\/www.psib-psoe.org\/mallorca\/wp-json\/wp\/v2\/users\/6"}],"replies":[{"embeddable":true,"href":"https:\/\/www.psib-psoe.org\/mallorca\/wp-json\/wp\/v2\/comments?post=29168"}],"version-history":[{"count":2,"href":"https:\/\/www.psib-psoe.org\/mallorca\/wp-json\/wp\/v2\/posts\/29168\/revisions"}],"predecessor-version":[{"id":29179,"href":"https:\/\/www.psib-psoe.org\/mallorca\/wp-json\/wp\/v2\/posts\/29168\/revisions\/29179"}],"wp:featuredmedia":[{"embeddable":true,"href":"https:\/\/www.psib-psoe.org\/mallorca\/wp-json\/wp\/v2\/media\/29169"}],"wp:attachment":[{"href":"https:\/\/www.psib-psoe.org\/mallorca\/wp-json\/wp\/v2\/media?parent=29168"}],"wp:term":[{"taxonomy":"category","embeddable":true,"href":"https:\/\/www.psib-psoe.org\/mallorca\/wp-json\/wp\/v2\/categories?post=29168"},{"taxonomy":"post_tag","embeddable":true,"href":"https:\/\/www.psib-psoe.org\/mallorca\/wp-json\/wp\/v2\/tags?post=29168"}],"curies":[{"name":"wp","href":"https:\/\/api.w.org\/{rel}","templated":true}]}}