{"id":29211,"date":"2024-11-13T15:04:22","date_gmt":"2024-11-13T13:04:22","guid":{"rendered":"https:\/\/www.psib-psoe.org\/mallorca\/?p=29211"},"modified":"2024-11-13T15:04:24","modified_gmt":"2024-11-13T13:04:24","slug":"galmes-cedeix-davant-prohens-i-accepta-una-rebaixa-de-30-milions-deuros-de-laportacio-del-govern-pel-pressupost-2025-del-consell","status":"publish","type":"post","link":"https:\/\/www.psib-psoe.org\/mallorca\/galmes-cedeix-davant-prohens-i-accepta-una-rebaixa-de-30-milions-deuros-de-laportacio-del-govern-pel-pressupost-2025-del-consell\/","title":{"rendered":"Galm\u00e9s cedeix davant Prohens i accepta una rebaixa de 30 milions d\u2019euros de l\u2019aportaci\u00f3 del Govern pel pressupost 2025 del Consell."},"content":{"rendered":"<div class=\"wpb-content-wrapper\">\n<figure class=\"wp-block-image size-large is-resized\"><img loading=\"lazy\" decoding=\"async\" width=\"1024\" height=\"768\" src=\"https:\/\/www.psib-psoe.org\/mallorca\/wp-content\/uploads\/Foto-rdp-pressupostos-131124-1024x768.jpeg\" alt=\"\" class=\"wp-image-29213\" style=\"width:770px;height:auto\" srcset=\"https:\/\/www.psib-psoe.org\/mallorca\/wp-content\/uploads\/Foto-rdp-pressupostos-131124-1024x768.jpeg 1024w, https:\/\/www.psib-psoe.org\/mallorca\/wp-content\/uploads\/Foto-rdp-pressupostos-131124-300x225.jpeg 300w, https:\/\/www.psib-psoe.org\/mallorca\/wp-content\/uploads\/Foto-rdp-pressupostos-131124-768x576.jpeg 768w, https:\/\/www.psib-psoe.org\/mallorca\/wp-content\/uploads\/Foto-rdp-pressupostos-131124-1536x1152.jpeg 1536w, https:\/\/www.psib-psoe.org\/mallorca\/wp-content\/uploads\/Foto-rdp-pressupostos-131124-2048x1536.jpeg 2048w, https:\/\/www.psib-psoe.org\/mallorca\/wp-content\/uploads\/Foto-rdp-pressupostos-131124-150x113.jpeg 150w, https:\/\/www.psib-psoe.org\/mallorca\/wp-content\/uploads\/Foto-rdp-pressupostos-131124-600x450.jpeg 600w, https:\/\/www.psib-psoe.org\/mallorca\/wp-content\/uploads\/Foto-rdp-pressupostos-131124-900x675.jpeg 900w, https:\/\/www.psib-psoe.org\/mallorca\/wp-content\/uploads\/Foto-rdp-pressupostos-131124-20x16.jpeg 20w\" sizes=\"(max-width: 1024px) 100vw, 1024px\" \/><\/figure>\n\n\n[vc_row][vc_column][vc_column_text]\n<p>La portaveu del Grup Socialista al Consell de Mallorca, Catalina Cladera, critica el maquillatge comptable de Galm\u00e9s en la presentaci\u00f3 de les xifres del pressupost del Consell de Mallorca 2025, a on usa una bestreta del Govern i el deute p\u00fablic per fer veure que puja l\u2019aportaci\u00f3 del Govern de Prohens, quan la realitat \u00e9s la contr\u00e0ria. \u201cExigim Galm\u00e9s que es planti davant Prohens i que li exigeixi que s\u2019incrementi el finan\u00e7ament del Govern cap al Consell per al seu funcionament ordinari\u201d. El Grup Socialista presenta esmena a la totalitat del Pressupost, per que \u201cno aporta solucions als problemes reals dels mallorquins\u201d. Tamb\u00e9 s\u2019han preparat 70 esmenes parcials, que suposen un total de 84 milions d\u2019euros. <\/p>\n[\/vc_column_text][\/vc_column][\/vc_row]\n\n\n[vc_row][vc_column][vc_column_text]\n<p>El Grup Socialista al Consell de Mallorca presenta esmena a la totalitat per la devoluci\u00f3 del projecte de pressupost del Consell de Mallorca 2025, i tamb\u00e9 ha preparat un paquet de 70 esmenes que corregeixen les principals mancances dels comptes de l\u2019any que ve, que es debatran en el ple extraordinari de pressupostos que s\u2019ha fixat per aquest divendres.  <\/p>\n<p>\u201cEl projecte de pressupost per a l\u2019any 2025 que presenta l\u2019equip de govern no aporta solucions als principals problemes dels mallorquins i mallorquines, l\u2019acc\u00e9s a l\u2019habitatge,<br \/>\nels embossos de cotxes, la saturaci\u00f3 tur\u00edstica o l\u2019emerg\u00e8ncia clim\u00e0tica. No millora l\u2019atenci\u00f3 a les persones m\u00e9s vulnerables, l\u2019atenci\u00f3 a la depend\u00e8ncia, la gent gran, els infants i adolescents, les persones amb discapacitat i les persones sense sostre\u201d, ha afirmat Cladera. <\/p>\n<p>Els pressupostos  cedeixen als postulats a VOX que ha condicionat el seu vot favorable a qu\u00e8 l\u2019IMAS no accepti l\u2019arribada de nous menors no acompanyats. \u201cGalm\u00e9s converteix els Pressupost en una arma contra els infants i adolescents, els m\u00e9s vulnerables.\u201d<\/p>\n<p>Cladera ha destacat que els ingressos del Pressupost, la seva base, amaguen l\u2019encobriment de Galm\u00e9s de la davallada real que han patit l\u2019aportaci\u00f3 del Govern. Malgrat haver anunciat p\u00fablicament que el finan\u00e7ament del Govern augmentava en 4 milions, la realitat de les xifres indica que la davallada ha estat superior a 30 milions d\u2019euros en refer\u00e8ncia a l\u2019any passat.  \u201cProhens no incrementa els recursos que aporta al Consell de Mallorca, sin\u00f3 que els davalla als Consells per primera vegada a la hist\u00f2ria; Galm\u00e9s ha d\u2019explicar aquesta davallada que incideix en els serveis p\u00fablics, i que \u00e9s la conseq\u00fc\u00e8ncia a la davallada d\u2019impostos de Prohens\u201d. <\/p>\n<p>Galm\u00e9s i Bosch han venut una davallada de l\u2019aportaci\u00f3 del Govern com si fos un augment, i ho maquilla augmentant el deute, i amb una bestreta retornable que li fa el Govern amb el conveni que va escenificar dimarts passat Prohens i Galm\u00e9s. <\/p>\n<p>Davant d\u2019aquest pressupost engany\u00f3s de Galm\u00e9s, el Grup Socialista presenta una esmena a la totalitat, per a la reformulaci\u00f3 dels comptes. Tamb\u00e9 es presenten un total de 70 esmenes parcials, per valor de 84,2 milions d\u2019euros, dels quals 35,3 surten de la reassignaci\u00f3 de partides de finan\u00e7ament incloses en el pressupost, i altres 48,9 milions provenen de la millora del finan\u00e7ament. <\/p>\n<p>La llista de mancances del pressupost 2025 que les esmenes socialistes venen a corregir \u00e9s molt llarga: el projecte de pressupostos tamb\u00e9 nega el canvi clim\u00e0tic i els seus efectes en el territori i la vida de les persones. En mat\u00e8ria de mobilitat, el Consell de Mallorca no ha reflectit als pressupostos de 2025 cap mesura de reducci\u00f3 del nombre de cotxes a les carreteres, ni cap mesura de foment d\u2019alternatives a l\u2019\u00fas del vehicle privat.<\/p>\n<p>En mat\u00e8ria de despesa social no es contempla cap mesura d\u2019escut social per millorar la situaci\u00f3 de les fam\u00edlies, els joves o els que m\u00e9s ho necessiten per ajudar a arribar a final de mes o accedir a un habitatge digne.  Al projecte de pressupost de l\u2019Institut Mallorqu\u00ed d\u2019Afers Socials (IMAS), la inversi\u00f3 es redueix per any consecutiu un 50% respecte del 2024. No \u00e9s preveu ni un sol euro en inversions de noves infraestructures per a la inclusi\u00f3 social. <\/p>\n<p>No hi ha cap mesura prevista per respondre a les necessitats d\u2019acc\u00e9s a un habitatge.<br \/>\nA Igualtat, Cultura i llengua catalana, baixen les inversions com en 2024, el peatge de l\u2019extrema dreta per votar el pressupost. Aix\u00ed, pel que fa a normalitzaci\u00f3 ling\u00fc\u00edstica, no es recupera la retallada del 60% que va patir aquest programa l\u2019any 2024, pel mandat ideol\u00f2gic de la ultradreta.<\/p>\n<p>Aquest projecte de pressupost tampoc \u00e9s municipalista, perqu\u00e8 no t\u00e9 programes per a la prestaci\u00f3 de serveis especialitzats als municipis i, en especial, per als municipis m\u00e9s petits. En mat\u00e8ria de turisme, es redueix de forma clarament insuficient el pressupost de promoci\u00f3 tur\u00edstica, sobretot quan recentment hem pogut comprovar el dispendi realitzat a la fira WTM de Londres pel president del Consell de Mallorca i el seu equip.<\/p>\n<p>\u201cGalm\u00e9s no te cap projecte propi i les xifres que ha preparat per 2025 ho demostra\u201d, ha afirmat Cladera.<\/p>\n[\/vc_column_text][\/vc_column][\/vc_row]\n\n\n\n<figure class=\"wp-block-audio\"><audio controls src=\"https:\/\/www.psib-psoe.org\/mallorca\/wp-content\/uploads\/131124_RDP-CATALINA-CLADERA-ESMENES-PRESSUPOSTS.mp3\"><\/audio><\/figure>\n\n\n\n<p><\/p>\n<\/div>","protected":false},"excerpt":{"rendered":"[vc_row][vc_column][vc_column_text] La portaveu del Grup Socialista al Consell de Mallorca, Catalina Cladera, critica el maquillatge comptable de Galm\u00e9s en la presentaci\u00f3 de les xifres del pressupost del Consell de Mallorca 2025, a on usa una bestreta del Govern i el deute p\u00fablic per fer veure que puja l\u2019aportaci\u00f3 del Govern de Prohens, quan la realitat&hellip;","protected":false},"author":3,"featured_media":29213,"comment_status":"closed","ping_status":"closed","sticky":false,"template":"","format":"standard","meta":{"footnotes":""},"categories":[89,2,1,92],"tags":[343,447,546,105,77,226,483,504,532,296],"class_list":["post-29211","post","type-post","status-publish","format-standard","has-post-thumbnail","hentry","category-consell-de-mallorca","category-federacio-de-mallorca","category-federacio-de-mallorca-portada","category-portada","tag-andreu-serra","tag-bea-gamundi","tag-biel-alomar","tag-catalina-cladera","tag-federacio-socialista-de-mallorca","tag-javier-de-juan","tag-joan-ferrer","tag-juana-m-adrover","tag-maria-antonia-truyols","tag-sofia-alonso"],"_links":{"self":[{"href":"https:\/\/www.psib-psoe.org\/mallorca\/wp-json\/wp\/v2\/posts\/29211"}],"collection":[{"href":"https:\/\/www.psib-psoe.org\/mallorca\/wp-json\/wp\/v2\/posts"}],"about":[{"href":"https:\/\/www.psib-psoe.org\/mallorca\/wp-json\/wp\/v2\/types\/post"}],"author":[{"embeddable":true,"href":"https:\/\/www.psib-psoe.org\/mallorca\/wp-json\/wp\/v2\/users\/3"}],"replies":[{"embeddable":true,"href":"https:\/\/www.psib-psoe.org\/mallorca\/wp-json\/wp\/v2\/comments?post=29211"}],"version-history":[{"count":1,"href":"https:\/\/www.psib-psoe.org\/mallorca\/wp-json\/wp\/v2\/posts\/29211\/revisions"}],"predecessor-version":[{"id":29215,"href":"https:\/\/www.psib-psoe.org\/mallorca\/wp-json\/wp\/v2\/posts\/29211\/revisions\/29215"}],"wp:featuredmedia":[{"embeddable":true,"href":"https:\/\/www.psib-psoe.org\/mallorca\/wp-json\/wp\/v2\/media\/29213"}],"wp:attachment":[{"href":"https:\/\/www.psib-psoe.org\/mallorca\/wp-json\/wp\/v2\/media?parent=29211"}],"wp:term":[{"taxonomy":"category","embeddable":true,"href":"https:\/\/www.psib-psoe.org\/mallorca\/wp-json\/wp\/v2\/categories?post=29211"},{"taxonomy":"post_tag","embeddable":true,"href":"https:\/\/www.psib-psoe.org\/mallorca\/wp-json\/wp\/v2\/tags?post=29211"}],"curies":[{"name":"wp","href":"https:\/\/api.w.org\/{rel}","templated":true}]}}