{"id":29216,"date":"2024-11-14T18:08:39","date_gmt":"2024-11-14T16:08:39","guid":{"rendered":"https:\/\/www.psib-psoe.org\/mallorca\/?p=29216"},"modified":"2024-11-14T18:08:39","modified_gmt":"2024-11-14T16:08:39","slug":"el-ple-del-consell-insta-al-departament-de-turisme-a-fer-complir-les-sentencies-judicials-fermes-contra-els-establiments-turistics-que-incompleixen-la-normativa-com-el-de-sa-talaia-blanca","status":"publish","type":"post","link":"https:\/\/www.psib-psoe.org\/mallorca\/el-ple-del-consell-insta-al-departament-de-turisme-a-fer-complir-les-sentencies-judicials-fermes-contra-els-establiments-turistics-que-incompleixen-la-normativa-com-el-de-sa-talaia-blanca\/","title":{"rendered":"El ple del Consell insta al departament de Turisme a fer complir les sent\u00e8ncies judicials fermes contra els establiments tur\u00edstics que incompleixen la normativa com el de Sa Talaia Blanca."},"content":{"rendered":"<div class=\"wpb-content-wrapper\">\n<figure class=\"wp-block-image size-large\"><img loading=\"lazy\" decoding=\"async\" width=\"1024\" height=\"768\" src=\"https:\/\/www.psib-psoe.org\/mallorca\/wp-content\/uploads\/Ple-141124-1024x768.jpeg\" alt=\"\" class=\"wp-image-29217\" srcset=\"https:\/\/www.psib-psoe.org\/mallorca\/wp-content\/uploads\/Ple-141124-1024x768.jpeg 1024w, https:\/\/www.psib-psoe.org\/mallorca\/wp-content\/uploads\/Ple-141124-300x225.jpeg 300w, https:\/\/www.psib-psoe.org\/mallorca\/wp-content\/uploads\/Ple-141124-768x576.jpeg 768w, https:\/\/www.psib-psoe.org\/mallorca\/wp-content\/uploads\/Ple-141124-1536x1152.jpeg 1536w, https:\/\/www.psib-psoe.org\/mallorca\/wp-content\/uploads\/Ple-141124-2048x1536.jpeg 2048w, https:\/\/www.psib-psoe.org\/mallorca\/wp-content\/uploads\/Ple-141124-150x113.jpeg 150w, https:\/\/www.psib-psoe.org\/mallorca\/wp-content\/uploads\/Ple-141124-600x450.jpeg 600w, https:\/\/www.psib-psoe.org\/mallorca\/wp-content\/uploads\/Ple-141124-900x675.jpeg 900w, https:\/\/www.psib-psoe.org\/mallorca\/wp-content\/uploads\/Ple-141124-20x16.jpeg 20w\" sizes=\"(max-width: 1024px) 100vw, 1024px\" \/><\/figure>\n\n\n[vc_row][vc_column][vc_column_text]\n<p><em><u> La moci\u00f3 del Grup Socialista, defensada per Javier de Juan, ha instat el compliment de la sent\u00e8ncia del Tribunal Superior de Just\u00edcia de les Illes Balears de 2023 pel cessament immediat de les activitats de l\u2019agroturisme Sa Talaia Blanca de Muro, per no comptar amb els permisos necessaris. De Juan ha posat de manifest la inacci\u00f3 del conseller de Turisme, Jos\u00e9 Marcial Rodr\u00edguez, per no haver aplicat la sent\u00e8ncia durant el seu mandat i haver perm\u00e8s la dilaci\u00f3 del tancament amb la presentaci\u00f3 de noves sol\u00b7licituds que n\u2019allargaven la tramitaci\u00f3 mentre en toleraven la comercialitzaci\u00f3 i funcionament. <\/u><\/em><\/p>\n[\/vc_column_text][\/vc_column][\/vc_row]\n\n\n[vc_row][vc_column][vc_column_text]\n<p>El Grup Socialista ha fet prosperar per unanimitat una moci\u00f3 presentada per fer complir les sent\u00e8ncies judicials fermes que afectin a establiments tur\u00edstics que estan sota la regulaci\u00f3 del servei d\u2019Ordenaci\u00f3 Tur\u00edstica del departament de Turisme del Consell de Mallorca. El portaveu adjunt Javier de Juan ha defensat que el conseller de Turisme Jos\u00e9 Marcial Rodr\u00edguez s\u2019ha inhibit en el mandat de fer complir la sent\u00e8ncia de TSJB, un cop aquesta va esdevenir ferma. <\/p>\n<p>De Juan ha destacat que, en el cas particular del cas de l\u2019agroturisme Sa Talaia Blanca de Muro, \u201cel Tribunal Superior, m\u00e0xim \u00f2rgan judicial de les Illes Balears, va expressar mitjan\u00e7ant sent\u00e8ncia ferma una ordre clara i directa de cessament de l&#8217;activitat de l&#8217;agroturisme \u2018Sa Talaia Blanca\u2019 amb un compliment voluntari de la sent\u00e8ncia entre finals de mar\u00e7 i finals de juny de 2023 i un compliment for\u00e7\u00f3s de la mateixa a petici\u00f3 de l\u2019administraci\u00f3 competent, el Consell de Mallorca, a partir de principis de Juliol de 2023, data que coincideix exactament amb l\u2019inici de la nova legislatura. Per\u00f2 ni una cosa ni l&#8217;altra va passar.\u201d<\/p>\n<p>La iniciativa socialista, un cop admesa la transacci\u00f3 del grup Vox, ha estat votada favorablement per tots els grups del Consell, amb una redacci\u00f3 que ha acabat incloent el necessari acatament i aplicaci\u00f3 de les sent\u00e8ncies judicials que com en el cas del de Sa Talaia Blanca, comportin el cessament de l\u2019activitat per l\u2019incompliment motivat de la normativa a trav\u00e9s de l\u2019actuaci\u00f3 dels serveis d\u2019ordenaci\u00f3 Tur\u00edstica del Consell de Mallorca. <\/p>\n<p>De Juan ha convidat al conseller Marcial Rodr\u00edguez a aclarir com \u00e9s possible que amb una sent\u00e8ncia ferma del TSJB, el departament que ell dirigeix es va avenir a admetre una nova DRIAT del mateix establiment, sense que es tingu\u00e9s en compte l\u2019ordre judicial de tancament de sa Talaia Blanca. El portaveu adjunt socialista tampoc ha obtingut resposta del responsable de Turisme per saber si hi va haver un tracte de favor pol\u00edtic per a la permissivitat demostrada cap a l\u2019agroturisme propietat de la fam\u00edlia de l\u2019actual batle de Santa Margalida i en acord de govern amb el PP, Joan Monjo: \u201cpot afirmar que no es va tractar d\u2019aquest tema en reunions pol\u00edtiques conjuntament amb la propietat de l\u2019agroturisme?\u201d, ha preguntat De Juan a Marcial. <\/p>\n<p>El compliment del mandat del ple, i per tant, tamb\u00e9 de la sent\u00e8ncia del TSJB suposar\u00e0 en primer terme, el cessament de l\u2019activitat de sa Talaia Blanca, per intermediaci\u00f3 del mateix departament. Un tancament en compliment de la sent\u00e8ncia que ja s\u2019hagu\u00e9s hagut d\u2019ordenar des de juliol de 2023.  <\/p>\n[\/vc_column_text][\/vc_column][\/vc_row]\n<\/div>","protected":false},"excerpt":{"rendered":"[vc_row][vc_column][vc_column_text] La moci\u00f3 del Grup Socialista, defensada per Javier de Juan, ha instat el compliment de la sent\u00e8ncia del Tribunal Superior de Just\u00edcia de les Illes Balears de 2023 pel cessament immediat de les activitats de l\u2019agroturisme Sa Talaia Blanca de Muro, per no comptar amb els permisos necessaris. De Juan ha posat de manifest&hellip;","protected":false},"author":3,"featured_media":29217,"comment_status":"closed","ping_status":"closed","sticky":false,"template":"","format":"standard","meta":{"footnotes":""},"categories":[2,1,90,92],"tags":[343,450,105,77,226,84],"class_list":["post-29216","post","type-post","status-publish","format-standard","has-post-thumbnail","hentry","category-federacio-de-mallorca","category-federacio-de-mallorca-portada","category-municipis","category-portada","tag-andreu-serra","tag-andreu-vidal","tag-catalina-cladera","tag-federacio-socialista-de-mallorca","tag-javier-de-juan","tag-psib-psoe"],"_links":{"self":[{"href":"https:\/\/www.psib-psoe.org\/mallorca\/wp-json\/wp\/v2\/posts\/29216"}],"collection":[{"href":"https:\/\/www.psib-psoe.org\/mallorca\/wp-json\/wp\/v2\/posts"}],"about":[{"href":"https:\/\/www.psib-psoe.org\/mallorca\/wp-json\/wp\/v2\/types\/post"}],"author":[{"embeddable":true,"href":"https:\/\/www.psib-psoe.org\/mallorca\/wp-json\/wp\/v2\/users\/3"}],"replies":[{"embeddable":true,"href":"https:\/\/www.psib-psoe.org\/mallorca\/wp-json\/wp\/v2\/comments?post=29216"}],"version-history":[{"count":1,"href":"https:\/\/www.psib-psoe.org\/mallorca\/wp-json\/wp\/v2\/posts\/29216\/revisions"}],"predecessor-version":[{"id":29218,"href":"https:\/\/www.psib-psoe.org\/mallorca\/wp-json\/wp\/v2\/posts\/29216\/revisions\/29218"}],"wp:featuredmedia":[{"embeddable":true,"href":"https:\/\/www.psib-psoe.org\/mallorca\/wp-json\/wp\/v2\/media\/29217"}],"wp:attachment":[{"href":"https:\/\/www.psib-psoe.org\/mallorca\/wp-json\/wp\/v2\/media?parent=29216"}],"wp:term":[{"taxonomy":"category","embeddable":true,"href":"https:\/\/www.psib-psoe.org\/mallorca\/wp-json\/wp\/v2\/categories?post=29216"},{"taxonomy":"post_tag","embeddable":true,"href":"https:\/\/www.psib-psoe.org\/mallorca\/wp-json\/wp\/v2\/tags?post=29216"}],"curies":[{"name":"wp","href":"https:\/\/api.w.org\/{rel}","templated":true}]}}