{"id":29239,"date":"2024-11-22T10:58:21","date_gmt":"2024-11-22T08:58:21","guid":{"rendered":"https:\/\/www.psib-psoe.org\/mallorca\/?p=29239"},"modified":"2024-11-22T10:58:23","modified_gmt":"2024-11-22T08:58:23","slug":"lequip-de-govern-de-selva-descarta-mantenir-es-putxet-com-a-escola-publica","status":"publish","type":"post","link":"https:\/\/www.psib-psoe.org\/mallorca\/lequip-de-govern-de-selva-descarta-mantenir-es-putxet-com-a-escola-publica\/","title":{"rendered":"L\u2019equip de govern de Selva descarta mantenir Es Putxet com a escola p\u00fablica."},"content":{"rendered":"<div class=\"wpb-content-wrapper\">\n<p><\/p>\n\n\n\n<figure class=\"wp-block-image size-large is-style-default\"><img loading=\"lazy\" decoding=\"async\" width=\"1024\" height=\"352\" src=\"http:\/\/www.psib-psoe.org\/mallorca\/wp-content\/uploads\/ARRELAM_LOGO_ENVIAR-1-4-1024x352.jpg\" alt=\"\" class=\"wp-image-29191\" srcset=\"https:\/\/www.psib-psoe.org\/mallorca\/wp-content\/uploads\/ARRELAM_LOGO_ENVIAR-1-4-1024x352.jpg 1024w, https:\/\/www.psib-psoe.org\/mallorca\/wp-content\/uploads\/ARRELAM_LOGO_ENVIAR-1-4-300x103.jpg 300w, https:\/\/www.psib-psoe.org\/mallorca\/wp-content\/uploads\/ARRELAM_LOGO_ENVIAR-1-4-768x264.jpg 768w, https:\/\/www.psib-psoe.org\/mallorca\/wp-content\/uploads\/ARRELAM_LOGO_ENVIAR-1-4-1536x529.jpg 1536w, https:\/\/www.psib-psoe.org\/mallorca\/wp-content\/uploads\/ARRELAM_LOGO_ENVIAR-1-4-150x52.jpg 150w, https:\/\/www.psib-psoe.org\/mallorca\/wp-content\/uploads\/ARRELAM_LOGO_ENVIAR-1-4-600x206.jpg 600w, https:\/\/www.psib-psoe.org\/mallorca\/wp-content\/uploads\/ARRELAM_LOGO_ENVIAR-1-4-900x310.jpg 900w, https:\/\/www.psib-psoe.org\/mallorca\/wp-content\/uploads\/ARRELAM_LOGO_ENVIAR-1-4-20x7.jpg 20w, https:\/\/www.psib-psoe.org\/mallorca\/wp-content\/uploads\/ARRELAM_LOGO_ENVIAR-1-4.jpg 1979w\" sizes=\"(max-width: 1024px) 100vw, 1024px\" \/><\/figure>\n\n\n[vc_row][vc_column][vc_column_text]\n<p><em><u> El batle de Selva, Joan Rotger ha tornat a fer un cop de porta a les aspiracions d\u2019una bona<br \/>\npart de la societat del municipi, i ha votat en contra d\u2019una moci\u00f3 presentada pels grups<br \/>\nmunicipals Arrelam, Mes per Mallorca i PSIB-PSOE, per la qual s\u2019instava al Govern tornar a fer classe a les aules del CEIP Es Putxet. La  moci\u00f3 tamb\u00e9 instava a qu\u00e8 l\u2019Ajuntament compl\u00eds amb el mandat de fer les reformes necess\u00e0ries a l\u2019escola i renunci\u00e9s a la compra onerosa de nous terrenys al poble per a construir-n&#8217;hi una de nova. Des de la coalici\u00f3 Arrelam-Mes per Mallorca-PSIB-PSOE, la socialista, Joana Maria Coll, critica la posici\u00f3 de Rotger per que \u201csi Es Putxet est\u00e0 en condioncs de fer-hi classe, com diuen els informes d\u2019arquitectes del mateix Govern, no entenem per que cal comprometre 2,6 milions d\u2019euros en comprar un solar i una finca r\u00fastica per a fer-hi una nova escola\u201d.     <\/u><\/em><\/p>\n[\/vc_column_text][\/vc_column][\/vc_row]\n\n\n\n<figure class=\"wp-block-pullquote\"><blockquote><p><\/p><\/blockquote><\/figure>\n\n\n[vc_row][vc_column][vc_column_text]\n<p>El ple de l\u2019Ajuntament de Selva va tornar a viure aquest dimarts un nou episodi de<br \/>\nl\u2019obstinaci\u00f3 personal del batle Joan Rotger, del PP, per a deixar el CEIP Es Putxet sense activitat lectiva, i traslladar les classes (que ara es fan en un centre pont), a un nou centre de prim\u00e0ria que es faria en uns terrenys urbans i r\u00fastics als afores de la localitat, amb un cost de compra de 2,6 milions d\u2019euros. <\/p>\n<p>La majoria del PP es va oposar a la una moci\u00f3 presentada per la coalici\u00f3 de partits  a l\u2019oposici\u00f3 a Selva, Arrelam, Mes per Mallorca i PSIB PSOE. En aquesta moci\u00f3 es<br \/>\ndemanava al conseller d\u2019Educaci\u00f3 del Govern, Antoni Vera, que fes les passes precises<br \/>\nper a tornar a fer classe a les aules del CEIP Es Putxet, iniciant una reforma integral del centre que cal mantenir pel seu \u201cvalor arquitect\u00f2nic, hist\u00f2ric i sentimental per a milers de selvatgins que hi han passat\u201d. <\/p>\n<p>Cal recordar que el passat mes de mar\u00e7, a ran d\u2019una visita del mateix conseller, es van decidir suspendre les classes per una suposada manca de solidesa de l\u2019estructura de l\u2019edifici que els informes dels arquitectes del mateix IBISEC varen descartar. No obstant aix\u00f2, les classes ja no han tornat a Es Putxet, i des d\u2019aleshores el batle de Selva no ha aturat de fer gestions per a la construcci\u00f3 d\u2019un nou centre, comen\u00e7ant per la compra d\u2019un solar urb\u00e0 de 3.000 metres quadrats i un de r\u00fastic de 10.000 metres, per un valor de 2.090.000 euros, en una operaci\u00f3 de cr\u00e8dit d\u2019un total de 2,6 milions d\u2019euros. <\/p>\n<p>Precisament un dels punts de la moci\u00f3 que es va debatre aquesta setmana a Selva era<br \/>\nprecisament per fer enrere el procediment de compra d\u2019aquests terrenys, en el<br \/>\nbenent\u00e9s que nom\u00e9s alimenten l\u2019especulaci\u00f3 i posar m\u00e9s ciment que en aquest cas es<br \/>\npot evitar f\u00e0cilment.  <\/p>\n<p>La plataforma p\u00fablica Salvem es Putxet s\u2019ha posat en marxa per evitar el que sembla<br \/>\nuna operaci\u00f3 especulativa en tota regla, tenint en compte que l\u2019activitat lectiva a Es Putxet seria perfectament possible at\u00e8s que l\u2019estructura de l\u2019edifici no presenta<br \/>\ndefici\u00e8ncies.   <\/p>\n<p>La portaveu socialista, Joana M. Coll, ha expressat la seva \u201cpreocupaci\u00f3 per que tot<br \/>\naquest projecte es vagi fent en silenci, d\u2019esquena al poble\u201d. Per aix\u00f2 la moci\u00f3 municipal tamb\u00e9 inclo\u00efa un punt per que el batle informi en tot moment de tota la tramitaci\u00f3 relacionada amb Es Putxet.  <\/p>\n<p>La coalici\u00f3 Arrelam, Mes per Mallorca i PSIB-PSOE  han acordat dur el tema de Es<br \/>\nPutxet fins al Parlament, a on pr\u00f2ximament s\u2019hi debatr\u00e0 una Proposici\u00f3 no de llei en<br \/>\ntermes similars a la moci\u00f3 municipal presentada a Selva. <\/p>\n[\/vc_column_text][\/vc_column][\/vc_row]\n\n\n\n<p><\/p>\n<\/div>","protected":false},"excerpt":{"rendered":"[vc_row][vc_column][vc_column_text] El batle de Selva, Joan Rotger ha tornat a fer un cop de porta a les aspiracions d\u2019una bona part de la societat del municipi, i ha votat en contra d\u2019una moci\u00f3 presentada pels grups municipals Arrelam, Mes per Mallorca i PSIB-PSOE, per la qual s\u2019instava al Govern tornar a fer classe a les&hellip;","protected":false},"author":3,"featured_media":29191,"comment_status":"closed","ping_status":"closed","sticky":false,"template":"","format":"standard","meta":{"footnotes":""},"categories":[2,1,90,92],"tags":[573,105,77,576,84],"class_list":["post-29239","post","type-post","status-publish","format-standard","has-post-thumbnail","hentry","category-federacio-de-mallorca","category-federacio-de-mallorca-portada","category-municipis","category-portada","tag-arrelam","tag-catalina-cladera","tag-federacio-socialista-de-mallorca","tag-joana-maria-coll","tag-psib-psoe"],"_links":{"self":[{"href":"https:\/\/www.psib-psoe.org\/mallorca\/wp-json\/wp\/v2\/posts\/29239"}],"collection":[{"href":"https:\/\/www.psib-psoe.org\/mallorca\/wp-json\/wp\/v2\/posts"}],"about":[{"href":"https:\/\/www.psib-psoe.org\/mallorca\/wp-json\/wp\/v2\/types\/post"}],"author":[{"embeddable":true,"href":"https:\/\/www.psib-psoe.org\/mallorca\/wp-json\/wp\/v2\/users\/3"}],"replies":[{"embeddable":true,"href":"https:\/\/www.psib-psoe.org\/mallorca\/wp-json\/wp\/v2\/comments?post=29239"}],"version-history":[{"count":1,"href":"https:\/\/www.psib-psoe.org\/mallorca\/wp-json\/wp\/v2\/posts\/29239\/revisions"}],"predecessor-version":[{"id":29240,"href":"https:\/\/www.psib-psoe.org\/mallorca\/wp-json\/wp\/v2\/posts\/29239\/revisions\/29240"}],"wp:featuredmedia":[{"embeddable":true,"href":"https:\/\/www.psib-psoe.org\/mallorca\/wp-json\/wp\/v2\/media\/29191"}],"wp:attachment":[{"href":"https:\/\/www.psib-psoe.org\/mallorca\/wp-json\/wp\/v2\/media?parent=29239"}],"wp:term":[{"taxonomy":"category","embeddable":true,"href":"https:\/\/www.psib-psoe.org\/mallorca\/wp-json\/wp\/v2\/categories?post=29239"},{"taxonomy":"post_tag","embeddable":true,"href":"https:\/\/www.psib-psoe.org\/mallorca\/wp-json\/wp\/v2\/tags?post=29239"}],"curies":[{"name":"wp","href":"https:\/\/api.w.org\/{rel}","templated":true}]}}