{"id":29252,"date":"2024-11-26T15:55:22","date_gmt":"2024-11-26T13:55:22","guid":{"rendered":"https:\/\/www.psib-psoe.org\/mallorca\/?p=29252"},"modified":"2024-11-27T19:49:01","modified_gmt":"2024-11-27T17:49:01","slug":"els-socialistes-denuncien-la-malversacio-de-diners-publics-que-suposa-destinar-191-me-a-subvencionar-la-tarifa-del-tractament-de-residus-solids-urbans-a-mallorca","status":"publish","type":"post","link":"https:\/\/www.psib-psoe.org\/mallorca\/els-socialistes-denuncien-la-malversacio-de-diners-publics-que-suposa-destinar-191-me-a-subvencionar-la-tarifa-del-tractament-de-residus-solids-urbans-a-mallorca\/","title":{"rendered":"Els Socialistes s\u2019oposen a la subvenci\u00f3 de 19,1 M\u20ac del Consell de Mallorca a la concession\u00e0ria del tractament dels residus s\u00f2lids urbans de Mallorca. \u00a0"},"content":{"rendered":"<div class=\"wpb-content-wrapper\">\n<p><\/p>\n\n\n\n<p><\/p>\n\n\n\n<figure class=\"wp-block-image size-large is-style-default\"><img loading=\"lazy\" decoding=\"async\" width=\"1024\" height=\"768\" src=\"http:\/\/www.psib-psoe.org\/mallorca\/wp-content\/uploads\/Minut-silenci-DANA-1024x768.jpeg\" alt=\"\" class=\"wp-image-29220\" srcset=\"https:\/\/www.psib-psoe.org\/mallorca\/wp-content\/uploads\/Minut-silenci-DANA-1024x768.jpeg 1024w, https:\/\/www.psib-psoe.org\/mallorca\/wp-content\/uploads\/Minut-silenci-DANA-300x225.jpeg 300w, https:\/\/www.psib-psoe.org\/mallorca\/wp-content\/uploads\/Minut-silenci-DANA-768x576.jpeg 768w, https:\/\/www.psib-psoe.org\/mallorca\/wp-content\/uploads\/Minut-silenci-DANA-1536x1152.jpeg 1536w, https:\/\/www.psib-psoe.org\/mallorca\/wp-content\/uploads\/Minut-silenci-DANA-150x113.jpeg 150w, https:\/\/www.psib-psoe.org\/mallorca\/wp-content\/uploads\/Minut-silenci-DANA-600x450.jpeg 600w, https:\/\/www.psib-psoe.org\/mallorca\/wp-content\/uploads\/Minut-silenci-DANA-900x675.jpeg 900w, https:\/\/www.psib-psoe.org\/mallorca\/wp-content\/uploads\/Minut-silenci-DANA-20x16.jpeg 20w, https:\/\/www.psib-psoe.org\/mallorca\/wp-content\/uploads\/Minut-silenci-DANA.jpeg 2048w\" sizes=\"(max-width: 1024px) 100vw, 1024px\" \/><\/figure>\n\n\n[vc_row][vc_column][vc_column_text]\n<p><em><u> El Grup Socialista al Consell de Mallorca ha votat en contra de la modificaci\u00f3 de cr\u00e8dit que en realitat suposa una subvenci\u00f3 de 19,1 M\u20ac directa al compte de resultats de l\u2019empresa que gestiona la concessi\u00f3 del tractament dels fems dels ajuntaments de Mallorca. La portaveu socialista, Catalina Cladera, ha criticat la manca d\u2019explicacions de l\u2019equip de govern sobre aquest suplement a la tarifa que ja est\u00e0 acordada per contracte. PPVox pret\u00e9n fer veure que congela la tarifa de fems dels ajuntaments per 2025, quan en realitat la mateixa concession\u00e0ria ha xifrat la tarifa de 2025 en 176 \u20ac\/tona de residus, amb un increment del 53% del preu actual. El ple ha registrat la pres\u00e8ncia de diversos treballadors de TIRME que han intervingut en la sessi\u00f3 per manifestar el malestar amb la gesti\u00f3 dels recursos humans que fa la companyia.            <\/u><\/em><\/p>\n[\/vc_column_text][\/vc_column][\/vc_row]\n\n\n[vc_row][vc_column][vc_column_text]\n<p>Desacord socialista en el ple extraordinari del Consell de Mallorca convocat expressament per aprovar la subvenci\u00f3 de 19,1 M\u20ac que es lliura a TIRME, l\u2019empresa que gestiona el tractament dels RSU a Mallorca. Cladera ha reclamat al conseller d\u2019Hisenda, Rafel Bosch, i al de Medi Ambient, Pedro Bestard, les explicacions pertinents que justifiquin l\u2019aportaci\u00f3 suplement\u00e0ria a la concession\u00e0ria, per\u00f2 ha estat en debades. \u201cEls 19 milions d\u2019euros surten dels romanents de tresoreria del Consell, s\u00f3n doblers dels ciutadans que es podrien destinar a altres finalitats, com resid\u00e8ncies de gent gran, ampliar el SAID, menors, ajudes a persones que tenen dificultats per arribar a final de mes&#8230;\u201d ha afirmat Cladera, desmuntant les excuses de PPVox que volien fer entendre que l\u2019aportaci\u00f3 econ\u00f2mica a TIRME no sortia de les butxaques dels ciutadans.  <\/p>\n<p>Els Socialistes de Mallorca han mostrat total oposici\u00f3 a l\u2019aportaci\u00f3 subvenci\u00f3 suplement\u00e0ria a la concession\u00e0ria del servei de tractament de RSU, \u201cun malbaratament i una manca de gesti\u00f3 i negociaci\u00f3 de Galm\u00e9s\u201d. Cladera ha trobat a faltar les explicacions i ha acusat l\u2019equip de govern de \u201cmanca de transpar\u00e8ncia, per que no han mostrat els informes que justifiquin la tarifa\u201d. La socialista ha insistit per poder sentir el parer del conseller responsable de la mat\u00e8ria, Pedro Bestard, per\u00f2 aquest no ha pres la paraula en cap moment del ple, com tampoc ho va fer en la Comissi\u00f3 Informativa de la setmana passada, a on va delegar la seva intervenci\u00f3 en la Directora insular de Residus, Margalida Roig.   <\/p>\n<p>Per Cladera l\u2019actitud del Consell en aquest tema suposa \u201cmalversar doblers p\u00fablics, diners de tots els mallorquins que no es gestionen be, per que Galm\u00e9s prefereix donar subvencions a una empresa privada abans que prioritzar les necessitats dels ciutadans\u201d. <\/p>\n<p>L\u2019aprovada avui \u00e9s la segona aportaci\u00f3 suplet\u00f2ria i incondicionada que fa Galm\u00e9s Consell de Mallorca en dos anys de legislatura, per un total de 62 M\u20ac  Una mala gesti\u00f3 econ\u00f2mica que es trasllada a uns pressupostos del Consell per 2025 que assumeixen una retallada de 26 milions de l\u2019aportaci\u00f3 del Govern de Prohens, i que en canvi recorren a l\u2019endeutament per valor d\u2019aquests 26 milions per maquillar aquesta baixada d\u2019ingressos.  <\/p>\n<p>El ple ha registrat la pres\u00e8ncia d\u2019un col\u00b7lectiu de treballadors i treballadores de TIRME, que han intervingut en la sessi\u00f3, per manifestar el seu malestar per la situaci\u00f3 laboral a la companyia, malgrat que el Consell de Mallorca aporta recursos suplementaris que en la seva opini\u00f3, no repercuteixen en la millora de les condicions socials dels operaris.  <\/p>\n[\/vc_column_text][\/vc_column][\/vc_row]\n\n\n\n<figure class=\"wp-block-audio\"><audio controls src=\"https:\/\/www.psib-psoe.org\/mallorca\/wp-content\/uploads\/Tall-Catalina-Tirme-ple-271124.mp3\"><\/audio><\/figure>\n\n\n\n<p><\/p>\n<\/div>","protected":false},"excerpt":{"rendered":"[vc_row][vc_column][vc_column_text] El Grup Socialista al Consell de Mallorca ha votat en contra de la modificaci\u00f3 de cr\u00e8dit que en realitat suposa una subvenci\u00f3 de 19,1 M\u20ac directa al compte de resultats de l\u2019empresa que gestiona la concessi\u00f3 del tractament dels fems dels ajuntaments de Mallorca. La portaveu socialista, Catalina Cladera, ha criticat la manca d\u2019explicacions&hellip;","protected":false},"author":3,"featured_media":29220,"comment_status":"closed","ping_status":"closed","sticky":false,"template":"","format":"standard","meta":{"footnotes":""},"categories":[2,1,90,92],"tags":[105,83,77,226,84,580],"class_list":["post-29252","post","type-post","status-publish","format-standard","has-post-thumbnail","hentry","category-federacio-de-mallorca","category-federacio-de-mallorca-portada","category-municipis","category-portada","tag-catalina-cladera","tag-consell-de-mallorca","tag-federacio-socialista-de-mallorca","tag-javier-de-juan","tag-psib-psoe","tag-tirme"],"_links":{"self":[{"href":"https:\/\/www.psib-psoe.org\/mallorca\/wp-json\/wp\/v2\/posts\/29252"}],"collection":[{"href":"https:\/\/www.psib-psoe.org\/mallorca\/wp-json\/wp\/v2\/posts"}],"about":[{"href":"https:\/\/www.psib-psoe.org\/mallorca\/wp-json\/wp\/v2\/types\/post"}],"author":[{"embeddable":true,"href":"https:\/\/www.psib-psoe.org\/mallorca\/wp-json\/wp\/v2\/users\/3"}],"replies":[{"embeddable":true,"href":"https:\/\/www.psib-psoe.org\/mallorca\/wp-json\/wp\/v2\/comments?post=29252"}],"version-history":[{"count":3,"href":"https:\/\/www.psib-psoe.org\/mallorca\/wp-json\/wp\/v2\/posts\/29252\/revisions"}],"predecessor-version":[{"id":29259,"href":"https:\/\/www.psib-psoe.org\/mallorca\/wp-json\/wp\/v2\/posts\/29252\/revisions\/29259"}],"wp:featuredmedia":[{"embeddable":true,"href":"https:\/\/www.psib-psoe.org\/mallorca\/wp-json\/wp\/v2\/media\/29220"}],"wp:attachment":[{"href":"https:\/\/www.psib-psoe.org\/mallorca\/wp-json\/wp\/v2\/media?parent=29252"}],"wp:term":[{"taxonomy":"category","embeddable":true,"href":"https:\/\/www.psib-psoe.org\/mallorca\/wp-json\/wp\/v2\/categories?post=29252"},{"taxonomy":"post_tag","embeddable":true,"href":"https:\/\/www.psib-psoe.org\/mallorca\/wp-json\/wp\/v2\/tags?post=29252"}],"curies":[{"name":"wp","href":"https:\/\/api.w.org\/{rel}","templated":true}]}}