{"id":29261,"date":"2024-11-28T14:55:20","date_gmt":"2024-11-28T12:55:20","guid":{"rendered":"https:\/\/www.psib-psoe.org\/mallorca\/?p=29261"},"modified":"2024-11-28T14:55:22","modified_gmt":"2024-11-28T12:55:22","slug":"els-batles-socialistes-de-mallorca-alerten-de-lus-partidista-de-govern-i-felib-de-les-inversions-de-lits-en-favor-dels-ajuntaments-del-pp","status":"publish","type":"post","link":"https:\/\/www.psib-psoe.org\/mallorca\/els-batles-socialistes-de-mallorca-alerten-de-lus-partidista-de-govern-i-felib-de-les-inversions-de-lits-en-favor-dels-ajuntaments-del-pp\/","title":{"rendered":"Els batles socialistes de Mallorca alerten de l\u2019\u00fas partidista de Govern i FELIB de les inversions de l\u2019ITS en favor dels ajuntaments del PP.\u00a0\u00a0\u00a0"},"content":{"rendered":"<div class=\"wpb-content-wrapper\">\n<p><\/p>\n\n\n\n<p><\/p>\n\n\n\n<figure class=\"wp-block-image size-large is-style-default\"><img loading=\"lazy\" decoding=\"async\" width=\"1024\" height=\"675\" src=\"https:\/\/www.psib-psoe.org\/mallorca\/wp-content\/uploads\/Batles-ITS-281124-1024x675.jpeg\" alt=\"\" class=\"wp-image-29262\" srcset=\"https:\/\/www.psib-psoe.org\/mallorca\/wp-content\/uploads\/Batles-ITS-281124-1024x675.jpeg 1024w, https:\/\/www.psib-psoe.org\/mallorca\/wp-content\/uploads\/Batles-ITS-281124-300x198.jpeg 300w, https:\/\/www.psib-psoe.org\/mallorca\/wp-content\/uploads\/Batles-ITS-281124-768x506.jpeg 768w, https:\/\/www.psib-psoe.org\/mallorca\/wp-content\/uploads\/Batles-ITS-281124-1536x1013.jpeg 1536w, https:\/\/www.psib-psoe.org\/mallorca\/wp-content\/uploads\/Batles-ITS-281124-2048x1350.jpeg 2048w, https:\/\/www.psib-psoe.org\/mallorca\/wp-content\/uploads\/Batles-ITS-281124-150x99.jpeg 150w, https:\/\/www.psib-psoe.org\/mallorca\/wp-content\/uploads\/Batles-ITS-281124-600x396.jpeg 600w, https:\/\/www.psib-psoe.org\/mallorca\/wp-content\/uploads\/Batles-ITS-281124-900x593.jpeg 900w, https:\/\/www.psib-psoe.org\/mallorca\/wp-content\/uploads\/Batles-ITS-281124-20x13.jpeg 20w\" sizes=\"(max-width: 1024px) 100vw, 1024px\" \/><\/figure>\n\n\n[vc_row][vc_column][vc_column_text]\n<p><em><u> Els batles de Consell, Pollen\u00e7a, Puigpunyent, Art\u00e0, Inca, Santa Eug\u00e8nia i la batlessa d\u2019Algaida han coincidit en assenyalar l\u2019obscurantisme i la manca de transpar\u00e8ncia en la gesti\u00f3 de les subvencions que l\u2019ITS 2024 ha reservat per a projectes municipals sota gesti\u00f3 de la FELIB, i en especial les obres d\u2019infraestructures del cicle de l\u2019aigua que tutela la Consellera de la Mar del Govern de les Illes Balears. Govern i FELIB prioritzen els projectes promoguts des d\u2019ajuntaments del PP, en detriment dels que han presentat els municipis amb batle o batlessa socialista. La secret\u00e0ria general de la FSM, Catalina Cladera ha exigit un canvi en la gesti\u00f3 de l\u2019ITS que no pot servir per beneficiar uns ciutadans sobre els altres en funci\u00f3 de l\u2019opci\u00f3 pol\u00edtica de cada batlia.  <\/p>\n<p>         <\/u><\/em><\/p>\n[\/vc_column_text][\/vc_column][\/vc_row]\n\n\n[vc_row][vc_column][vc_column_text]\n<p>A finals del mes de novembre de 2024 no hi ha const\u00e0ncia de que cap dels projectes d\u2019obres municipals finan\u00e7ades amb l\u2019Impost del Turisme Sostenible de 2024 que han presentat els set ajuntaments governats pels socialistes hagin estat aprovats. Projectes que superen en quantia els 20 milions d\u2019euros en conjunt, ja siguin per projectes del Cicle de l\u2019Aigua o per altra tipus de millores en infraestructures als pobles. Aquesta coincid\u00e8ncia, i les maniobres fetes des de la FELIB i el Govern han posat en alerta tots els batles, que avui p\u00fablicament han al\u00e7at la veu.  <\/p>\n<p>\u201cDenunciem el repartiment poc transparent i esbiaixat dels fons de l\u2019Impost del Turisme Sostenible que han fet Govern i FELIB, per afavorir els projectes presentats pel ajuntaments del PP\u201d, ha afirmat Cladera. \u201cDe moment ja ens ha quedat clar que la FELIB ha repartit doblers entre els ajuntaments del PP\u201d. Cladera ha exigit que el repartiment de les partides i subvencions que queden pendents es facin amb criteris \u201cm\u00e9s justos\u201d.  <\/p>\n<p>El portaveu del Grup Parlamentari Socialista, Iago Negueruela ha valorat que es mantingui en funcionament un instrument com l\u2019ITS, creat en 2016 sota la presid\u00e8ncia de Francina Armengol al Govern. Per\u00f2 ha criticat que l\u2019actual gesti\u00f3 del PP pugui \u201ccanviar els criteris de repartiment establerts en la convocat\u00f2ria, i fer-ho amb obscurantisme per beneficiar els seus ajuntaments; denunciem aquesta manca de transpar\u00e8ncia i aquesta discriminaci\u00f3 clara\u201d.  <\/p>\n<p>El batle de Pollen\u00e7a, Mart\u00ed March, ha remarcat que els canvis de criteris en les convocat\u00f2ries afecten la \u201cfeina feta des dels ajuntaments durant tots aquests mesos, per presentar els projectes\u201d.  March ha fet una crida al PP a la \u201clleialtat institucional a l\u2019hora de repartir aquests recursos, per evitar que els fons de l\u2019ITS acabin essent finan\u00e7ament per als municipis del PP\u201d.  <\/p>\n[\/vc_column_text][\/vc_column][\/vc_row]\n\n\n\n<figure class=\"wp-block-audio\"><audio controls src=\"https:\/\/www.psib-psoe.org\/mallorca\/wp-content\/uploads\/281124_CATALINA-CLADERA-RDP-ITS.mp3\"><\/audio><\/figure>\n\n\n\n<figure class=\"wp-block-audio\"><audio controls src=\"https:\/\/www.psib-psoe.org\/mallorca\/wp-content\/uploads\/281124_IAGO-NEGUERUELA-RDP-ITS.mp3\"><\/audio><\/figure>\n\n\n\n<figure class=\"wp-block-audio\"><audio controls src=\"https:\/\/www.psib-psoe.org\/mallorca\/wp-content\/uploads\/281124_MARTI-MARCHRDP-ITS.mp3\"><\/audio><\/figure>\n\n\n\n<p><\/p>\n<\/div>","protected":false},"excerpt":{"rendered":"[vc_row][vc_column][vc_column_text] Els batles de Consell, Pollen\u00e7a, Puigpunyent, Art\u00e0, Inca, Santa Eug\u00e8nia i la batlessa d\u2019Algaida han coincidit en assenyalar l\u2019obscurantisme i la manca de transpar\u00e8ncia en la gesti\u00f3 de les subvencions que l\u2019ITS 2024 ha reservat per a projectes municipals sota gesti\u00f3 de la FELIB, i en especial les obres d\u2019infraestructures del cicle de l\u2019aigua&hellip;","protected":false},"author":3,"featured_media":29262,"comment_status":"closed","ping_status":"closed","sticky":false,"template":"","format":"standard","meta":{"footnotes":""},"categories":[2,1,90,92],"tags":[293,262,227,105,77,468,504,477,423,430,288,329],"class_list":["post-29261","post","type-post","status-publish","format-standard","has-post-thumbnail","hentry","category-federacio-de-mallorca","category-federacio-de-mallorca-portada","category-municipis","category-portada","tag-andreu-isern","tag-antoni-mari","tag-antonia-sastre","tag-catalina-cladera","tag-federacio-socialista-de-mallorca","tag-iago-negueruela","tag-juana-m-adrover","tag-manolo-galan","tag-marga-fullana","tag-marti-march","tag-pep-lluis-urraca","tag-virgilio-moreno"],"_links":{"self":[{"href":"https:\/\/www.psib-psoe.org\/mallorca\/wp-json\/wp\/v2\/posts\/29261"}],"collection":[{"href":"https:\/\/www.psib-psoe.org\/mallorca\/wp-json\/wp\/v2\/posts"}],"about":[{"href":"https:\/\/www.psib-psoe.org\/mallorca\/wp-json\/wp\/v2\/types\/post"}],"author":[{"embeddable":true,"href":"https:\/\/www.psib-psoe.org\/mallorca\/wp-json\/wp\/v2\/users\/3"}],"replies":[{"embeddable":true,"href":"https:\/\/www.psib-psoe.org\/mallorca\/wp-json\/wp\/v2\/comments?post=29261"}],"version-history":[{"count":1,"href":"https:\/\/www.psib-psoe.org\/mallorca\/wp-json\/wp\/v2\/posts\/29261\/revisions"}],"predecessor-version":[{"id":29266,"href":"https:\/\/www.psib-psoe.org\/mallorca\/wp-json\/wp\/v2\/posts\/29261\/revisions\/29266"}],"wp:featuredmedia":[{"embeddable":true,"href":"https:\/\/www.psib-psoe.org\/mallorca\/wp-json\/wp\/v2\/media\/29262"}],"wp:attachment":[{"href":"https:\/\/www.psib-psoe.org\/mallorca\/wp-json\/wp\/v2\/media?parent=29261"}],"wp:term":[{"taxonomy":"category","embeddable":true,"href":"https:\/\/www.psib-psoe.org\/mallorca\/wp-json\/wp\/v2\/categories?post=29261"},{"taxonomy":"post_tag","embeddable":true,"href":"https:\/\/www.psib-psoe.org\/mallorca\/wp-json\/wp\/v2\/tags?post=29261"}],"curies":[{"name":"wp","href":"https:\/\/api.w.org\/{rel}","templated":true}]}}