{"id":29268,"date":"2024-12-04T15:14:07","date_gmt":"2024-12-04T13:14:07","guid":{"rendered":"https:\/\/www.psib-psoe.org\/mallorca\/?p=29268"},"modified":"2024-12-04T15:14:09","modified_gmt":"2024-12-04T13:14:09","slug":"el-conveni-per-a-lobertura-de-la-torre-picada-signat-per-lajuntament-de-soller-i-el-consell-de-mallorca-no-compleix-amb-la-llei-de-patrimoni","status":"publish","type":"post","link":"https:\/\/www.psib-psoe.org\/mallorca\/el-conveni-per-a-lobertura-de-la-torre-picada-signat-per-lajuntament-de-soller-i-el-consell-de-mallorca-no-compleix-amb-la-llei-de-patrimoni\/","title":{"rendered":"El conveni per a l\u2019obertura de la Torre Picada signat per l\u2019Ajuntament de S\u00f3ller i el Consell de Mallorca no compleix amb la Llei de Patrimoni"},"content":{"rendered":"<div class=\"wpb-content-wrapper\">\n<figure class=\"wp-block-image size-large is-style-default\"><img loading=\"lazy\" decoding=\"async\" width=\"1024\" height=\"768\" src=\"http:\/\/www.psib-psoe.org\/mallorca\/wp-content\/uploads\/Torre-Picada-1-1024x768.jpeg\" alt=\"\" class=\"wp-image-28501\" srcset=\"https:\/\/www.psib-psoe.org\/mallorca\/wp-content\/uploads\/Torre-Picada-1-1024x768.jpeg 1024w, https:\/\/www.psib-psoe.org\/mallorca\/wp-content\/uploads\/Torre-Picada-1-300x225.jpeg 300w, https:\/\/www.psib-psoe.org\/mallorca\/wp-content\/uploads\/Torre-Picada-1-768x576.jpeg 768w, https:\/\/www.psib-psoe.org\/mallorca\/wp-content\/uploads\/Torre-Picada-1-150x113.jpeg 150w, https:\/\/www.psib-psoe.org\/mallorca\/wp-content\/uploads\/Torre-Picada-1-600x450.jpeg 600w, https:\/\/www.psib-psoe.org\/mallorca\/wp-content\/uploads\/Torre-Picada-1-900x675.jpeg 900w, https:\/\/www.psib-psoe.org\/mallorca\/wp-content\/uploads\/Torre-Picada-1-20x16.jpeg 20w\" sizes=\"(max-width: 1024px) 100vw, 1024px\" \/><\/figure>\n\n\n[vc_row][vc_column][vc_column_text]\n<p><em><u> El portaveu socialista a S\u00f3ller, Jaume Mateu, alerta que el pacte per obrir la Torre Picada unes hores al mes \u00e9s contrari a la Llei de Patrimoni Hist\u00f2ric de les Illes Balears, que obliga a un major acc\u00e9s dels Bens d\u2019Inter\u00e8s Cultural per a la ciutadania. El socialista exigeix explicacions p\u00fabliques a l\u2019Ajuntament de S\u00f3ller, signant de l\u2019acord d\u2019obertura de la Torre Picada juntament amb el Consell de Mallorca <\/u><\/em><\/p>\n[\/vc_column_text][\/vc_column][\/vc_row]\n\n\n[vc_row][vc_column][vc_column_text]\n<p>El recent conveni per permetre l\u2019obertura de la Torre Picada al p\u00fablic \u00e9s insuficient i contrav\u00e9 les obligacions m\u00ednimes d\u2019acc\u00e9s al p\u00fablic que marca la Llei de Patrimoni de Balears. Entre d\u2019altres incompliments, els Socialistes de S\u00f3ller tamb\u00e9 assenyalen que   el Conveni hauria d\u2019haver passat per Ple municipal abans de la seva signatura.<\/p>\n<p>El portaveu dels Socialistes a S\u00f3ller, Jaume Mateu diu que \u201csegons el que hem vist a premsa, al conveni signat entre l\u2019Ajuntament de S\u00f3ller i el Consell de Mallorca preveu \u00fanicament l\u2019obertura unes hores al mes. Si aix\u00f2 es confirma estarem davant un incompliment de la Llei de Patrimoni Hist\u00f2ric de les Balears, a m\u00e9s de no complir amb un tr\u00e0mit obligatori com seria passar pel Ple de l\u2019Ajuntament abans de la seva signatura\u201d. Mateu exigeix a l\u2019equip de govern que \u201cconvoqui amb urg\u00e8ncia una Comissi\u00f3 Informativa d\u2019Urbanisme i Patrimoni a on se\u2019ns donin les explicacions oportunes respecte a aquesta decisi\u00f3\u201d.<\/p>\n<p>La Torre Picada \u00e9s un element catalogat com a B\u00e9 d\u2019Inter\u00e8s Cultural, i com a tal est\u00e0 regulat per la Llei de Patrimoni Hist\u00f2ric (12\/1998). I aquesta catalogaci\u00f3 suposa, entre d\u2019altres, respectar un r\u00e8gim d\u2019acc\u00e9s p\u00fablic a aquests elements. En concret, l\u2019article 34 de la Llei de Patrimoni Hist\u00f2ric estableix que s\u2019han d\u2019establir un m\u00ednim de quatre dies de visita al mes, en dies assenyalats. Un r\u00e8gim d\u2019obertura que nom\u00e9s es pot ometre en casos molt justificats que no es donen en el cas de la Torre Picada, at\u00e8s que \u00e9s una propietat p\u00fablica.<\/p>\n<p>\u201cConsideram que el retard en la signatura del conveni i la manca de transpar\u00e8ncia en la seva tramitaci\u00f3 s\u00f3n un exemple de la mala gesti\u00f3 d\u2019aquest assumpte per part de l\u2019equip de govern de S\u00f3ller i del Consell de Mallorca\u201d. La Torre Picada \u00e9s una edificaci\u00f3 emblem\u00e0tica dels sollerics que ja fa m\u00e9s de dos anys que va ser adquirida pel Consell, despr\u00e9s d\u2019anys de peticions des del mateix Ajuntament. \u201cFa 1 any i mig que el batle de S\u00f3ller te aquesta q\u00fcesti\u00f3 pendent de resoldre i no ha estat capa\u00e7 ni tan sols d\u2019establir un sistema de visites i d\u2019obertura de la torre que estiguin a l\u2019al\u00e7ada de la import\u00e0ncia d\u2019aquest monument per a tots els sollerics i solleriques.\u201d <\/p>\n[\/vc_column_text][\/vc_column][\/vc_row]\n\n\n\n<figure class=\"wp-block-audio\"><audio controls src=\"https:\/\/www.psib-psoe.org\/mallorca\/wp-content\/uploads\/Jaume-Mateu-Torre-Picada.ogg\"><\/audio><\/figure>\n<\/div>","protected":false},"excerpt":{"rendered":"[vc_row][vc_column][vc_column_text] El portaveu socialista a S\u00f3ller, Jaume Mateu, alerta que el pacte per obrir la Torre Picada unes hores al mes \u00e9s contrari a la Llei de Patrimoni Hist\u00f2ric de les Illes Balears, que obliga a un major acc\u00e9s dels Bens d\u2019Inter\u00e8s Cultural per a la ciutadania. El socialista exigeix explicacions p\u00fabliques a l\u2019Ajuntament de&hellip;","protected":false},"author":6,"featured_media":28501,"comment_status":"closed","ping_status":"closed","sticky":false,"template":"","format":"standard","meta":{"footnotes":""},"categories":[2,1,90,92],"tags":[293,262,227,105,77,468,504,477,423,430,288,329],"class_list":["post-29268","post","type-post","status-publish","format-standard","has-post-thumbnail","hentry","category-federacio-de-mallorca","category-federacio-de-mallorca-portada","category-municipis","category-portada","tag-andreu-isern","tag-antoni-mari","tag-antonia-sastre","tag-catalina-cladera","tag-federacio-socialista-de-mallorca","tag-iago-negueruela","tag-juana-m-adrover","tag-manolo-galan","tag-marga-fullana","tag-marti-march","tag-pep-lluis-urraca","tag-virgilio-moreno"],"_links":{"self":[{"href":"https:\/\/www.psib-psoe.org\/mallorca\/wp-json\/wp\/v2\/posts\/29268"}],"collection":[{"href":"https:\/\/www.psib-psoe.org\/mallorca\/wp-json\/wp\/v2\/posts"}],"about":[{"href":"https:\/\/www.psib-psoe.org\/mallorca\/wp-json\/wp\/v2\/types\/post"}],"author":[{"embeddable":true,"href":"https:\/\/www.psib-psoe.org\/mallorca\/wp-json\/wp\/v2\/users\/6"}],"replies":[{"embeddable":true,"href":"https:\/\/www.psib-psoe.org\/mallorca\/wp-json\/wp\/v2\/comments?post=29268"}],"version-history":[{"count":1,"href":"https:\/\/www.psib-psoe.org\/mallorca\/wp-json\/wp\/v2\/posts\/29268\/revisions"}],"predecessor-version":[{"id":29270,"href":"https:\/\/www.psib-psoe.org\/mallorca\/wp-json\/wp\/v2\/posts\/29268\/revisions\/29270"}],"wp:featuredmedia":[{"embeddable":true,"href":"https:\/\/www.psib-psoe.org\/mallorca\/wp-json\/wp\/v2\/media\/28501"}],"wp:attachment":[{"href":"https:\/\/www.psib-psoe.org\/mallorca\/wp-json\/wp\/v2\/media?parent=29268"}],"wp:term":[{"taxonomy":"category","embeddable":true,"href":"https:\/\/www.psib-psoe.org\/mallorca\/wp-json\/wp\/v2\/categories?post=29268"},{"taxonomy":"post_tag","embeddable":true,"href":"https:\/\/www.psib-psoe.org\/mallorca\/wp-json\/wp\/v2\/tags?post=29268"}],"curies":[{"name":"wp","href":"https:\/\/api.w.org\/{rel}","templated":true}]}}